{"id":21780,"date":"2020-04-19T10:55:13","date_gmt":"2020-04-19T10:55:13","guid":{"rendered":"https:\/\/htb.com.pl\/?p=21780"},"modified":"2020-04-20T05:03:55","modified_gmt":"2020-04-20T05:03:55","slug":"glosowanie-tajne","status":"publish","type":"post","link":"https:\/\/htb.com.pl\/?p=21780","title":{"rendered":"G\u0142osowanie tajne"},"content":{"rendered":"\n<p><\/p>\n\n\n\n<figure class=\"wp-block-image size-large\"><img loading=\"lazy\" decoding=\"async\" width=\"271\" height=\"186\" src=\"https:\/\/htb.com.pl\/wp-content\/uploads\/2018\/04\/pa\u0142ac.jpg\" alt=\"\" class=\"wp-image-218\"\/><\/figure>\n\n\n\n<p>Na moim blogu kolejne wpisy to wydarzenia z ostatnich dni. Staram si\u0119 opisywa\u0107 je tak, jak widzia\u0142aby to Marysia &#8211; kiedy\u015b moja dziewczyna. Pisa\u0142em o niej wcze\u015bniej. <\/p>\n\n\n\n<p>Ostatnio panuje pandemia koronawirusa ale w  Polsce mamy jeszcze inne nieszcz\u0119\u015bcie. W 2015 roku dokonano zamachu stanu &#8211; jacy\u015b ludzie przej\u0119li w\u0142adz\u0119, a swoimi reprezentantami uczynili cz\u0119\u015b\u0107 klasy politycznej. Mam wra\u017ceni, \u017ce ci nieszcz\u0119\u015bnicy nie zawsze nawet wiedz\u0105, \u017ce s\u0105 manipulowani. S\u0105 po prostu zastraszeni, wisi nad nimi widmo uczciwej pracy, prokurator albo ju\u017c s\u0119dzia &#8211; my\u015bl\u0105, \u017ce jak przegraj\u0105 wybory, to p\u00f3jd\u0105 do pracy albo do wi\u0119zienia. W takim przekonaniu utrzymuj\u0105 ich ludzie, kt\u00f3rzy naprawd\u0119 w Polsce rz\u0105dz\u0105, czyli mafia.<\/p>\n\n\n\n<p>Marysia ostrzega\u0142a przed takim scenariuszem, moje ostatnie wpisy opisuj\u0105 takie ostrze\u017cenia. <\/p>\n\n\n\n<p>20.04.2020 roku, cz\u0119\u015b\u0107 polityk\u00f3w manipulowanych przez mafi\u0119, chce wyrolowa\u0107 tych, co nic nie kumaj\u0105 ale dobrze si\u0119 maj\u0105 i o ten sw\u00f3j status polityka dbaj\u0105. To ju\u017c koniec kochani, tak si\u0119 d\u0142u\u017cej nie da, bo tak jest do bani.<\/p>\n\n\n\n<p>Wybory prezydenckie trzeba przeprowadzi\u0107. Mafia zaproponowa\u0142a, \u017ceby ca\u0142\u0105 operacj\u0119 odwlec o dwa lata. To wymaga zmiany Konstytucji. I to moim zdaniem mo\u017ce by\u0107 wsp\u00f3lny mianownik <a href=\"https:\/\/htb.com.pl\/?p=1966\"><img loading=\"lazy\" decoding=\"async\" width=\"150\" height=\"100\" class=\"wp-image-1985\" style=\"width: 150px;\" src=\"https:\/\/htb.com.pl\/wp-content\/uploads\/2018\/10\/w\u00f3dka.jpg\" alt=\"\" srcset=\"https:\/\/htb.com.pl\/wp-content\/uploads\/2018\/10\/w\u00f3dka.jpg 660w, https:\/\/htb.com.pl\/wp-content\/uploads\/2018\/10\/w\u00f3dka-300x200.jpg 300w, https:\/\/htb.com.pl\/wp-content\/uploads\/2018\/10\/w\u00f3dka-600x401.jpg 600w\" sizes=\"auto, (max-width: 150px) 100vw, 150px\" \/><\/a> &#8211; Majka zawsze go szuka\u0142a. Trzeba otworzy\u0107 tak\u0105 dyskusj\u0119 i stworzy\u0107 zapis, \u017ce prezydenta wybiera Zgromadzenie Narodowe, <strong>w tajnym g\u0142osowaniu<\/strong>. Tak w grudniu 1922 roku Gabriela Narutowicza wybrano. Wtedy \u017ale si\u0119 sko\u0144czy\u0142o, kilka dni p\u00f3\u017aniej prezydent zgin\u0105\u0142 w zamachu <img loading=\"lazy\" decoding=\"async\" width=\"150\" height=\"105\" class=\"wp-image-21788\" style=\"width: 150px;\" src=\"https:\/\/htb.com.pl\/wp-content\/uploads\/2020\/04\/Gr\u00f3b-narutowicza.jpg\" alt=\"\"> &#8211; by\u0142 najlepszy. Swojego konkurenta hr. Maurycego Zamoyskiego chcia\u0142 widzie\u0107 w swoim gabinecie. <\/p>\n\n\n\n<p>Dzi\u015b te\u017c jak wtedy, mamy partie wodzowskie i nawet naczelnika, kt\u00f3remu jak wtedy Pi\u0142sudskiemu Konstytucja si\u0119 nie podoba. Nie ma mowy o demokracji, gdy jest dyscyplina partyjna. &#8220;Naczelnik pa\u0144stwa&#8221; Jaros\u0142aw  Kaczy\u0144ski powie i reszta s\u0142ucha. Wtedy Pi\u0142sudski Stanis\u0142awa Wojciechowskiego popiera\u0142, dzi\u015b naczelnik ma Andrzeja Dud\u0119. <\/p>\n\n\n\n<p>Wtedy tajne g\u0142osowanie  kandydata Pi\u0142sudskiego uwali\u0142o, dzi\u015b trzeba, aby Kaczy\u0144skiemu z Dud\u0105 tak zrobi\u0142o. Pose\u0142 wreszcie b\u0119dzie reprezentowa\u0142 tych co go wybrali. Poni\u017cej tabela, jak w 1922 roku, pos\u0142owie i senatorowie,  sk\u0142\u00f3ceni jeszcze bardziej jak dzi\u015b na prezydenta g\u0142osowali <\/p>\n\n\n\n<figure class=\"wp-block-table\"><table class=\"\"><tbody><tr><th>Kandydat<\/th><th>I tura<\/th><th>II tura<\/th><th>III tura<\/th><th>IV tura<\/th><th>V tura<\/th><\/tr><tr><td><a href=\"https:\/\/pl.wikipedia.org\/wiki\/Ignacy_Daszy%C5%84ski\">Ignacy Daszy\u0144ski<\/a><\/td><td>49 (9,06%)<\/td><td>1 (0,18%)<\/td><td><em>odpad\u0142<\/em><\/td><\/tr><tr><td><a href=\"https:\/\/pl.wikipedia.org\/wiki\/Jan_Baudouin_de_Courtenay\">Jan Baudouin de Courtenay<\/a><\/td><td>103 (19,04%)<\/td><td>10 (1,84%)<\/td><td>5 (0,92%)<\/td><td><em>odpad\u0142<\/em><\/td><\/tr><tr><td><a href=\"https:\/\/pl.wikipedia.org\/wiki\/Gabriel_Narutowicz\">Gabriel Narutowicz<\/a><\/td><td>62 (11,46%)<\/td><td>151 (27,81%)<\/td><td>158 (29,21%)<\/td><td>171 (31,67%)<\/td><td>289 (56,01%)<\/td><\/tr><tr><td><a href=\"https:\/\/pl.wikipedia.org\/wiki\/Stanis%C5%82aw_Wojciechowski\">Stanis\u0142aw Wojciechowski<\/a><\/td><td>105 (19,41%)<\/td><td>153 (28,18%)<\/td><td>150 (27,73%)<\/td><td>145 (26,85%)<\/td><td><em>odpad\u0142<\/em><\/td><\/tr><tr><td><a href=\"https:\/\/pl.wikipedia.org\/wiki\/Maurycy_Zamoyski\">Maurycy Zamoyski<\/a><\/td><td>222 (41,04%)<\/td><td>228 (41,99%)<\/td><td>228 (42,14%)<\/td><td>224 (41,48%)<\/td><td>227 (43,99%)<\/td><\/tr><\/tbody><\/table><\/figure>\n\n\n\n<p><\/p>\n\n\n\n<h2 class=\"wp-block-heading\">Zr\u00f3bmy tak jak wtedy &#8211; a potem \u017ceby jak wtedy nie by\u0142o.<\/h2>\n\n\n\n<p><\/p>\n","protected":false},"excerpt":{"rendered":"<p>Na moim blogu kolejne wpisy to wydarzenia z ostatnich dni. Staram si\u0119 opisywa\u0107 je tak, jak widzia\u0142aby to Marysia &#8211; kiedy\u015b moja dziewczyna. Pisa\u0142em o niej wcze\u015bniej. Ostatnio panuje pandemia koronawirusa ale w Polsce mamy jeszcze inne nieszcz\u0119\u015bcie. W 2015 roku dokonano zamachu stanu &#8211; jacy\u015b ludzie przej\u0119li w\u0142adz\u0119, a swoimi reprezentantami uczynili cz\u0119\u015b\u0107 klasy [&hellip;]<\/p>\n","protected":false},"author":1,"featured_media":218,"comment_status":"open","ping_status":"open","sticky":false,"template":"","format":"standard","meta":{"_jetpack_memberships_contains_paid_content":false,"footnotes":""},"categories":[528],"tags":[589],"class_list":["post-21780","post","type-post","status-publish","format-standard","has-post-thumbnail","hentry","category-rower","tag-wybory-prezydenckie"],"jetpack_sharing_enabled":true,"jetpack_featured_media_url":"https:\/\/htb.com.pl\/wp-content\/uploads\/2018\/04\/pa\u0142ac.jpg","_links":{"self":[{"href":"https:\/\/htb.com.pl\/index.php?rest_route=\/wp\/v2\/posts\/21780","targetHints":{"allow":["GET"]}}],"collection":[{"href":"https:\/\/htb.com.pl\/index.php?rest_route=\/wp\/v2\/posts"}],"about":[{"href":"https:\/\/htb.com.pl\/index.php?rest_route=\/wp\/v2\/types\/post"}],"author":[{"embeddable":true,"href":"https:\/\/htb.com.pl\/index.php?rest_route=\/wp\/v2\/users\/1"}],"replies":[{"embeddable":true,"href":"https:\/\/htb.com.pl\/index.php?rest_route=%2Fwp%2Fv2%2Fcomments&post=21780"}],"version-history":[{"count":15,"href":"https:\/\/htb.com.pl\/index.php?rest_route=\/wp\/v2\/posts\/21780\/revisions"}],"predecessor-version":[{"id":21856,"href":"https:\/\/htb.com.pl\/index.php?rest_route=\/wp\/v2\/posts\/21780\/revisions\/21856"}],"wp:featuredmedia":[{"embeddable":true,"href":"https:\/\/htb.com.pl\/index.php?rest_route=\/wp\/v2\/media\/218"}],"wp:attachment":[{"href":"https:\/\/htb.com.pl\/index.php?rest_route=%2Fwp%2Fv2%2Fmedia&parent=21780"}],"wp:term":[{"taxonomy":"category","embeddable":true,"href":"https:\/\/htb.com.pl\/index.php?rest_route=%2Fwp%2Fv2%2Fcategories&post=21780"},{"taxonomy":"post_tag","embeddable":true,"href":"https:\/\/htb.com.pl\/index.php?rest_route=%2Fwp%2Fv2%2Ftags&post=21780"}],"curies":[{"name":"wp","href":"https:\/\/api.w.org\/{rel}","templated":true}]}}