{"id":21963,"date":"2020-04-24T07:18:00","date_gmt":"2020-04-24T07:18:00","guid":{"rendered":"https:\/\/htb.com.pl\/?p=21963"},"modified":"2020-05-10T11:35:55","modified_gmt":"2020-05-10T11:35:55","slug":"prezydent-ma-byc-jak-dobry-krol","status":"publish","type":"post","link":"https:\/\/htb.com.pl\/?p=21963","title":{"rendered":"Prezydent ma by\u0107 jak dobry kr\u00f3l"},"content":{"rendered":"\n<figure class=\"wp-block-gallery columns-1 is-cropped wp-block-gallery-1 is-layout-flex wp-block-gallery-is-layout-flex\"><ul class=\"blocks-gallery-grid\"><li class=\"blocks-gallery-item\"><figure><img loading=\"lazy\" decoding=\"async\" width=\"499\" height=\"600\" src=\"https:\/\/htb.com.pl\/wp-content\/uploads\/2020\/04\/herb.png\" alt=\"\" data-id=\"22103\" data-full-url=\"https:\/\/htb.com.pl\/wp-content\/uploads\/2020\/04\/herb.png\" data-link=\"https:\/\/htb.com.pl\/?attachment_id=22103\" class=\"wp-image-22103\" srcset=\"https:\/\/htb.com.pl\/wp-content\/uploads\/2020\/04\/herb.png 499w, https:\/\/htb.com.pl\/wp-content\/uploads\/2020\/04\/herb-250x300.png 250w\" sizes=\"auto, (max-width: 499px) 100vw, 499px\" \/><\/figure><\/li><\/ul><figcaption class=\"blocks-gallery-caption\">  HERB JAGIELLON\u00d3W<br>Krzy\u017c Lotary\u0144ski &#8211; chroni przed zaraz\u0105, szkoda, \u017ce przed g\u0142upot\u0105 nie chroni\u0142. Dzi\u015b jedno i drugie nas zaatakowa\u0142o. <\/figcaption><\/figure>\n\n\n\n<p><\/p>\n\n\n\n<p>Koronawirus w Polsce ci\u0105gle w natarciu, wzrasta liczba zaka\u017conych, a rz\u0105dz\u0105cy, opozycja i media m\u00f3wi\u0105 tylko o wyborach prezydenckich. To wa\u017cne kto obejmie ten urz\u0105d, Marysia (wcze\u015bniejsze wpisy) m\u00f3wi\u0142a, \u017ce prezydent ma by\u0107 jak dobry kr\u00f3l, to by\u0142 1987 rok, zbli\u017ca\u0142a si\u0119<a href=\"https:\/\/htb.com.pl\/?p=1152\"> trzecia pielgrzymka Jana Paw\u0142a II do Polsk<\/a>i i to w\u0142a\u015bnie Papie\u017c by\u0142 tym dobrym kr\u00f3lem &#8211; wzorcem na kt\u00f3rym nale\u017cy budowa\u0107 rz\u0105dy w Polsce. By\u0142o ju\u017c wida\u0107, \u017ce tylko przyst\u0105pienie do Rady Europy, dzi\u015b UE mo\u017ce ustawi\u0107 nasz kraj na w\u0142a\u015bciwym miejscu ale do tego potrzebna by\u0142a demokracja. To za\u015b oznacza\u0142o dopuszczenie do sprawowania w\u0142adzy tych, co w 1939 roku zwiali do Londynu zostawiaj\u0105c kraj okupantom i wywo\u0142ali wojn\u0119 domow\u0105. Marysia widzia\u0142a r\u00f3wnie\u017c z\u0142\u0105 polityk\u0119 kadrow\u0105 Watykanu i uwa\u017ca\u0142a, \u017ce ten problem mo\u017ce rozwi\u0105za\u0107 w\u0142a\u015bciwa edukacja. Trudno mie\u0107 dobr\u0105 polityk\u0119 kadrow\u0105, jak nie ma dobrych pracownik\u00f3w.<\/p>\n\n\n\n<p>Ona mia\u0142a inn\u0105 perspektyw\u0119, zna\u0142a zachodni \u015bwiat i terroryzm &#8211; walczy\u0142a z terrorystami. <\/p>\n\n\n\n<p>W poprzednim wpisie pisa\u0142em jak wed\u0142ug Marysi nale\u017cy wybiera\u0107 prezydenta, czyli przez Zgromadzenie Narodowe. Poda\u0142em przyk\u0142ad wyboru Gabriela Narutowicza, pierwszego prezydenta Polski, kt\u00f3ry kilka dni po zaprzysi\u0119\u017ceniu zgina\u0142 w zamachu. <a href=\"https:\/\/htb.com.pl\/?product=polscy-terrorysci\"><img loading=\"lazy\" decoding=\"async\" width=\"150\" height=\"233\" class=\"wp-image-3338\" style=\"width: 150px;\" src=\"https:\/\/htb.com.pl\/wp-content\/uploads\/2019\/03\/terrorysta.jpg\" alt=\"\" srcset=\"https:\/\/htb.com.pl\/wp-content\/uploads\/2019\/03\/terrorysta.jpg 200w, https:\/\/htb.com.pl\/wp-content\/uploads\/2019\/03\/terrorysta-194x300.jpg 194w\" sizes=\"auto, (max-width: 150px) 100vw, 150px\" \/><\/a> Nie podoba\u0142o si\u0119 J\u00f3zefowi Pi\u0142sudskiemu, \u017ce jego kandydat Stanis\u0142aw Wojciechowski nie zosta\u0142 prezydentem. Zab\u00f3jstwo Narutowicza sprawi\u0142o, \u017ce w kolejnych wyborach Wojciechowski wygra\u0142 ju\u017c w pierwszej turze. Pi\u0142sudski na dobre zacz\u0105\u0142 &#8220;swoje rz\u0105dy&#8221;. Obala\u0142 kolejnych premier\u00f3w &#8211; Wojciechowski jakoprezydent te\u017c mu si\u0119 nie podoba\u0142, bo chcia\u0142 ograniczy\u0107 jego wp\u0142yw na wojsko. Dosz\u0142o nawet do zamachu na prezydenta we Lwowie, 5 wrze\u015bnia 1924 roku. Tym razem zamach si\u0119 nie uda\u0142 ale ju\u017c Zamach Majowy z 12 -15 maja 1925 roku pozwoli\u0142 Pi\u0142sudskiemu zniszczy\u0107 buduj\u0105c\u0105 si\u0119 demokracj\u0119. <a href=\"https:\/\/htb.com.pl\/?p=3667\">Kolejarze zastrajkowali<\/a> i genera\u0142 Rozwadowski nie mia\u0142 w Warszawie wojska, \u017ceby rebeli\u0119 zdusi\u0107.<\/p>\n\n\n\n<p>To by\u0142o dok\u0142adnie 95 lat temu. Dzi\u015b kontynuatorzy sanacyjnej polityki Pi\u0142sudskiego s\u0105 w lepszej sytuacji. Przej\u0119li armi\u0119 i s\u0142u\u017cby specjalne. Jedyn\u0105 przeszkod\u0105 jest dla nich UE. Pan Jaros\u0142aw Kaczy\u0144ski wie, \u017ce tylko tam struktury demokratyczne dzia\u0142aj\u0105, a on  jest za kr\u00f3tki \u017ceby to rozwali\u0107. Postanowiono wyj\u015b\u0107 z UE i utworzy\u0107 <a href=\"https:\/\/htb.com.pl\/?p=18169\">Tr\u00f3jmorze<\/a>, takie sanacyjne Mi\u0119dzymorze, a o finansowanie poproszono Donalda Trumpa, prezydenta USA, kt\u00f3remu podoba si\u0119 rozwalanie UE &#8211; da\u0142 kas\u0119. Ale komu\u015b si\u0119 to nie spodoba\u0142o i zes\u0142a\u0142 pandemie koronawirusa.<\/p>\n\n\n\n<p>Ja prosi\u0142em Pana Boga, \u017ceby Mojego Anio\u0142ka <a href=\"https:\/\/htb.com.pl\/?p=252\"><img loading=\"lazy\" decoding=\"async\" width=\"150\" height=\"200\" class=\"wp-image-16774\" style=\"width: 150px;\" src=\"https:\/\/htb.com.pl\/wp-content\/uploads\/2020\/01\/anio\u0142ek.jpg\" alt=\"\" srcset=\"https:\/\/htb.com.pl\/wp-content\/uploads\/2020\/01\/anio\u0142ek.jpg 450w, https:\/\/htb.com.pl\/wp-content\/uploads\/2020\/01\/anio\u0142ek-225x300.jpg 225w\" sizes=\"auto, (max-width: 150px) 100vw, 150px\" \/><\/a> do spraw polskich postawi\u0142. Mo\u017ce pandemia koronawirusa jest ostrze\u017ceniem przed czym\u015b gorszym? Konflikt zbrojny jaki wisia\u0142 w powietrzy to znacznie wi\u0119cej ofiar i wi\u0119ksze nieszcz\u0119\u015bcie. Zauwa\u017cmy to &#8211; \u017ceby znowu nie pyta\u0107. Gdzie by\u0142 B\u00f3g?<\/p>\n\n\n\n<figure class=\"wp-block-image size-large\"><a href=\"https:\/\/htb.com.pl\/?p=16922\"><img loading=\"lazy\" decoding=\"async\" width=\"1024\" height=\"768\" src=\"https:\/\/htb.com.pl\/wp-content\/uploads\/2020\/02\/O\u015bwi\u0119cim-1024x768.jpg\" alt=\"\" class=\"wp-image-17161\" srcset=\"https:\/\/htb.com.pl\/wp-content\/uploads\/2020\/02\/O\u015bwi\u0119cim-1024x768.jpg 1024w, https:\/\/htb.com.pl\/wp-content\/uploads\/2020\/02\/O\u015bwi\u0119cim-300x225.jpg 300w, https:\/\/htb.com.pl\/wp-content\/uploads\/2020\/02\/O\u015bwi\u0119cim-768x576.jpg 768w, https:\/\/htb.com.pl\/wp-content\/uploads\/2020\/02\/O\u015bwi\u0119cim-600x450.jpg 600w, https:\/\/htb.com.pl\/wp-content\/uploads\/2020\/02\/O\u015bwi\u0119cim.jpg 1224w\" sizes=\"auto, (max-width: 1024px) 100vw, 1024px\" \/><\/a><\/figure>\n\n\n\n<p>W naszej Konstytucji, jak jeszcze obowi\u0105zywa\u0142a prezydent jest umocowany jak dobry kr\u00f3l &#8211; ma nas bronic przed politykami, \u017ceby nam za bardzo krzywdy nie robili. Ale wybierany jest jak &#8220;super premier&#8221;, w wyborach powszechnych. Tak <strong>naszego prezydenta<\/strong> nie wybierzemy, on musi \u0142\u0105czy\u0107, a nie dzieli\u0107. Raz si\u0119 uda\u0142o &#8211; prezydentem zosta\u0142 Aleksander Kwa\u015bniewski ale to by\u0142 jeden z tw\u00f3rc\u00f3w Konstytucji, on rozumia\u0142 prerogatywy prezydenta RP. Podam przyk\u0142ad. Nadanie stopni generalskich wi\u0105\u017ce si\u0119 z podpisem prezydenta. Kwa\u015bniewski doskonale rozumia\u0142, \u017ce to ma by\u0107 jedynie podpis, a nie mo\u017cliwo\u015b\u0107 wp\u0142ywania na awanse w armii. Podobnie jest z S\u0119dziami. \u017beby tak rz\u0105dzi\u0107, potrzebna jest narracja w czwartej osobie, o kt\u00f3rej pisa\u0142a Olga Tokarczuk &#8211;  nasza Noblistka.  Kogo\u015b kto potrafi prowadzi\u0107 tak\u0105 narracj\u0119 trudno wybra\u0107 w wyborach powszechnych. Tylko parlamentarzy\u015bci w tajnym g\u0142osowaniu mog\u0105 wybra\u0107 prezydenta, kt\u00f3ry ich zdaniem umo\u017cliwi im wype\u0142nienie obietnic wyborczych. To niekoniecznie musi by\u0107 polityk. Ani Jan Pawe\u0142 II, ani Ronald Reagan prezydent USA z czas\u00f3w kiedy spotyka\u0142em si\u0119 z Marysia nie byli politykami, a uratowali \u015bwiat przed katastrof\u0105. Czemu teraz potrzebne jest ostrze\u017cenie?<\/p>\n\n\n\n<p>P\u0142onie Biebrza\u0144ski Parka Narodowy <img loading=\"lazy\" decoding=\"async\" width=\"150\" height=\"84\" class=\"wp-image-22032\" style=\"width: 150px;\" src=\"https:\/\/htb.com.pl\/wp-content\/uploads\/2020\/04\/Parku.jpg\" alt=\"\" srcset=\"https:\/\/htb.com.pl\/wp-content\/uploads\/2020\/04\/Parku.jpg 740w, https:\/\/htb.com.pl\/wp-content\/uploads\/2020\/04\/Parku-300x169.jpg 300w, https:\/\/htb.com.pl\/wp-content\/uploads\/2020\/04\/Parku-600x337.jpg 600w\" sizes=\"auto, (max-width: 150px) 100vw, 150px\" \/>  sam si\u0119 nie podpali\u0142. Jak co roku bezmy\u015blne wypalanie traw prowadzi do niszczenia \u015brodowiska gad\u00f3w, p\u0142az\u00f3w, owad\u00f3w, ptak\u00f3w i ssak\u00f3w. To ostatnie to te\u017c my. Symbolem Biebrza\u0144skiego Parku jest batalion, <img loading=\"lazy\" decoding=\"async\" width=\"150\" height=\"150\" class=\"wp-image-22033\" style=\"width: 150px;\" src=\"https:\/\/htb.com.pl\/wp-content\/uploads\/2020\/04\/Batalion.jpg\" alt=\"\" srcset=\"https:\/\/htb.com.pl\/wp-content\/uploads\/2020\/04\/Batalion.jpg 225w, https:\/\/htb.com.pl\/wp-content\/uploads\/2020\/04\/Batalion-150x150.jpg 150w, https:\/\/htb.com.pl\/wp-content\/uploads\/2020\/04\/Batalion-100x100.jpg 100w\" sizes=\"auto, (max-width: 150px) 100vw, 150px\" \/> ptak wojownik, kt\u00f3ry jak wszystkie istoty walczy o przetrwanie. Niestety, za przeciwnika ma cz\u0142owieka i tu nie ma szans. Tylko cz\u0142owiek zabija, cho\u0107 nie musi. Jeszcze do ko\u0144ca lat osiemdziesi\u0105tych bataliony dawa\u0142y rad\u0119, mog\u0142em je nawet spotka\u0107 w <a href=\"https:\/\/htb.com.pl\/?p=921\">Lasach Janowskich<\/a> ale potem&#8230;  Ten ptak jest dla mnie symbolem tego o co walczy\u0142a Marysia, tego co dzi\u015b mog\u0142oby bardzo pom\u00f3c &#8211; jednak pos\u0142uchano ludzi i mamy katastrof\u0119. Wymieni\u0119 tylko to o czym pisa\u0142em; <a href=\"https:\/\/htb.com.pl\/?p=626\">\u017barnowiec<\/a>, <a href=\"https:\/\/htb.com.pl\/?p=1307\">Osocze<\/a>, <a href=\"https:\/\/htb.com.pl\/?p=3434\">Edukacja<\/a> i moim zdaniem najwa\u017cniejsze &#8211; <a href=\"https:\/\/htb.com.pl\/?p=152\">Wiara Naszych Ojc\u00f3w<\/a>. Wszystko to zosta\u0142o zmarnowane &#8211; trzeba wszystko robi\u0107 inaczej, \u017ceby zosta\u0142o odbudowane. <\/p>\n\n\n\n<p>Wyj\u015bcie z Unii Europejskiej, to dzi\u015b najgorsze co mo\u017cemy zrobi\u0107 &#8211; tylko tam s\u0105 pieni\u0105dze. Mamy w Parlamencie UE  pi\u0119ciu polityk\u00f3w, dla kt\u00f3rych sanacja nie jest wzorcem. Oni tworzyli, uchwalali i wprowadzali Konstytucj\u0119 opart\u0105 na pontyfikacie Jana Paw\u0142a II, gdzie prezydent ma na\u015bladowa\u0107 tego wielkiego cz\u0142owieka. Niestety nie mo\u017cna by\u0142o wyboru prezydenta wzorowa\u0107 na konklawe &#8211; tak wybrano genera\u0142a Jaruzelskiego na Prezydenta Polski, a Konstytucja mia\u0142a by\u0107 przyjmowana w referendum, czyli znowu mieli decydowa\u0107 ludzie. Ten b\u0142\u0105d kiedy\u015b trzeba naprawi\u0107, a teraz jest okazja, a jak m\u00f3wimy o okazji to jeszcze EUR trzeba dopisa\u0107.<\/p>\n\n\n\n<p>Politycy o kt\u00f3rych pisz\u0119 rzadko s\u0105 pokazywani w mediach. Czasem Leszek Miller, W\u0142odzimierz Cimoszewicz, czy Marek Belka  pojawiaj\u0105 si\u0119 w TVN.  Marka Ba\u0142at\u0119 i prof. Bogus\u0142awa Liberackiego nie widzia\u0142em od czasu jak zostali pos\u0142ami PE. TVN to komercyjna stacja, pracuje wed\u0142ug ameryka\u0144skich wzorc\u00f3w &#8211; tam s\u0105 jej w\u0142a\u015bciciele. To dobre wzorce, wywodz\u0105 si\u0119 jeszcze  z czas\u00f3w Afery Watergate. Ostatnio dziennikarz tej stacji Piotr Kra\u015bko  zrobi\u0142 wywiad z <strong>Georgette Mosbacher<\/strong>, ambasador USA w Polsce. Pani ambasador na pytanie, czy nie przeszkadza jej, \u017ce TVN \u017ale m\u00f3wi o prezydencie Stan\u00f3w Zjednoczonych odpowiedzia\u0142a: <em>&#8220;Wolne media to podstawa demokracji, stacja jest stronnicza wobec Donalda Trumpa ale ma do tego pe\u0142ne prawo&#8221;.<\/em>  Mnie zastanowi\u0142o jak Pani ambasador sp\u0119dza w Polsce czas wolny &#8211; czyta ksi\u0105\u017ck\u0119 o Putinie. <a href=\"https:\/\/htb.com.pl\/?product=putin-czlowiek-bez-twarzy\"><img loading=\"lazy\" decoding=\"async\" width=\"150\" height=\"212\" class=\"wp-image-22095\" style=\"width: 150px;\" src=\"https:\/\/htb.com.pl\/wp-content\/uploads\/2020\/04\/Putin.jpg\" alt=\"\"><\/a> <br> <\/p>\n\n\n\n<p>Ale r\u00f3wnie\u017c i ta stacja nie zrobi\u0142a nic dla zachowania autorytetu ministra zdrowia \u0141ukasza Szumowskiego &#8211; patrz m\u00f3j poprzedni wpis. Na efekty nie trzeba by\u0142o d\u0142ugo czeka\u0107. Pracownicy<strong> S\u0141U\u017bBY ZDROWIA s\u0105 hejtowani,<\/strong> stygmatyzowani, pojawi\u0142y si\u0119 pomys\u0142y aby oznacza\u0107 ich domy, mieszkania. Tak te\u017c chce si\u0119 post\u0119powa\u0107 zara\u017conymi COVID-19. Kos, kt\u00f3ry z kosow\u0105 mieszka w naszym ogrodzie mia\u0142 niez\u0142y ubaw, jak zobaczy\u0142 mnie w maseczce, a\u017c zmieni\u0142 samiczk\u0119 co na jakach siedzi, \u017ceby mnie zobaczy\u0142a. Gdy tak na mnie patrzy\u0142a pukn\u0105\u0142em si\u0119 w \u0142eb &#8211; zadudni\u0142o a\u017c si\u0119 przestraszy\u0142a. No ale ja tylko pisze co Marysia m\u00f3wi\u0142a &#8211; Ona si\u0119 nie myli\u0142a.<\/p>\n","protected":false},"excerpt":{"rendered":"<p>Koronawirus w Polsce ci\u0105gle w natarciu, wzrasta liczba zaka\u017conych, a rz\u0105dz\u0105cy, opozycja i media m\u00f3wi\u0105 tylko o wyborach prezydenckich. To wa\u017cne kto obejmie ten urz\u0105d, Marysia (wcze\u015bniejsze wpisy) m\u00f3wi\u0142a, \u017ce prezydent ma by\u0107 jak dobry kr\u00f3l, to by\u0142 1987 rok, zbli\u017ca\u0142a si\u0119 trzecia pielgrzymka Jana Paw\u0142a II do Polski i to w\u0142a\u015bnie Papie\u017c by\u0142 tym [&hellip;]<\/p>\n","protected":false},"author":1,"featured_media":22103,"comment_status":"open","ping_status":"open","sticky":false,"template":"","format":"standard","meta":{"_jetpack_memberships_contains_paid_content":false,"footnotes":""},"categories":[4],"tags":[576],"class_list":["post-21963","post","type-post","status-publish","format-standard","has-post-thumbnail","hentry","category-daty-i-fakty-blog","tag-koronawirus"],"jetpack_sharing_enabled":true,"jetpack_featured_media_url":"https:\/\/htb.com.pl\/wp-content\/uploads\/2020\/04\/herb.png","_links":{"self":[{"href":"https:\/\/htb.com.pl\/index.php?rest_route=\/wp\/v2\/posts\/21963","targetHints":{"allow":["GET"]}}],"collection":[{"href":"https:\/\/htb.com.pl\/index.php?rest_route=\/wp\/v2\/posts"}],"about":[{"href":"https:\/\/htb.com.pl\/index.php?rest_route=\/wp\/v2\/types\/post"}],"author":[{"embeddable":true,"href":"https:\/\/htb.com.pl\/index.php?rest_route=\/wp\/v2\/users\/1"}],"replies":[{"embeddable":true,"href":"https:\/\/htb.com.pl\/index.php?rest_route=%2Fwp%2Fv2%2Fcomments&post=21963"}],"version-history":[{"count":32,"href":"https:\/\/htb.com.pl\/index.php?rest_route=\/wp\/v2\/posts\/21963\/revisions"}],"predecessor-version":[{"id":23061,"href":"https:\/\/htb.com.pl\/index.php?rest_route=\/wp\/v2\/posts\/21963\/revisions\/23061"}],"wp:featuredmedia":[{"embeddable":true,"href":"https:\/\/htb.com.pl\/index.php?rest_route=\/wp\/v2\/media\/22103"}],"wp:attachment":[{"href":"https:\/\/htb.com.pl\/index.php?rest_route=%2Fwp%2Fv2%2Fmedia&parent=21963"}],"wp:term":[{"taxonomy":"category","embeddable":true,"href":"https:\/\/htb.com.pl\/index.php?rest_route=%2Fwp%2Fv2%2Fcategories&post=21963"},{"taxonomy":"post_tag","embeddable":true,"href":"https:\/\/htb.com.pl\/index.php?rest_route=%2Fwp%2Fv2%2Ftags&post=21963"}],"curies":[{"name":"wp","href":"https:\/\/api.w.org\/{rel}","templated":true}]}}