{"id":22279,"date":"2020-04-29T13:57:42","date_gmt":"2020-04-29T13:57:42","guid":{"rendered":"https:\/\/htb.com.pl\/?p=22279"},"modified":"2020-05-01T06:23:13","modified_gmt":"2020-05-01T06:23:13","slug":"glod","status":"publish","type":"post","link":"https:\/\/htb.com.pl\/?p=22279","title":{"rendered":"G\u0142\u00f3d"},"content":{"rendered":"\n<p>Mamy susz\u0119, a to oznacza, \u017ce mo\u017cemy mie\u0107 g\u0142\u00f3d. Sam nigdy g\u0142odu nie zazna\u0142em ale du\u017co o nim s\u0142ysza\u0142em. Marysia (wcze\u015bniejsze wpisy) mi opowiada\u0142a, a dzi\u015b wiem, \u017ce Ona ostrzega\u0142a. Co o g\u0142odzie na Ukrainie (1932 &#8211; 1933) m\u00f3wi\u0142a, innym razem napisz\u0119. Teraz ostrze\u017ceniem dla nas  mo\u017ce by\u0107 sytuacja w Ugandzie na pocz\u0105tki lat osiemdziesi\u0105tych. Pisa\u0142em jak Majka ze swoimi lud\u017ami <a href=\"https:\/\/htb.com.pl\/?p=16922\">ratowa\u0142a tam misjonarza<\/a>, to by\u0142 1983 rok. W roku 1985 prezydentem w Ugandzie by\u0142 ju\u017c jej cz\u0142owiek, Yoweri Musewen (rz\u0105dzi do dzi\u015b). My\u015bl\u0119, \u017ce w boju go pozna\u0142a, bo bardzo mu ufa\u0142a. W walce z AIDS i g\u0142odem pomaga\u0142a. O epidemii sama niewiele wiedzia\u0142a ale jak pokona\u0107 g\u0142\u00f3d &#8211; plan mia\u0142a. Ten plan ju\u017c dzi\u015b w Polsce  trzeba zacz\u0105\u0107 uk\u0142ada\u0107, a nie o prezydenckich wyborach ci\u0105gle gada\u0107.<\/p>\n\n\n\n<p>Rolnictwo &#8211; to jest klucz do tego, \u017ceby nie by\u0107 g\u0142odnym &#8211; dzi\u015b \u015bmiejecie si\u0119 z tego, bo macie 500+ na pierwszego. Marysia te\u017c czeki do Ugandy wysy\u0142a\u0142a ale misjonarzowi  kozy kupowa\u0107 kaza\u0142a. Ona nigdy niczego za darmo nikomu by nie da\u0142a. Misjonarz w swym nauczaniu jej wytyczne w walce z g\u0142odem propagowa\u0142. Nawadnianie, uprawa ziemi, zbieranie polon\u00f3w i ich przechowywanie. Potem przetwarzania i najwa\u017cniejsze &#8211;<strong> nie marnowanie.<\/strong> To by\u0142o ich nauczanie. Dzi\u015b  w Ugandzie kobieta rodzi \u015brednio ponad pi\u0119cioro dzieci, a w Polsce nieco ponad jedno. Tu Uganda jest na czele &#8211; Polska te\u017c &#8211; jak si\u0119 odwr\u00f3ci tabel\u0119 <a href=\"https:\/\/pl.wikipedia.org\/wiki\/Lista_pa%C5%84stw_%C5%9Bwiata_wed%C5%82ug_wsp%C3%B3%C5%82czynnika_dzietno%C5%9Bci\">(dzietno\u015bci)<\/a>.<\/p>\n\n\n\n<p>Wyb\u00f3r prezydenta w Ugandzie jest po\u015bredni pomi\u0119dzy wyborami bezpo\u015brednimi, jak w Polsce dzi\u015b, a parlamentarnymi<a href=\"https:\/\/htb.com.pl\/?p=21780\"> jak w pocz\u0105tkach naszej pa\u0144stwowo\u015bci<\/a>. Prezydenta wybieraj\u0105 Elektorzy, czyli przedstawiciele grup spo\u0142ecznych &#8211; jak w USA. To zako\u0144czy\u0142o wojn\u0119 domow\u0105 w Ugandzie, a w USA?..  No w\u0142a\u015bnie &#8211; ponad 200 lat si\u0119 sprawdza\u0142o ale w czasach populizmu nasza stara metoda jest lepsza. Taki prezydent nie b\u0119dzie si\u0119 pcha\u0142 do w\u0142adzy i zachowa autorytet &#8211; dzi\u015b nie ma tego, a to w rz\u0105dzeniu jest co\u015b najwa\u017cniejszego. No i Marysia tak m\u00f3wi\u0142a &#8211; Ona si\u0119 nie myli\u0142a. Prezydenta Polski parlamentarzy\u015bci wybiera\u0107 powinni, zr\u00f3bmy tak &#8211; Polsce jeste\u015bmy to winni. <\/p>\n\n\n\n<p>Dzi\u015b sytuacja jest taka, \u017ce to w\u0142a\u015bnie na pos\u0142ach w Sejmie spoczywa odpowiedzialno\u015b\u0107 za wybory prezydenckie. Senatorowie reprezentuj\u0105 nas w pe\u0142ni i tam projekt ustawy, kt\u00f3ra umo\u017cliwia wyb\u00f3r pana Andrzeja Dudy na kolejn\u0105 kadencj\u0119 w g\u0142osowaniu korespondencyjnym nie przejdzie. W Sejmie jest inaczej, tu system D&#8217;Hondta promuj\u0105cy du\u017ce ugrupowania sprawi\u0142, \u017ce Zjednoczona Prawica, pomimo mniejszej ilo\u015bci naszych g\u0142os\u00f3w, ma wi\u0119kszo\u015b\u0107. Zawini\u0142 PSL, kt\u00f3ry do wybor\u00f3w parlamentarnych poszed\u0142 samodzielnie. Rolnicy od zawsze s\u0105 rozgrywani politycznie. Tak by\u0142o podczas reformy rolnej (1944 rok), tak by\u0142o przy wchodzeniu do Unii Europejskiej, tak jest zawsze, gdy kto\u015b chce mie\u0107 wi\u0119kszo\u015b\u0107. Tak jest te\u017c teraz, gdy PiS i niekt\u00f3rzy hierarchowie ko\u015bcio\u0142a rzymskokatolickiego chc\u0105 wyj\u015b\u0107 z UE i zwi\u0105za\u0107 si\u0119 z USA. <\/p>\n\n\n\n<p>Nie b\u0119dzie dop\u0142at do ha. tylko gospodarka rynkowa. Nadwy\u017cki  zbo\u017ca do morza, a na st\u00f3\u0142 hamburgery &#8211; \u017cywno\u015b\u0107 przemys\u0142owa i bardzo niezdrowa. Marysia o ich \u017carciu m\u00f3wi\u0142a &#8211; &#8220;<em>dupa wo\u0142owa<\/em>&#8220;. Nie rozumiecie? Zrozumiecie, jak tam przytyjecie. <\/p>\n\n\n\n<p>W rolnictwie musi by\u0107 ingerencja pa\u0144stwa w produkcj\u0119, inaczej b\u0119dziemy  ameryka\u0144skimi grubasami. Od rz\u0105d\u00f3w Tadeusza Mazowieckiego rynkowo gospodaruje si\u0119  polskimi lasami, to te\u017c rolnictwo. Zlikwidowano pa\u0144stwowe tartaki i las znika. A to lasy &#8211; szczeg\u00f3lnie li\u015bciaste przez <strong>transpiracj\u0119<\/strong> tworz\u0105 chmury i deszcz, tak zapobiegaj\u0105 suszy atmosferycznej. Lasy  trzymaj\u0105 tez wody powierzchniowe i podziemne, tak zapobiegaj\u0105 susza hydrologicznej. Dzi\u015b  obie te susze mamy, a  zamiast im zapobiega\u0107 prezydenta wybieramy.<\/p>\n\n\n\n<p>Pan prezydent Andrzej Duda nagrywa\u0142 spot wyborczy dla TVPiS. <img loading=\"lazy\" decoding=\"async\" width=\"150\" height=\"100\" class=\"wp-image-22400\" style=\"width: 150px;\" src=\"https:\/\/htb.com.pl\/wp-content\/uploads\/2020\/04\/Prezydent.jpg\" alt=\"\" srcset=\"https:\/\/htb.com.pl\/wp-content\/uploads\/2020\/04\/Prezydent.jpg 635w, https:\/\/htb.com.pl\/wp-content\/uploads\/2020\/04\/Prezydent-300x200.jpg 300w, https:\/\/htb.com.pl\/wp-content\/uploads\/2020\/04\/Prezydent-600x401.jpg 600w\" sizes=\"auto, (max-width: 150px) 100vw, 150px\" \/> Ca\u0142o\u015b\u0107 by\u0142a utrzymana w konwencji bia\u0142oruskiej &#8211; prezydenta Aleksandra \u0141ukaszenki. Pan Duda pokazywa\u0142 ministrowi rolnictwa, panu Ardanowskiemu, \u017ce jest susza. Ten sypi\u0105cy si\u0119 piach z gar\u015bci prezydenta, to plon braku wyobra\u017ani rz\u0105dz\u0105cych. Teraz od pos\u0142\u00f3w w Sejmie zale\u017cy, czy nie b\u0119dzie w Polsce  g\u0142odu. <strong>DECYZJA DO WAS PANIE I PANOWIE POS\u0141OWIE NALE\u017bY.<\/strong><\/p>\n\n\n\n<p class=\"has-text-align-center\">Do wszystkich ob\u0142o\u017cnie chorych, a w szczeg\u00f3lno\u015bci klient\u00f3w mojego <a href=\"https:\/\/htb.com.pl\/?page_id=300\">SKLEPU INTERNETOWEGO. <\/a><\/p>\n\n\n\n<p>Kochani &#8211; zobowi\u0105zuj\u0119 si\u0119 nagra\u0107 kolejne wpisy na mp3, a do ka\u017cdego Balsamu Q  <a href=\"https:\/\/htb.com.pl\/?product=balsam-q-500-ml\"><img loading=\"lazy\" decoding=\"async\" width=\"150\" height=\"150\" class=\"wp-image-4144\" style=\"width: 150px;\" src=\"https:\/\/htb.com.pl\/wp-content\/uploads\/2019\/06\/odle\u017cyny.png\" alt=\"\" srcset=\"https:\/\/htb.com.pl\/wp-content\/uploads\/2019\/06\/odle\u017cyny.png 800w, https:\/\/htb.com.pl\/wp-content\/uploads\/2019\/06\/odle\u017cyny-150x150.png 150w, https:\/\/htb.com.pl\/wp-content\/uploads\/2019\/06\/odle\u017cyny-300x300.png 300w, https:\/\/htb.com.pl\/wp-content\/uploads\/2019\/06\/odle\u017cyny-768x768.png 768w, https:\/\/htb.com.pl\/wp-content\/uploads\/2019\/06\/odle\u017cyny-600x600.png 600w, https:\/\/htb.com.pl\/wp-content\/uploads\/2019\/06\/odle\u017cyny-100x100.png 100w\" sizes=\"auto, (max-width: 150px) 100vw, 150px\" \/><\/a> &#8211; przeciwodle\u017cynowego do\u0142\u0105cz\u0119 jaki\u015b gratis. Jak przez login niespodziank\u0119, jak zam\u00f3wienie telefoniczne, dogadamy.<\/p>\n\n\n\n<p class=\"has-text-align-center\"><strong>WYGRAMY<\/strong><\/p>\n","protected":false},"excerpt":{"rendered":"<p>Mamy susz\u0119, a to oznacza, \u017ce mo\u017cemy mie\u0107 g\u0142\u00f3d. Sam nigdy g\u0142odu nie zazna\u0142em ale du\u017co o nim s\u0142ysza\u0142em. Marysia (wcze\u015bniejsze wpisy) mi opowiada\u0142a, a dzi\u015b wiem, \u017ce Ona ostrzega\u0142a. Co o g\u0142odzie na Ukrainie (1932 &#8211; 1933) m\u00f3wi\u0142a, innym razem napisz\u0119. Teraz ostrze\u017ceniem dla nas mo\u017ce by\u0107 sytuacja w Ugandzie na pocz\u0105tki lat osiemdziesi\u0105tych. [&hellip;]<\/p>\n","protected":false},"author":1,"featured_media":22425,"comment_status":"open","ping_status":"open","sticky":false,"template":"","format":"standard","meta":{"_jetpack_memberships_contains_paid_content":false,"footnotes":""},"categories":[4],"tags":[589],"class_list":["post-22279","post","type-post","status-publish","format-standard","has-post-thumbnail","hentry","category-daty-i-fakty-blog","tag-wybory-prezydenckie"],"jetpack_sharing_enabled":true,"jetpack_featured_media_url":"https:\/\/htb.com.pl\/wp-content\/uploads\/2020\/04\/Susza.png","_links":{"self":[{"href":"https:\/\/htb.com.pl\/index.php?rest_route=\/wp\/v2\/posts\/22279","targetHints":{"allow":["GET"]}}],"collection":[{"href":"https:\/\/htb.com.pl\/index.php?rest_route=\/wp\/v2\/posts"}],"about":[{"href":"https:\/\/htb.com.pl\/index.php?rest_route=\/wp\/v2\/types\/post"}],"author":[{"embeddable":true,"href":"https:\/\/htb.com.pl\/index.php?rest_route=\/wp\/v2\/users\/1"}],"replies":[{"embeddable":true,"href":"https:\/\/htb.com.pl\/index.php?rest_route=%2Fwp%2Fv2%2Fcomments&post=22279"}],"version-history":[{"count":27,"href":"https:\/\/htb.com.pl\/index.php?rest_route=\/wp\/v2\/posts\/22279\/revisions"}],"predecessor-version":[{"id":22518,"href":"https:\/\/htb.com.pl\/index.php?rest_route=\/wp\/v2\/posts\/22279\/revisions\/22518"}],"wp:featuredmedia":[{"embeddable":true,"href":"https:\/\/htb.com.pl\/index.php?rest_route=\/wp\/v2\/media\/22425"}],"wp:attachment":[{"href":"https:\/\/htb.com.pl\/index.php?rest_route=%2Fwp%2Fv2%2Fmedia&parent=22279"}],"wp:term":[{"taxonomy":"category","embeddable":true,"href":"https:\/\/htb.com.pl\/index.php?rest_route=%2Fwp%2Fv2%2Fcategories&post=22279"},{"taxonomy":"post_tag","embeddable":true,"href":"https:\/\/htb.com.pl\/index.php?rest_route=%2Fwp%2Fv2%2Ftags&post=22279"}],"curies":[{"name":"wp","href":"https:\/\/api.w.org\/{rel}","templated":true}]}}