{"id":2255,"date":"2018-11-10T06:58:59","date_gmt":"2018-11-10T06:58:59","guid":{"rendered":"https:\/\/htb.com.pl\/?p=2255"},"modified":"2018-11-10T06:58:59","modified_gmt":"2018-11-10T06:58:59","slug":"100-lat-nasze-niepodleglosci","status":"publish","type":"post","link":"https:\/\/htb.com.pl\/?p=2255","title":{"rendered":"100 &#8211; lat nasze niepodleg\u0142o\u015bci"},"content":{"rendered":"<p><img loading=\"lazy\" decoding=\"async\" class=\"alignnone size-full wp-image-2263\" src=\"https:\/\/htb.com.pl\/wp-content\/uploads\/2018\/11\/Fortepianp.jpg\" alt=\"\" width=\"280\" height=\"180\" \/><\/p>\n<p>Dok\u0142adnie rok temu <a href=\"https:\/\/htb.com.pl\/?p=185\">\u017cartowa\u0142em sobie, \u017ce obchody stulecia nasze niepodleg\u0142o\u015bci to b\u0119dzie co\u015b niebywa\u0142ego<\/a>. Wiedzia\u0142em, \u017ce nic nie b\u0119dzie. \u0179li politycy, kt\u00f3rzy wsz\u0119dzie si\u0119 panosz\u0105 niczego dobrego nie mog\u0105 stworzy\u0107 ale, \u017ce b\u0119dzie tak \u017ale &#8211; nie spodziewa\u0142em si\u0119. Pan Prezydent Andrzej Duda pr\u00f3bowa\u0142 si\u0119 wprosi\u0107 na marsz narodowc\u00f3w ale go pogonili &#8211; my\u015bl\u0119, \u017ce to jeszcze nie koniec tej hecy. Jest bowiem problem z obchodami \u015bwi\u0119ta naszej niepodleg\u0142o\u015bci. 11 listopada 1918 rok to dzie\u0144 zako\u0144czenia I Wojny \u015awiatowej, dzie\u0144 kl\u0119ski Niemiec. Akurat &#8211; Niemcy i kl\u0119ska. Wtedy te\u017c pokazali sw\u0105 niezwyk\u0142\u0105 przebieg\u0142o\u015b\u0107. Wypu\u015bcili z Twierdzy w Magdeburgu J\u00f3zefa Pi\u0142sudskiego. Nie mia\u0142 tam \u017ale, by\u0142 potrzebny Niemcom do obj\u0119cia rz\u0105d\u00f3w w Polsce.\u00a0 Dzi\u0119ki niemu Niemcy mogli wp\u0142ywa\u0107 na polityk\u0119 w odradzaj\u0105cej si\u0119 Polsce. By\u0142o dok\u0142adnie tak jak dzi\u015b, dzi\u015b\u00a0 GRU &#8211; radziecki wywiad sk\u0142\u00f3ca nas tak, \u017ce nie potrafimy wsp\u00f3lnie obchodzi\u0107 \u015bwi\u0119ta naszej niepodleg\u0142o\u015bci. Nasz\u0105 tragedi\u0105 by\u0142o i\u00a0 jest to, \u017ce ani Pi\u0142sudski wtedy,\u00a0 ani dzisiejsi nasi rz\u0105dz\u0105cy nie wpadli na to.\u00a0 To nieszcz\u0119\u015bcie, kt\u00f3re ja okre\u015blam jednym s\u0142owem <a href=\"https:\/\/htb.com.pl\/?p=264\">Sanacja<\/a>.<\/p>\n<p>Dzi\u015b \u017ceby by\u0107 w porz\u0105dku wobec Marysi, o kt\u00f3rej ci\u0105gle pisz\u0119 &#8211; poprosi\u0142em przedstawicieli komitetu organizacyjnego obchod\u00f3w w Mielcu aby zaakcentowa\u0107 Jana Paderewskiego w\u00a0 obchodach stulecia naszej niepodleg\u0142o\u015bci. Wiedzia\u0142em, \u017ce\u00a0 to J\u00f3zef Pi\u0142sudski ma by\u0107 przedstawiany jako tw\u00f3rca odrodzonej Polski. Nikt o Janie Paderewskim nie chcia\u0142 ze mn\u0105 rozmawia\u0107 &#8211; dowiedzia\u0142em si\u0119, \u017ce <a href=\"https:\/\/www.youtube.com\/watch?v=7WxwOrz4UiY&amp;feature=share\">10. 10. 2018. w Mielcu odb\u0119dzie si\u0119 inscenizacja, gdzie brygadier J\u00f3zef Pi\u0142sudski przyjedzie do Mielca<\/a>. Brygadier to taki stopie\u0144 wojskowy w CK armii by\u0142. Co\u015b pomi\u0119dzy pu\u0142kownikiem a genera\u0142em. Marysia gdy pojawia\u0142 si\u0119 temat Pi\u0142sudskiego\u00a0 zaciska\u0142a pie\u015bci i robi\u0142a te swoje kocie oczy. Oficer mo\u017ce zosta\u0107 politykiem Jasiu ale polityk oficerem nie. Ten marsza\u0142kiem si\u0119 mianowa\u0142 &#8211; jego otoczenie sprawi\u0142o, \u017ce uwierzy\u0142 w sw\u00f3j geniusz, sw\u0105 nieomylno\u015b\u0107, lekcewa\u017cy\u0142 wroga &#8211; my\u015bla\u0142, \u017ce jest od wszystkiego. Jak co\u015b jest od wszystkiego to jest do niczego. powiedzia\u0142em\u00a0 chc\u0105c roz\u0142adowa\u0107 jej napi\u0119cie. Tak o scyzoryku mo\u017cna powiedzie\u0107 Jasiu &#8211; Pi\u0142sudski\u00a0 sk\u0142\u00f3ci\u0142 nas z Litwinami i Ukrai\u0144cami. Prawie ca\u0142a moja rodzina na Wo\u0142yniu zosta\u0142a wymordowana &#8211; pom\u015bci\u0142am ich. Dziadek Ci to powiedzia\u0142\u00a0 Marysiu? Tak &#8211; sk\u0105d wiesz? <a href=\"https:\/\/htb.com.pl\/?p=238\">Bo mi te\u017c to powiedzia\u0142 m\u00f3j dziadek<\/a>. Nie \u017cyj\u0105 nasi dziadkowie Jasiu &#8211; trzeba zrobi\u0107 wszystko, \u017ceby nie pojawi\u0142 si\u0119 nowy Pi\u0142sudski. <a href=\"https:\/\/htb.com.pl\/?p=1834\">Pu\u015b\u0107 t\u0105 swoj\u0105 p\u0142yt\u0119 Paderewskiego<\/a>.<\/p>\n<p><a href=\"https:\/\/www.youtube.com\/watch?v=c-zLYxbuGBU\"><img loading=\"lazy\" decoding=\"async\" class=\"size-full wp-image-1852 alignleft\" src=\"https:\/\/htb.com.pl\/wp-content\/uploads\/2018\/09\/paderewski.jpg\" alt=\"\" width=\"147\" height=\"147\" srcset=\"https:\/\/htb.com.pl\/wp-content\/uploads\/2018\/09\/paderewski.jpg 147w, https:\/\/htb.com.pl\/wp-content\/uploads\/2018\/09\/paderewski-100x100.jpg 100w\" sizes=\"auto, (max-width: 147px) 100vw, 147px\" \/><\/a>Ignacy Jan Paderewski &#8211; pianista, kompozytor &#8211; dzi\u015b powiedzieliby\u015bmy celebryta. To on tak naprawd\u0119 sprawi\u0142, \u017ce Polska po I wojnie \u015bwiatowej powsta\u0142a. To dzi\u0119ki niemu Prezydent Stan\u00f3w Zjednoczonych Woodrow Wilson powiedzia\u0142. &#8220;Traktat Wersalski podpisz\u0119, jak b\u0119dzie Polska&#8221;. Paderewski chcia\u0142 aby ta nowa Polska by\u0142a tworzona na wz\u00f3r Stan\u00f3w Zjednoczonych. Wspiera\u0142 genera\u0142a\u00a0 Tadeusza Rozwadowskiego gdy ten tworzy\u0142 Legion Ameryka\u0144ski w Polsce do walki z bolszewikami. Powsta\u0142a wtedy polsko-ameryka\u0144ska Eskadra Lotnicza im. Tadeusza Ko\u015bciuszki. Paderewski to by\u0142 wizjoner, cz\u0142owiek z niezwyk\u0142\u0105 wyobra\u017ani\u0105. Gdyby\u00a0 s\u0142uchano co m\u00f3wi, nie by\u0142oby kl\u0119ski wrze\u015bniowej &#8211; tego jestem pewien.<\/p>\n<p>Dzi\u015b pos\u0142uchajmy jak gra\u0142 &#8211; niech przem\u00f3wi muzyka.\u00a0 (kliknij zdj\u0119cie)<\/p>\n<p>Zako\u0144czy\u0142y si\u0119 wybory samorz\u0105dowe. W Mielcu, aby wybra\u0107 Prezydenta potrzebna by\u0142a II tura. Wygra\u0142 kandydat niezale\u017cny Pan Jacek Wi\u015bniewski. Pokona\u0142 Pana Fryderyka Kapinosa PiS, faworyta w tych wyborach. Pan Kapinos wygra\u0142 pierwsz\u0105 tur\u0119, ze znaczn\u0105 przewag\u0105. Dodatkowo od marca pe\u0142ni\u0142 funkcj\u0119 Prezydenta Mielca po \u015bmierci Daniela Kozd\u0119by. 26.10.2018. Pan Kapinos otrzyma\u0142 &#8220;poca\u0142unek \u015bmierci&#8221;, <a href=\"https:\/\/htb.com.pl\/?p=2143\">do Mielca przyjecha\u0142 Pan Jaros\u0142aw Kaczy\u0144ski<\/a> aby &#8220;wesprze\u0107&#8221; swojego kandydata. W wyniku tego wsparcia Pan Kapinos przepad\u0142. Mo\u017cna by tu wymieni\u0107 ca\u0142\u0105 list\u0119 takich przegranych, kt\u00f3rych Pan Kaczy\u0144ski popar\u0142. Wielokrotnie ju\u017c podziwia\u0142em tego cz\u0142owieka &#8211; jak on to robi? Czego si\u0119 dotknie zamienia si\u0119 w &#8230;<\/p>\n<p>Nie mam w\u0105tpliwo\u015bci &#8211; to o Panu Jaros\u0142awie Kaczy\u0144skim m\u00f3wi\u0142a Marysia, jako o tym nieszcz\u0119\u015bciu co mo\u017ce si\u0119 pojawi\u0107, co mo\u017ce udawa\u0107 Pi\u0142sudskiego. On go nie musi udawa\u0107 &#8211; on jest takim dzisiejszym Pi\u0142sudskim. Ma te swoje wizje, ci\u0105gle z czym\u015b toczy wojny ale mierzy wy\u017cej jak marsza\u0142ek. Ostatnio co\u015b gada\u0142, o mundurze cara. Jego otoczenie w jego mediach, kt\u00f3re kiedy\u015b by\u0142y publiczne, pokazuje mu jego \u015bwiat. Ten wymarzony, ten z jego wizji. <a href=\"https:\/\/htb.com.pl\/?product=mistrz-i-malgorzata-wydanie-z-opracowaniem-i-streszczeniem\"><img loading=\"lazy\" decoding=\"async\" class=\"size-full wp-image-2281 alignright\" src=\"https:\/\/htb.com.pl\/wp-content\/uploads\/2018\/11\/Mistrz.jpg\" alt=\"\" width=\"200\" height=\"282\" \/><\/a>Dzi\u015b nagrywano program przed Komisj\u0105 \u015aledcz\u0105 ds. Amber\u00a0 Gold. Nagrywano scen\u0119 gdzie jego\u00a0 znienawidzony wr\u00f3g Donald Tusk zostaje oskar\u017cony i postawiony przed Trybuna\u0142em Stanu. Tusk by\u0142 przygotowany, Pani Ma\u0142gorzata Wassermann nie. Uj\u0119cie trzeba b\u0119dzie powt\u00f3rzy\u0107 &#8211; mo\u017ce przed\u00a0 Komisj\u0105 VAT-owsk\u0105.<\/p>\n<p>No ale koniec ko\u0144c\u00f3w przyda\u0142 si\u0119 Pan Kaczy\u0144ski. Pom\u00f3g\u0142 PiS-owi przer\u017cn\u0105\u0107 te wybory. Trzeba mie\u0107 nadziej\u0119, \u017ce w te\u00a0 nadchodz\u0105ce,\u00a0 do Parlamentu Europejskiego Pan Jaros\u0142aw\u00a0 te\u017c si\u0119 zaanga\u017cuje. Trzeba go do tego gor\u0105co namawia\u0107. Jego udzia\u0142 gwarantuj\u0119 kl\u0119sk\u0119 eurosceptyk\u00f3w.<\/p>\n<p>Zaanga\u017cowanie Pana Jaros\u0142awa Kaczy\u0144skiego w wybory samorz\u0105dowe wynikn\u0119\u0142o\u00a0 z jakiego\u015b koszmarnego nieporozumienia. Kto\u015b mu nie wyja\u015bni\u0142 o co chodzi w tych wyborach i potraktowa\u0142 je jak te\u00a0 do Sejmu I Senatu. Zmarnowa\u0142 potencja\u0142 wielu samorz\u0105dowc\u00f3w popieraj\u0105cych PiS. Ludzi, kt\u00f3rzy w d&#8230;e maj\u0105 wielk\u0105 polityk\u0119, chc\u0105 dzia\u0142a\u0107 dla dobra swojej ma\u0142ej ojczyzny. Znowu &#8220;ruski&#8221; maja ubaw&#8230;<\/p>\n<p>Cyceron (106-43 p.n.e.)\u00a0 m\u00f3wi\u0142 &#8211;\u00a0<strong><em>Historia magistra vitae est\u00a0<\/em><\/strong>&#8211; &#8220;Historia jest nauczycielk\u0105 \u017cycia. Bardzo lubi\u0119 t\u0105 sentencj\u0119. Pewnie Pa\u0144stwo sobie teraz my\u015bl\u0105 &#8211; jak taki prostak, mo\u017ce pisa\u0107, \u017ce rozumie filozofi\u0119? Te\u017c si\u0119 nad tym zastanawiam. Prosz\u0119 jednak pami\u0119ta\u0107, \u017ce zna\u0142em Marysi\u0119 &#8211; ona studiowa\u0142a filozofi\u0119. Opisa\u0142em we wpisie <a href=\"https:\/\/htb.com.pl\/?p=258\">&#8220;A mo\u017ce by tak TK (teraz kobiety)&#8221;<\/a> jak zamiast do teatru poszli\u015bmy do kina na premier\u0119 filmu &#8220;CK Dezerterzy&#8221;. Mnie film rozbawi\u0142 do \u0142ez, Majka te\u017c si\u0119 \u015bmia\u0142a. Jednak po wyj\u015bciu z kina by\u0142a powa\u017cna. Zapyta\u0142em czy\u00a0 mo\u017ce jej co\u015b jest? Dzi\u015b wiem, \u017ce to by\u0142 pocz\u0105tek jej choroby ale wtedy opowiedzia\u0142a mi jak J\u00f3zef Pi\u0142sudski w okresie, kt\u00f3ry jest ukazany w filmie stan\u0105 na czele &#8220;Pierwszej Kompanii Kadrowej&#8221; (6 sierpnia 1914) &#8211; powiedzia\u0142a, \u017ce ogl\u0105daj\u0105c film zrozumia\u0142a jak to mo\u017cliwe, \u017ce Austriacy pozwolili cz\u0142owiekowi bez jakiegokolwiek przygotowania dow\u00f3dczego, stan\u0105\u0107 na czele kampanii. Gdy J\u00f3zef Pi\u0142sudski\u00a0 odkry\u0142, \u017ce jego wizje maj\u0105 si\u0119 nijak do oczekiwa\u0144 polskiego spo\u0142ecze\u0144stwa, gdy zobaczy\u0142 zamykane przed nimi okiennice i wrota dwor\u00f3w ale i wiejskich cha\u0142up, chcia\u0142 pope\u0142ni\u0107 samob\u00f3jstwo.<\/p>\n<p>Gdy patrzy\u0142em wczoraj na Pana Jaros\u0142awa Kaczy\u0144skiego, jak og\u0142asza\u0142 &#8220;sukces&#8221; swojego ugrupowania w wyborach samorz\u0105dowych &#8211; pomy\u015bla\u0142em, \u017ce ten cz\u0142owiek jest w takiej samej sytuacji jak J\u00f3zef Pi\u0142sudski po zdobyciu Kielc. G\u0142owa do g\u00f3ry Panie Jaros\u0142awie &#8211; Pi\u0142sudski z Kielc wycofa\u0142 si\u0119 bez strat, prosz\u0119 pomy\u015ble\u0107 &#8211; gdyby wtedy da\u0142 sobie spok\u00f3j z polityk\u0105. By\u0142by szcz\u0119\u015bliwym cz\u0142owiekiem a\u00a0 Polska po odzyskaniu niepodleg\u0142o\u015bci mocarstwem. Ludzie bez wyobra\u017ani odeszliby w polityczny niebyt.<\/p>\n<p>Na Placu Pi\u0142sudskiego w Warszawie powstaje instalacje, gdzie pomnik katastrofy Smole\u0144skiej zostanie uzupe\u0142niony pomnikiem Lecha Kaczy\u0144skiego. <a href=\"https:\/\/htb.com.pl\/?p=277\">Pisa\u0142em ju\u017c o symbolice schod\u00f3w<\/a>, czyli pomniku katastrofy.<img loading=\"lazy\" decoding=\"async\" class=\"size-medium wp-image-278 alignright\" src=\"https:\/\/htb.com.pl\/wp-content\/uploads\/2018\/04\/pomnik-300x169.jpg\" alt=\"\" width=\"300\" height=\"169\" srcset=\"https:\/\/htb.com.pl\/wp-content\/uploads\/2018\/04\/pomnik-300x169.jpg 300w, https:\/\/htb.com.pl\/wp-content\/uploads\/2018\/04\/pomnik-600x338.jpg 600w, https:\/\/htb.com.pl\/wp-content\/uploads\/2018\/04\/pomnik-768x432.jpg 768w, https:\/\/htb.com.pl\/wp-content\/uploads\/2018\/04\/pomnik-1024x576.jpg 1024w, https:\/\/htb.com.pl\/wp-content\/uploads\/2018\/04\/pomnik.jpg 1200w\" sizes=\"auto, (max-width: 300px) 100vw, 300px\" \/> Jednak gdy zobaczy\u0142em bry\u0142\u0119 na w\u0142asne oczy, odkry\u0142em niezwyk\u0142o\u015b\u0107 tego pomnika. Schody s\u0105 niebezpieczne, mo\u017cna to sobie wyobrazi\u0107 lub zosta\u0107 poinformowanym. Kapitan Protasiuk poinformowa\u0142 genera\u0142a B\u0142asika a ten Prezydenta Lecha Kaczy\u0144skiego o niebezpiecze\u0144stwie, o strasznej mgle w Smole\u0144sku. Pasa\u017cerowie do ko\u0144ca wierzyli w Sanacj\u0119. Ich nazwiska s\u0105 wypisane na pomniku. Gdy modli\u0142em si\u0119 za ich dusze us\u0142ysza\u0142em rozmow\u0119 dw\u00f3ch pan\u00f3w &#8211; m\u00f3wili o pomniku Pana Prezydenta Lecha\u00a0 Kaczy\u0144skiego. Powiedzieli, \u017ce b\u0119dzie to id\u0105ca posta\u0107. Wyobrazi\u0142em sobie jak Prezydent idzie w kierunku schod\u00f3w &#8211;\u00a0 niezorganizowany, ci\u0105gle sp\u00f3\u017aniony. W uszach brzmia\u0142y mi s\u0142owa Marysi, kt\u00f3re wypowiedzia\u0142a w 1986 roku. <a href=\"https:\/\/htb.com.pl\/?p=1765\">&#8220;Ten cz\u0142owiek daleko zajdzie&#8221;<\/a> &#8211; m\u00f3wi\u0142a o Lechu Kaczy\u0144skim. Popatrzy\u0142em na koniec schod\u00f3w i zobaczy\u0142em niebo. Obraz Lecha Kaczy\u0144skiego id\u0105cego w kierunku schod\u00f3w tak bardzo utkwi\u0142 w mojej g\u0142owie, \u017ce nie wyobra\u017ca\u0142em sobie innego usytuowania postaci. Gdy zobaczy\u0142em, \u017ce jest budowany cok\u00f3\u0142, zdziwi\u0142em si\u0119, ca\u0142a instalacja w moim rozumieniu traci\u0142a sens. Jej przes\u0142anie aby ju\u017c nigdy polityk nie pr\u00f3bowa\u0142 stawa\u0107 si\u0119 oficerem prys\u0142o jak ba\u0144ka mydlana. No ale przecie\u017c to ma by\u0107 id\u0105ca posta\u0107, na cokole si\u0119 stoi a nie idzie. Cok\u00f3\u0142 b\u0119dzie pusty &#8211; za\u015bwita\u0142o w mojej g\u0142owie, a\u017c wykrzykn\u0105\u0142em, genialne! To dodatkowe przes\u0142anie &#8211; ka\u017c\u0105ce zerwa\u0107 z Sanacj\u0105 z Pi\u0142sudskim, Jego pomnik stoi nieopodal, ma prawie identyczny cok\u00f3\u0142. Prezydent Lech Kaczy\u0144ski nie b\u0119dzie sta\u0142 na cokole, b\u0119dzie <img loading=\"lazy\" decoding=\"async\" class=\"size-medium wp-image-2316 alignleft\" src=\"https:\/\/htb.com.pl\/wp-content\/uploads\/2018\/11\/Lech-Kaczy\u0144ski-300x200.jpg\" alt=\"\" width=\"300\" height=\"200\" srcset=\"https:\/\/htb.com.pl\/wp-content\/uploads\/2018\/11\/Lech-Kaczy\u0144ski-300x200.jpg 300w, https:\/\/htb.com.pl\/wp-content\/uploads\/2018\/11\/Lech-Kaczy\u0144ski-768x512.jpg 768w, https:\/\/htb.com.pl\/wp-content\/uploads\/2018\/11\/Lech-Kaczy\u0144ski.jpg 1024w, https:\/\/htb.com.pl\/wp-content\/uploads\/2018\/11\/Lech-Kaczy\u0144ski-600x400.jpg 600w\" sizes=\"auto, (max-width: 300px) 100vw, 300px\" \/>szed\u0142 w kierunku schod\u00f3w a cok\u00f3\u0142 b\u0119dzie pusty. Teraz ju\u017c nikt nie b\u0119dzie m\u00f3g\u0142 powiedzie\u0107, \u017ce Polska go nie ostrzega\u0142a.<\/p>\n<p>Gdy zobaczy\u0142em jak ustawiaj\u0105 posta\u0107 Pana Prezydenta Lecha Kaczy\u0144skiego na cokole, znowu\u00a0 krzykn\u0105\u0142em. Nie tu! Postawili &#8211; postawili id\u0105cego Prezydenta na cokole. Idzie sp\u00f3\u017aniony &#8211; musia\u0142 odwiedzi\u0107 chor\u0105 Mam\u0119 w szpitalu. Ten wylot kompletnie mu nie pasuje, leci tylko dlatego, bo jego otoczenie przekona\u0142o go, \u017ce Ojciec Tadeusz Rydzyk wymodli mu prezydentur\u0119. Wie, \u017ce to jest mo\u017cliwe, przysi\u0119ga Bogu,\u00a0 \u017ce teraz dobrze wype\u0142ni zadanie. Nie mo\u017cna miesza\u0107 Boga do polityki, jego Kr\u00f3lestwo nie jest z tego \u015awiata. Czasem tylko daje nam znaki. \u017beby je odczyta\u0107, potrzebna jest wyobra\u017ania. Prezydent nie ma obr\u0105czki ale to b\u0142\u0105d rze\u017abiarza (mam taka nadziej\u0119). Pani Maria Kaczy\u0144ska zwr\u00f3ci\u0142aby na to uwag\u0119 &#8211;\u00a0 kiedy\u015b to trzeba b\u0119dzie poprawi\u0107. Obr\u0105czk\u0119 \u0142atwo dolepi\u0107 ale najwa\u017cniejsze to zdj\u0105\u0107 Prezydenta z coko\u0142u &#8211; zerwa\u0107 z Sanacj\u0105, to doprowadzi do zgody. Pa\u0144stwo Kaczy\u0144scy\u00a0 bardzo by tego chcieli ale i Prezydenta Kaczy\u0144skiego\u00a0 nie mo\u017ce por\u00f3wnywa\u0107 do Naczelnika\u00a0 Pi\u0142sudskiego, Pan Lech Kaczy\u0144ski to by\u0142 porz\u0105dny cz\u0142owiek. Wprawdzie le\u017c\u0105 w jednej krypcie na Wawelu ale to temat na osobny wpis.<\/p>\n<p>10.11.2018. dzi\u015b zostanie os\u0142oni\u0119ty pomnik Prezydenta Lecha Kaczy\u0144skiego. Rozpoczniemy obchodzenie stulecia naszej niepodleg\u0142o\u015bci.<\/p>\n<p>\u017bycz\u0119 Polsce z okazji tak wielkiego \u015bwi\u0119ta, aby by\u0142a rz\u0105dzona przez ludzi z wyobra\u017ani\u0105 &#8211; wiem jak trudno to sobie wyobrazi\u0107. Mo\u017ce wi\u0119c gdy b\u0119dziecie Pa\u0144stwo uczestniczy\u0107 w r\u00f3\u017cnego rodzaju imprezach plenerowych, inscenizacjach &#8211; zdajcie sobie spraw\u0119 z tego, \u017ce oddychacie najgorszym powietrzem w Europie. A gdy b\u0119dziemy \u015bpiewa\u0107 nasz Hymn, to po s\u0142owach jego ostatniego wersu-\u00a0 &#8220;<em>Bij\u0105 w tarabany<\/em>&#8220;, puknijmy si\u0119 w g\u0142ow\u0119 . Tylko nie za mocno &#8211; jak m\u00f3wi\u0142a Marysia. Jest szansa, \u017ce wtedy \u017cyczenie si\u0119 spe\u0142ni.<\/p>\n<p>&nbsp;<\/p>\n","protected":false},"excerpt":{"rendered":"<p>Dok\u0142adnie rok temu \u017cartowa\u0142em sobie, \u017ce obchody stulecia nasze niepodleg\u0142o\u015bci to b\u0119dzie co\u015b niebywa\u0142ego. Wiedzia\u0142em, \u017ce nic nie b\u0119dzie. \u0179li politycy, kt\u00f3rzy wsz\u0119dzie si\u0119 panosz\u0105 niczego dobrego nie mog\u0105 stworzy\u0107 ale, \u017ce b\u0119dzie tak \u017ale &#8211; nie spodziewa\u0142em si\u0119. Pan Prezydent Andrzej Duda pr\u00f3bowa\u0142 si\u0119 wprosi\u0107 na marsz narodowc\u00f3w ale go pogonili &#8211; my\u015bl\u0119, \u017ce [&hellip;]<\/p>\n","protected":false},"author":1,"featured_media":2263,"comment_status":"open","ping_status":"open","sticky":false,"template":"","format":"standard","meta":{"_jetpack_memberships_contains_paid_content":false,"footnotes":""},"categories":[4],"tags":[315,316,317],"class_list":["post-2255","post","type-post","status-publish","format-standard","has-post-thumbnail","hentry","category-daty-i-fakty-blog","tag-ignacy-jan-paderewski","tag-niepodleglosc","tag-rocznica"],"jetpack_sharing_enabled":true,"jetpack_featured_media_url":"https:\/\/htb.com.pl\/wp-content\/uploads\/2018\/11\/Fortepianp.jpg","_links":{"self":[{"href":"https:\/\/htb.com.pl\/index.php?rest_route=\/wp\/v2\/posts\/2255","targetHints":{"allow":["GET"]}}],"collection":[{"href":"https:\/\/htb.com.pl\/index.php?rest_route=\/wp\/v2\/posts"}],"about":[{"href":"https:\/\/htb.com.pl\/index.php?rest_route=\/wp\/v2\/types\/post"}],"author":[{"embeddable":true,"href":"https:\/\/htb.com.pl\/index.php?rest_route=\/wp\/v2\/users\/1"}],"replies":[{"embeddable":true,"href":"https:\/\/htb.com.pl\/index.php?rest_route=%2Fwp%2Fv2%2Fcomments&post=2255"}],"version-history":[{"count":52,"href":"https:\/\/htb.com.pl\/index.php?rest_route=\/wp\/v2\/posts\/2255\/revisions"}],"predecessor-version":[{"id":2322,"href":"https:\/\/htb.com.pl\/index.php?rest_route=\/wp\/v2\/posts\/2255\/revisions\/2322"}],"wp:featuredmedia":[{"embeddable":true,"href":"https:\/\/htb.com.pl\/index.php?rest_route=\/wp\/v2\/media\/2263"}],"wp:attachment":[{"href":"https:\/\/htb.com.pl\/index.php?rest_route=%2Fwp%2Fv2%2Fmedia&parent=2255"}],"wp:term":[{"taxonomy":"category","embeddable":true,"href":"https:\/\/htb.com.pl\/index.php?rest_route=%2Fwp%2Fv2%2Fcategories&post=2255"},{"taxonomy":"post_tag","embeddable":true,"href":"https:\/\/htb.com.pl\/index.php?rest_route=%2Fwp%2Fv2%2Ftags&post=2255"}],"curies":[{"name":"wp","href":"https:\/\/api.w.org\/{rel}","templated":true}]}}