{"id":22680,"date":"2020-05-09T05:58:00","date_gmt":"2020-05-09T05:58:00","guid":{"rendered":"https:\/\/htb.com.pl\/?p=22680"},"modified":"2020-05-21T05:21:05","modified_gmt":"2020-05-21T05:21:05","slug":"pandokracja","status":"publish","type":"post","link":"https:\/\/htb.com.pl\/?p=22680","title":{"rendered":"Pandokracja"},"content":{"rendered":"\n<p>Najwspanialszy bas na \u015bwiecie &#8211; pos\u0142uchajcie, bo to co napisa\u0142em sami wiecie.<\/p>\n\n\n\n<figure class=\"wp-block-embed-youtube wp-block-embed is-type-video is-provider-youtube wp-embed-aspect-16-9 wp-has-aspect-ratio\"><div class=\"wp-block-embed__wrapper\">\n<iframe loading=\"lazy\" title=\"Aleksander Teliga - Aria Sko\u0142uby z op. &quot;Straszny dw\u00f3r&quot; S. Moniuszko\" width=\"848\" height=\"477\" src=\"https:\/\/www.youtube.com\/embed\/lgwkJkB6pno?feature=oembed\" frameborder=\"0\" allow=\"accelerometer; autoplay; encrypted-media; gyroscope; picture-in-picture\" allowfullscreen><\/iframe>\n<\/div><\/figure>\n\n\n\n<p>Polska ma szans\u0119 wprowadzi\u0107 do \u015bwiatowego s\u0142ownictwa now\u0105 nazw\u0119. Pandokracja &#8211; to taki ustr\u00f3j, w kt\u00f3rym win\u0119 za wszelkie k\u0142opoty przypisuje si\u0119 komu\u015b innemu. Mamy do\u015bwiadczenie &#8211; by\u0142a wina Stalina, Tuska, teraz b\u0119dzie wina wiruska.<\/p>\n\n\n\n<p>Pandemia koronawirusa spad\u0142a na Polsk\u0119 w momencie, gdy byli\u015bmy na dnie, gospodarczym i politycznym. To umo\u017cliwi\u0142o z\u0142ym politykom pozostanie na scenie. Pan prezydent by zdoby\u0107 reelekcj\u0119, mo\u017ce spokojnie w pustym studio opowiada\u0107 bzdury o naszym rz\u0105dzie, <strong>jakby chcia\u0142 zosta\u0107 premierem<\/strong>. Pani  Jolanta Turczynowicz-Kiery\u0142\u0142o, by\u0142a szefowa jego sztabu \u015bmieje si\u0119 z niego &#8211; m\u00f3wi, \u017ce prezydent si\u0119 boi Narodu Polskiego. Nie trzeba si\u0119 \u015bmia\u0107, jak si\u0119 nie wie z czego, bo to jakby si\u0119 \u015bmia\u0107 z siebie samego. Prezydenta trzeba wybra\u0107 takiego, kt\u00f3ry b\u0119dzie akceptowany przez prawie ka\u017cdego. Problem w tym, \u017ce w wyborach bezpo\u015brednich, nie zrobimy tego &#8211; <a href=\"https:\/\/htb.com.pl\/?p=21963\"> pisa\u0142em dlaczego.<\/a><\/p>\n\n\n\n<figure class=\"wp-block-image size-large\"><img loading=\"lazy\" decoding=\"async\" width=\"840\" height=\"472\" src=\"https:\/\/htb.com.pl\/wp-content\/uploads\/2020\/05\/Msza.jpg\" alt=\"\" class=\"wp-image-22693\" srcset=\"https:\/\/htb.com.pl\/wp-content\/uploads\/2020\/05\/Msza.jpg 840w, https:\/\/htb.com.pl\/wp-content\/uploads\/2020\/05\/Msza-300x169.jpg 300w, https:\/\/htb.com.pl\/wp-content\/uploads\/2020\/05\/Msza-768x432.jpg 768w, https:\/\/htb.com.pl\/wp-content\/uploads\/2020\/05\/Msza-600x337.jpg 600w\" sizes=\"auto, (max-width: 840px) 100vw, 840px\" \/><\/figure>\n\n\n\n<p>Pan prezydent Andrzej Duda z ma\u0142\u017conk\u0105 uczestniczyli we mszy \u015bwi\u0119tej w archiatedrze \u015bwi\u0119tego Jana Chrzciciela w Warszawie. Liturgi\u0119 w intencji ojczyzny z okazji 229 rocznicy uchwalenia Konstytucji 3-go maja sprawowa\u0142 kardyna\u0142 Kazimierz Nycz. W homilii powiedzia\u0142 zdanie, kt\u00f3re mo\u017ce by\u0107 historyczne; <em>&#8221; W tej nadzwyczajnej sytuacji najwa\u017cniejsza jest troska o ka\u017cdego cz\u0142owieka, o jego zdrowie, o \u017cycie&#8221;.<\/em>  Od lat nie s\u0142ysza\u0142em, \u017ceby w tak wa\u017cnej sprawie wypowiedzia\u0142 si\u0119 hierarcha ko\u015bcio\u0142a rzymskokatolickiego, a nie kto\u015b ze \u015brodowiska toru\u0144skiego. Jednak nie uwierz\u0119, \u017ce prezydent, czy premier Mateusz Morawiecki, kt\u00f3ry r\u00f3wnie\u017c by\u0142 tam obecny zrozumieli s\u0142owa metropolity warszawskiego, ja wierz\u0119 w kobiety. Pierwsza dama nie pozostanie oboj\u0119tna na to zdanie i co\u015b si\u0119 stanie.<\/p>\n\n\n\n<p>W Senacie senatorowie \u015brodowiska toru\u0144skiego, chcieli za\u0142atwi\u0107 tych z katolickiego &#8211; normalnego i w debacie nad ustaw\u0105 o g\u0142osowaniu korespondencyjnym, chwycili si\u0119 planu obstrukcyjnego.  Nic z tego &#8211; Senat ustaw\u0119 odrzuci\u0142 i skierowa\u0142 do Sejmu. Niestety &#8220;toru\u0144skiego&#8221;. <\/p>\n\n\n\n<p>I tu niespodzianka &#8211; Sejm przyj\u0105\u0142 rozwi\u0105zania marsza\u0142ka Grodzkiego &#8211; nie b\u0119dzie wybor\u00f3w dziesi\u0105tego. Cho\u0107 pos\u0142owie inaczej g\u0142osowali, to dwaj po swojemu Polsk\u0119 zbawiali i  wszystko poki\u0107kali. Jaros\u0142awowie si\u0119 nazywali. Jednego kto\u015b mocno s\u0105dem <strong>wystraszy<\/strong>\u0142 i ten drugiemu pos\u0142\u00f3w<strong> przestraszy\u0142<\/strong>. <a href=\"https:\/\/htb.com.pl\/?product=strach-wrog-czy-przyjaciel-akceptuje-co-czuje\"><img loading=\"lazy\" decoding=\"async\" width=\"150\" height=\"190\" class=\"wp-image-7572\" style=\"width: 150px;\" src=\"https:\/\/htb.com.pl\/wp-content\/uploads\/2019\/08\/Strach.jpg\" alt=\"\"><\/a> Ci \u0142atwo si\u0119 <strong>wystraszyli, <\/strong>bo w uczciwej pracy si\u0119 zobaczyli. Tak to Polsk\u0119 o\u015bmieszyli i pandokracj\u0119 utrwalili.<\/p>\n","protected":false},"excerpt":{"rendered":"<p>Aleksander Teliga &#8211; to najwspanialszy bas na \u015bwiecie. Pos\u0142uchajcie &#8211; o tym co pisz\u0119 na chwil\u0119 zapomnicie.<\/p>\n","protected":false},"author":1,"featured_media":22939,"comment_status":"open","ping_status":"open","sticky":false,"template":"","format":"standard","meta":{"_jetpack_memberships_contains_paid_content":false,"footnotes":""},"categories":[4],"tags":[],"class_list":["post-22680","post","type-post","status-publish","format-standard","has-post-thumbnail","hentry","category-daty-i-fakty-blog"],"jetpack_sharing_enabled":true,"jetpack_featured_media_url":"https:\/\/htb.com.pl\/wp-content\/uploads\/2020\/05\/Ruiny.jpg","_links":{"self":[{"href":"https:\/\/htb.com.pl\/index.php?rest_route=\/wp\/v2\/posts\/22680","targetHints":{"allow":["GET"]}}],"collection":[{"href":"https:\/\/htb.com.pl\/index.php?rest_route=\/wp\/v2\/posts"}],"about":[{"href":"https:\/\/htb.com.pl\/index.php?rest_route=\/wp\/v2\/types\/post"}],"author":[{"embeddable":true,"href":"https:\/\/htb.com.pl\/index.php?rest_route=\/wp\/v2\/users\/1"}],"replies":[{"embeddable":true,"href":"https:\/\/htb.com.pl\/index.php?rest_route=%2Fwp%2Fv2%2Fcomments&post=22680"}],"version-history":[{"count":22,"href":"https:\/\/htb.com.pl\/index.php?rest_route=\/wp\/v2\/posts\/22680\/revisions"}],"predecessor-version":[{"id":23662,"href":"https:\/\/htb.com.pl\/index.php?rest_route=\/wp\/v2\/posts\/22680\/revisions\/23662"}],"wp:featuredmedia":[{"embeddable":true,"href":"https:\/\/htb.com.pl\/index.php?rest_route=\/wp\/v2\/media\/22939"}],"wp:attachment":[{"href":"https:\/\/htb.com.pl\/index.php?rest_route=%2Fwp%2Fv2%2Fmedia&parent=22680"}],"wp:term":[{"taxonomy":"category","embeddable":true,"href":"https:\/\/htb.com.pl\/index.php?rest_route=%2Fwp%2Fv2%2Fcategories&post=22680"},{"taxonomy":"post_tag","embeddable":true,"href":"https:\/\/htb.com.pl\/index.php?rest_route=%2Fwp%2Fv2%2Ftags&post=22680"}],"curies":[{"name":"wp","href":"https:\/\/api.w.org\/{rel}","templated":true}]}}