{"id":229,"date":"2018-04-23T05:18:33","date_gmt":"2018-04-23T05:18:33","guid":{"rendered":"http:\/\/htb.com.pl\/?p=229"},"modified":"2018-12-06T09:12:40","modified_gmt":"2018-12-06T09:12:40","slug":"gospodarka-slonce-wschodzi-czy-zachodzi","status":"publish","type":"post","link":"https:\/\/htb.com.pl\/?p=229","title":{"rendered":"Gospodarka \u2013 s\u0142o\u0144ce wschodzi czy zachodzi"},"content":{"rendered":"<div class=\"p_18_fpesjyd e_18_fpewi1u clearfix\">\n<div class=\"clearfix v_18_fpesitm\">\n<div class=\"clearfix _42ef\">\n<div class=\"c_18_fpesitl\">\n<div class=\"_6a _5u5j\">\n<div class=\"_6a _5u5j _6b\">\n<h5 class=\"_14f3 _14f5 _5pbw _5vra\" data-ft=\"{&quot;tn&quot;:&quot;C&quot;}\"><span class=\"fwn fcg\"><span class=\"fwb fcg\" data-ft=\"{&quot;tn&quot;:&quot;;&quot;}\">\u00a0<\/span><\/span><\/h5>\n<div id=\"feed_subtitle_100001376195691;1610594802329711;;9\" class=\"_5pcp _5lel _2jyu _232_\"><span class=\"fsm fwn fcg\"><abbr class=\"_5ptz\" title=\"17.02.2018 09:19\" data-utime=\"1518855566\" data-shorten=\"1\"><span class=\"timestampContent\"><a class=\"_5pcq\" href=\"https:\/\/www.facebook.com\/jan.chmura.79\/posts\/1610594802329711\" target=\"\">17 luteg<\/a>o 2018<\/span><\/abbr><\/span><\/div>\n<div class=\"_5pcp _5lel _2jyu _232_\"><\/div>\n<div class=\"_5pcp _5lel _2jyu _232_\"><img loading=\"lazy\" decoding=\"async\" class=\"alignnone size-full wp-image-230\" src=\"http:\/\/htb.com.pl\/wp-content\/uploads\/2018\/04\/strefa.jpg\" alt=\"\" width=\"250\" height=\"162\" \/><a href=\"https:\/\/htb.com.pl\/wp-content\/uploads\/2018\/12\/23-Gospodarka-s\u0142o\u0144ce-wschodzi-czy-zachodzi.mp3\"><img loading=\"lazy\" decoding=\"async\" class=\"size-medium wp-image-2020 alignright\" src=\"https:\/\/htb.com.pl\/wp-content\/uploads\/2018\/04\/posluchaj-300x280.jpg\" alt=\"\" width=\"300\" height=\"280\" srcset=\"https:\/\/htb.com.pl\/wp-content\/uploads\/2018\/04\/posluchaj-300x280.jpg 300w, https:\/\/htb.com.pl\/wp-content\/uploads\/2018\/04\/posluchaj-768x716.jpg 768w, https:\/\/htb.com.pl\/wp-content\/uploads\/2018\/04\/posluchaj-1024x955.jpg 1024w, https:\/\/htb.com.pl\/wp-content\/uploads\/2018\/04\/posluchaj-600x560.jpg 600w, https:\/\/htb.com.pl\/wp-content\/uploads\/2018\/04\/posluchaj.jpg 1158w\" sizes=\"auto, (max-width: 300px) 100vw, 300px\" \/><\/a><\/div>\n<\/div>\n<\/div>\n<\/div>\n<\/div>\n<\/div>\n<\/div>\n<div class=\"_5pbx userContent _3576\" data-ft=\"{&quot;tn&quot;:&quot;K&quot;}\">\n<p>Moim zadaniem \u017ceby por\u00f3wna\u0107 gospodarki r\u00f3\u017cnych kraj\u00f3w nale\u017cy przyj\u0105\u0107 wska\u017anik PKB per capita (na g\u0142ow\u0119 mieszka\u0144ca). Z ang. (purchasing power standard) w skr\u00f3cie PPS. Jest to realna waluta wykorzystywana przez Eurostat do wyra\u017cania realnego poziomu PKB i jego sk\u0142adowych eliminuj\u0105ca wp\u0142ywy r\u00f3\u017cnych poziom\u00f3w cen.<br \/>\nMy\u015bla\u0142em, \u017ce po wej\u015bciu do Unii Europejskiej, wp\u0142yw polityk\u00f3w na gospodark\u0119 nie b\u0119dzie du\u017cy. To mnie cieszy\u0142o. Teraz sam nie wiem czy mia\u0142em racj\u0119, czy nie. Pomimo, \u017ce rz\u0105dz\u0105 \u017ali politycy gospodarka jako\u015b daje rad\u0119.<br \/>\nNo ale oni to zauwa\u017cyli. Postanowili gospodark\u0119 rozwali\u0107. Uda\u0142o si\u0119 z Konstytucj\u0105, uda\u0142o z S\u0105dami, ta gospodarka si\u0119 jeszcze jako\u015b trzyma. Unia Europejska, to jest to, co uniemo\u017cliwia z\u0142ym politykom \u201erz\u0105dzenie\u201d, znaczy rozwalenie tego co zosta\u0142o. Postanowili rozwi\u0105za\u0107 ten problem i wyj\u015b\u0107 z tej unii. Musz\u0105 jeszcze obieca\u0107 rolnikom, \u017ce dadz\u0105 im wi\u0119ksze dop\u0142aty jak teraz maj\u0105. Co, rolnicy nie uwierz\u0105 \u2013 uwierz\u0105. Ostatnio mieszka\u0142em w hotelu gdzie nie by\u0142o TVN 24. Ogl\u0105da\u0142em wi\u0119c TVP. By\u0142em w szoku. Dowiedzia\u0142em si\u0119, \u017ce jeste\u015bmy pot\u0119g\u0105 gospodarcz\u0105. Postanowi\u0142em to sprawdzi\u0107. Z danych GUS i Eurostatu wypisa\u0142em PKB per capita PPS w r\u00f3\u017cnych krajach europejskich za 2016 rok:<br \/>\n1. HOLANDIA &#8211; 37 200<br \/>\n2. AUSTRIA &#8211; 36 700<br \/>\n3. DANIA &#8211; 36 400<br \/>\n4. SZWECJA \u2013 35 900<br \/>\n5. NIEMCY &#8211; 35 700<br \/>\n6. BELGIA \u2013 34 200<br \/>\n7. FINLANDIA \u2013 31 500<br \/>\n8. WIELKA BRYTANIA \u2013 31 200<br \/>\n9. FRANCJA \u2013 30 400<br \/>\n10. W\u0141OCHY \u2013 27 900<br \/>\n11. HISZPANIA \u2013 26 500<br \/>\n12. CZECHY \u2013 25 400<br \/>\n13. S\u0141OWACJA \u2013 22 400<br \/>\n14. LITWA. 21 900<br \/>\n15. ESTONIA \u2013 21 500<br \/>\n16. POLSKA \u2013 20 100<br \/>\n17. BU\u0141GARIA \u2013 19 900<br \/>\n18. W\u0118GRY \u2013 19 500<br \/>\n19. RUMUNIA &#8211; 17 200<br \/>\nNo \u2013 jeste\u015bmy na czele, jak si\u0119 odwr\u00f3ci tabele. Patrz\u0119 w okno. Dalej nie wiem czy s\u0142o\u0144ce wschodzi czy zachodzi. Smog jest taki, \u017ce brak\u0142o skali, s\u0142o\u0144ce jednak chyba \u015bwieci. Dzie\u0144 coraz d\u0142u\u017cszy, ju\u017c nied\u0142ugo s\u0105siedzi przestan\u0105 pali\u0107 w piecach. Zostanie tylko zapylenie z Melnox\u2013u, mo\u017ce doczekam. Mo\u017ce za rok rz\u0105dz\u0105cy pomog\u0105 takim jak ja, kt\u00f3rzy ogrzewaj\u0105 domy gazem. Tak \u2013 tylko czemu mieliby to robi\u0107. Prawie 50 000 Polak\u00f3w kt\u00f3rych w tym roku zabije smog, to piku\u015b. Pomnik jaki\u015b teraz stawiaj\u0105, ci\u0105gle o tym m\u00f3wi\u0105. Ja jednak wierz\u0119, \u017ce s\u0142oneczko wzejdzie, na ulic\u0119 wr\u00f3ci radosny \u015bmiech. A mo\u017ce to s\u0142oneczko ca\u0142kiem musi zaj\u015b\u0107, jak w roku osiemdziesi\u0105tym?<br \/>\nPami\u0119ta\u0142em czasy przemian. Pami\u0119ta\u0142em, \u017ce utrata tradycyjnych rynk\u00f3w zbytu, spowodowa\u0142a spadek PKB w Polsce o 17 %. To i tak nie by\u0142o \u017ale. Rumuni stracili 40%, wygrzebali si\u0119 dopiero w 2003 roku. Przemys\u0142 drzewny z kt\u00f3rym zawsze by\u0142em zwi\u0105zany uratowa\u0142 nas wtedy przed tym co mieli Rumuni. Oni utrat\u0119 rynk\u00f3w rosyjskich odczuli strasznie. Drewna nie wysy\u0142a\u0142o si\u0119 do Rosji, je\u017celi ju\u017c to sprowadza\u0142o. Jednak specyfik\u0119 przerobu drewna, kt\u00f3r\u0105 ukszta\u0142towali w Polsce \u017bydzi, rozumieli nieliczni. Przemys\u0142 drzewny to tak naprawd\u0119 rolnictwo. Surowiec jest odnawialny. Ro\u015bnie wprawdzie prawie sto lat, ale jest odnawialny. Pisa\u0142em ju\u017c o wydajno\u015bci materia\u0142owej surowca tartacznego kiedy\u015b i teraz. Dzi\u015b podam przyk\u0142ad kt\u00f3ry charakteryzuje my\u015blenie \u017byd\u00f3w i naszych rodzimych technolog\u00f3w jak chodzi o przer\u00f3b drewna. Przed rokiem osiemdziesi\u0105tym pracowa\u0142em w tradycyjnych tartakach gdzie proces technologiczny wypracowa\u0142 \u017byd. Tarcic\u0119 boczn\u0105 przerabia\u0142o si\u0119 tak, \u017ce trzeba by\u0142o robi\u0107 wszystko \u017ceby odpad\u00f3w by\u0142o jak najmniej. Te bowiem trzeba by\u0142o wywie\u017a\u0107 w\u00f3zkiem szynowym, r\u0119cznie. Gdy po roku osiemdziesi\u0105tym zacz\u0105\u0142em prac\u0119 w nowoczesnym zak\u0142adzie drzewnym w Chorzelowie ko\u0142o Mielca, zauwa\u017cy\u0142em, \u017ce \u0142atwiej jest wywali\u0107 deski do r\u0119baka, ni\u017c je wymanipulowa\u0107 (pozyska\u0107). Marnowanie drewna wesz\u0142o nam w krew. R\u0119bak sta\u0142 si\u0119 wspania\u0142\u0105 maszyn\u0105, kt\u00f3ra rozwi\u0105zuje wszystkie problemy. W Mielcu powsta\u0142 zak\u0142ad produkuj\u0105cy p\u0142yty wi\u00f3rowe, Melnox. Technologia rozpoczyna si\u0119 od ogromnych r\u0119bak\u00f3w. Na jednej linii produkcyjnej mog\u0105 wyprodukowa\u0107 5000 m3 p\u0142yt na dob\u0119. Potrzebuj\u0105 na to \u201eodpad\u00f3w\u201d drzewnych, kt\u00f3rych dawny zak\u0142ad w Chorzelowie, nie wyprodukowa\u0142 by przez dwa lata. W Stalowej Woli IKA uruchomi\u0142a tartak, kt\u00f3ry na dob\u0119 potrafi przerobi\u0107 tyle drewna, co zak\u0142ad w Chorzelowie przez p\u00f3\u0142 miesi\u0105ca. Frezotraki, technologia gdzie zamiast tarcicy bocznej mamy zr\u0119bki. R\u0119bak znowu wygra\u0142. Polscy producenci tarcicy \u017ceby nie zosta\u0107 w tyle, te\u017c zmieniaj\u0105 technologi\u0119. W\u0142a\u015bnie ustawiam lini\u0119 frezotrak\u00f3w dla jednej z polskich firm.<br \/>\nNasz kraj jest 10. najwi\u0119kszym producentem i 4. eksporterem mebli na \u015bwiecie. Przemys\u0142 drzewny sprzedaje za granic\u0119 wyroby o warto\u015bci ok. 45 mld z\u0142 rocznie, co stanowi 10 proc. ca\u0142ego polskiego eksportu. Miar\u0105 kluczowej roli sektora le\u015bno-drzewnego w naszej gospodarce jest to, \u017ce wypracowuje on ok. 2 proc. PKB. Nie tylko daje prac\u0119 setkom tysi\u0119cy os\u00f3b, lecz tak\u017ce jest motorem inwestycji i rozwoju innowacyjnych technologii. Od pocz\u0105tku transformacji przyci\u0105gn\u0105\u0142 te\u017c zagraniczny kapita\u0142 o warto\u015bci ponad 30 mld z\u0142.<br \/>\n\u0179li politycy postanowili, \u017ce b\u0119d\u0105 wsp\u00f3\u0142pracowa\u0107 w ramach Grupy Wyszehradzkiej. Polska, Czechy, S\u0142owacja i W\u0119gry. W 1991 roku powsta\u0142 Tr\u00f3jk\u0105t Wyszehradzki, po podziale Czechos\u0142owacji nazwano go Grup\u0105 Wyszehradzk\u0105. Istnienie takiej struktury mia\u0142o sens przed naszym wej\u015bciem do UE. Teraz Czesi i S\u0142owacy nie zrezygnuj\u0105 z ryk\u00f3w UE, natomiast W\u0119grzy z Wiktorem Orbanem, chc\u0105 nie tylko handlowa\u0107 na rynkach UE, ale tak\u017ce z Putinem. To bardzo m\u0105drze moim zdaniem. Czego wi\u0119c chce Pan Jaros\u0142aw Kaczy\u0144ski? No to wie tylko on. Tak naprawd\u0119 ma\u0142o mnie to interesuje. Zastanawiam si\u0119 natomiast. Jak to si\u0119 sta\u0142o, \u017ce Pan Jaros\u0142aw Kaczy\u0144ski sta\u0142 si\u0119 kim\u015b w rodzaju Naczelnika Pa\u0144stwa i decyduje o tym co z nami b\u0119dzie. By\u0142 ju\u017c kiedy\u015b Naczelnik J\u00f3zef Pi\u0142sudski, widz\u0119 tu nawet pewne analogie. W nast\u0119pnym wpisie napisz\u0119 co z nami wtedy by\u0142o.<\/p>\n<\/div>\n","protected":false},"excerpt":{"rendered":"<p>\u00a0 17 lutego 2018 Moim zadaniem \u017ceby por\u00f3wna\u0107 gospodarki r\u00f3\u017cnych kraj\u00f3w nale\u017cy przyj\u0105\u0107 wska\u017anik PKB per capita (na g\u0142ow\u0119 mieszka\u0144ca). Z ang. (purchasing power standard) w skr\u00f3cie PPS. Jest to realna waluta wykorzystywana przez Eurostat do wyra\u017cania realnego poziomu PKB i jego sk\u0142adowych eliminuj\u0105ca wp\u0142ywy r\u00f3\u017cnych poziom\u00f3w cen. My\u015bla\u0142em, \u017ce po wej\u015bciu do Unii Europejskiej, [&hellip;]<\/p>\n","protected":false},"author":1,"featured_media":0,"comment_status":"open","ping_status":"open","sticky":false,"template":"","format":"standard","meta":{"_jetpack_memberships_contains_paid_content":false,"footnotes":""},"categories":[4],"tags":[],"class_list":["post-229","post","type-post","status-publish","format-standard","hentry","category-daty-i-fakty-blog"],"jetpack_sharing_enabled":true,"jetpack_featured_media_url":"","_links":{"self":[{"href":"https:\/\/htb.com.pl\/index.php?rest_route=\/wp\/v2\/posts\/229","targetHints":{"allow":["GET"]}}],"collection":[{"href":"https:\/\/htb.com.pl\/index.php?rest_route=\/wp\/v2\/posts"}],"about":[{"href":"https:\/\/htb.com.pl\/index.php?rest_route=\/wp\/v2\/types\/post"}],"author":[{"embeddable":true,"href":"https:\/\/htb.com.pl\/index.php?rest_route=\/wp\/v2\/users\/1"}],"replies":[{"embeddable":true,"href":"https:\/\/htb.com.pl\/index.php?rest_route=%2Fwp%2Fv2%2Fcomments&post=229"}],"version-history":[{"count":3,"href":"https:\/\/htb.com.pl\/index.php?rest_route=\/wp\/v2\/posts\/229\/revisions"}],"predecessor-version":[{"id":2596,"href":"https:\/\/htb.com.pl\/index.php?rest_route=\/wp\/v2\/posts\/229\/revisions\/2596"}],"wp:attachment":[{"href":"https:\/\/htb.com.pl\/index.php?rest_route=%2Fwp%2Fv2%2Fmedia&parent=229"}],"wp:term":[{"taxonomy":"category","embeddable":true,"href":"https:\/\/htb.com.pl\/index.php?rest_route=%2Fwp%2Fv2%2Fcategories&post=229"},{"taxonomy":"post_tag","embeddable":true,"href":"https:\/\/htb.com.pl\/index.php?rest_route=%2Fwp%2Fv2%2Ftags&post=229"}],"curies":[{"name":"wp","href":"https:\/\/api.w.org\/{rel}","templated":true}]}}