{"id":22963,"date":"2020-05-08T14:51:58","date_gmt":"2020-05-08T14:51:58","guid":{"rendered":"https:\/\/htb.com.pl\/?p=22963"},"modified":"2020-05-08T14:54:46","modified_gmt":"2020-05-08T14:54:46","slug":"w-parlamencie","status":"publish","type":"post","link":"https:\/\/htb.com.pl\/?p=22963","title":{"rendered":"W Parlamencie"},"content":{"rendered":"\n<figure class=\"wp-block-embed-youtube wp-block-embed is-type-video is-provider-youtube wp-embed-aspect-16-9 wp-has-aspect-ratio\"><div class=\"wp-block-embed__wrapper\">\n<iframe loading=\"lazy\" title=\"W parlamencie\" width=\"848\" height=\"477\" src=\"https:\/\/www.youtube.com\/embed\/BFRtVH-RqTg?feature=oembed\" frameborder=\"0\" allow=\"accelerometer; autoplay; encrypted-media; gyroscope; picture-in-picture\" allowfullscreen><\/iframe>\n<\/div><\/figure>\n\n\n\n<p><strong>W parlamencie<\/strong><\/p>\n\n\n\n<p>W parlamencie w dzie\u0144 sejmowy<\/p>\n\n\n\n<p>takie s\u0142yszy si\u0119 rozmowy.<\/p>\n\n\n\n<p>Mo\u017ce pan nas dzisiaj poprze,<\/p>\n\n\n\n<p>pan tak wi\u0119dnie \u2013 panie Piotrze.<\/p>\n\n\n\n<p>My\u015bl\u0119 o tym ju\u017c od wtorku<\/p>\n\n\n\n<p>\u2013 panie Kaczorku.<\/p>\n\n\n\n<p>Nie my\u015bl pan, lecz z nami g\u0142osuj,<\/p>\n\n\n\n<p>nasz\u0105 zasad\u0119 stosuj,<\/p>\n\n\n\n<p>bo w niej jest si\u0142a,<\/p>\n\n\n\n<p>ona nas zjednoczy\u0142a.<\/p>\n\n\n\n<p>Gdy ju\u017c kolego do siebie m\u00f3wili<\/p>\n\n\n\n<p>w sejmie obcego zobaczyli.<\/p>\n\n\n\n<p>Wy kto? Czego?<\/p>\n\n\n\n<p>Ja \u2013 w sprawie wys\u0142uchania publicznego.<\/p>\n\n\n\n<p>Stra\u017c! Wywalcie obcego.<\/p>\n\n\n\n<p>Przez gadanie wasze g\u0142upie,<\/p>\n\n\n\n<p>dzi\u015b jeste\u015bmy w czarnej&nbsp;<em>d..ie.<\/em><\/p>\n","protected":false},"excerpt":{"rendered":"<p>W parlamencie W parlamencie w dzie\u0144 sejmowy takie s\u0142yszy si\u0119 rozmowy. Mo\u017ce pan nas dzisiaj poprze, pan tak wi\u0119dnie \u2013 panie Piotrze. My\u015bl\u0119 o tym ju\u017c od wtorku \u2013 panie Kaczorku. Nie my\u015bl pan, lecz z nami g\u0142osuj, nasz\u0105 zasad\u0119 stosuj, bo w niej jest si\u0142a, ona nas zjednoczy\u0142a. Gdy ju\u017c kolego do siebie m\u00f3wili [&hellip;]<\/p>\n","protected":false},"author":1,"featured_media":11166,"comment_status":"open","ping_status":"open","sticky":false,"template":"","format":"standard","meta":{"_jetpack_memberships_contains_paid_content":false,"footnotes":""},"categories":[1],"tags":[],"class_list":["post-22963","post","type-post","status-publish","format-standard","has-post-thumbnail","hentry","category-uncategorized"],"jetpack_sharing_enabled":true,"jetpack_featured_media_url":"https:\/\/htb.com.pl\/wp-content\/uploads\/2019\/10\/Sejm.jpeg","_links":{"self":[{"href":"https:\/\/htb.com.pl\/index.php?rest_route=\/wp\/v2\/posts\/22963","targetHints":{"allow":["GET"]}}],"collection":[{"href":"https:\/\/htb.com.pl\/index.php?rest_route=\/wp\/v2\/posts"}],"about":[{"href":"https:\/\/htb.com.pl\/index.php?rest_route=\/wp\/v2\/types\/post"}],"author":[{"embeddable":true,"href":"https:\/\/htb.com.pl\/index.php?rest_route=\/wp\/v2\/users\/1"}],"replies":[{"embeddable":true,"href":"https:\/\/htb.com.pl\/index.php?rest_route=%2Fwp%2Fv2%2Fcomments&post=22963"}],"version-history":[{"count":1,"href":"https:\/\/htb.com.pl\/index.php?rest_route=\/wp\/v2\/posts\/22963\/revisions"}],"predecessor-version":[{"id":22964,"href":"https:\/\/htb.com.pl\/index.php?rest_route=\/wp\/v2\/posts\/22963\/revisions\/22964"}],"wp:featuredmedia":[{"embeddable":true,"href":"https:\/\/htb.com.pl\/index.php?rest_route=\/wp\/v2\/media\/11166"}],"wp:attachment":[{"href":"https:\/\/htb.com.pl\/index.php?rest_route=%2Fwp%2Fv2%2Fmedia&parent=22963"}],"wp:term":[{"taxonomy":"category","embeddable":true,"href":"https:\/\/htb.com.pl\/index.php?rest_route=%2Fwp%2Fv2%2Fcategories&post=22963"},{"taxonomy":"post_tag","embeddable":true,"href":"https:\/\/htb.com.pl\/index.php?rest_route=%2Fwp%2Fv2%2Ftags&post=22963"}],"curies":[{"name":"wp","href":"https:\/\/api.w.org\/{rel}","templated":true}]}}