{"id":23098,"date":"2020-05-15T08:12:03","date_gmt":"2020-05-15T08:12:03","guid":{"rendered":"https:\/\/htb.com.pl\/?p=23098"},"modified":"2020-05-30T15:29:33","modified_gmt":"2020-05-30T15:29:33","slug":"nasze-wybory","status":"publish","type":"post","link":"https:\/\/htb.com.pl\/?p=23098","title":{"rendered":"Nasze wybory"},"content":{"rendered":"\n<p><\/p>\n\n\n\n<figure class=\"wp-block-image size-large\"><img loading=\"lazy\" decoding=\"async\" width=\"657\" height=\"323\" src=\"https:\/\/htb.com.pl\/wp-content\/uploads\/2020\/05\/Kryzys.jpg\" alt=\"\" class=\"wp-image-23336\" srcset=\"https:\/\/htb.com.pl\/wp-content\/uploads\/2020\/05\/Kryzys.jpg 657w, https:\/\/htb.com.pl\/wp-content\/uploads\/2020\/05\/Kryzys-300x147.jpg 300w, https:\/\/htb.com.pl\/wp-content\/uploads\/2020\/05\/Kryzys-600x295.jpg 600w\" sizes=\"auto, (max-width: 657px) 100vw, 657px\" \/><\/figure>\n\n\n\n<p><\/p>\n\n\n\n<figure class=\"wp-block-image size-thumbnail\"><a href=\"https:\/\/htb.com.pl\/wp-content\/uploads\/2020\/05\/Worek.mp3\"><img loading=\"lazy\" decoding=\"async\" width=\"150\" height=\"150\" src=\"https:\/\/htb.com.pl\/wp-content\/uploads\/2018\/04\/posluchaj-150x150.jpg\" alt=\"\" class=\"wp-image-2020\" srcset=\"https:\/\/htb.com.pl\/wp-content\/uploads\/2018\/04\/posluchaj-150x150.jpg 150w, https:\/\/htb.com.pl\/wp-content\/uploads\/2018\/04\/posluchaj-300x300.jpg 300w, https:\/\/htb.com.pl\/wp-content\/uploads\/2018\/04\/posluchaj-100x100.jpg 100w\" sizes=\"auto, (max-width: 150px) 100vw, 150px\" \/><\/a><\/figure>\n\n\n\n<p>Po doj\u015bciu do w\u0142adzy z\u0142ych polityk\u00f3w w 2015 roku, po tym jak dokonali zamachu stanu, nie wierzy\u0142em, \u017ce ludzie ci potrafi\u0105 zorganizowa\u0107 jakiekolwiek wybory. I tu zaskoczenie, pan Jaros\u0142aw Kaczy\u0144ski da\u0142 si\u0119 przekona\u0107 i zrezygnowano z cz\u0119\u015bci jego durnych pomys\u0142\u00f3w, (kamery:-) a to umo\u017cliwi\u0142o przeprowadzanie kolejnych wybor\u00f3w. Teraz pan Kaczy\u0144ski nie da\u0142 si\u0119 przekona\u0107 i wybory prezydenckie wyznaczone na 10 maja si\u0119 nie odby\u0142y. Nie mog\u0142y si\u0119 odby\u0107 &#8211; mamy pandemi\u0119 koronawirusa ale pan Kaczy\u0144ski wie swoje &#8211; to co TVPiS mu powie. Niestety jest nas wi\u0119cej tak &#8220;dobrze poinformowanych&#8221; i mamy to co mamy. Koszty przeprowadzenia wybor\u00f3w korespondencyjnych dla wszystkich s\u0105 gigantyczne, to \u017ce uda\u0142o si\u0119 ich nie przeprowadzi\u0107, to u\u015bmiech od losu &#8211; naszego ci\u0119\u017ckiego losu. Niew\u0105tpliwie zmarnowano \u015brodki na drukowanie kart wyborczych ale samo dostarczenie ich do wyborc\u00f3w, czego nie zrobiono, to by\u0142by koszt oko\u0142o 200 milion\u00f3w z\u0142otych. Zmarnowano by pieni\u0105dze unijne albo po\u017cyczone, innych w kasie pa\u0144stwa nie ma. Mo\u017cna za to uratowa\u0107 wiele miejsc pracy albo pom\u00f3c s\u0142u\u017cbie zdrowia  w walce z pandemi\u0105.<\/p>\n\n\n\n<p>Ta walka nie wygl\u0105da najlepiej. Po tym jak uda\u0142o si\u0119 zgnoi\u0107 ministra zdrowia \u0141ukasza Szumowskiego, Polska znalaz\u0142a  si\u0119 w\u015br\u00f3d pa\u0144stw, kt\u00f3re kompletnie nie radz\u0105 sobie z pandemi\u0105. Jeste\u015bmy jednym z niewielu kraj\u00f3w, gdzie jeden nosiciel ci\u0105gle jeszcze  zara\u017ca wi\u0119cej ni\u017c jednego zdrowego i to pomimo, \u017ce wykonuje si\u0119 bardzo ma\u0142o test\u00f3w. W Unii Europejskiej  tylko W\u0119gry, Grecja, Rumunia i Bu\u0142garia wykonuj\u0105  mniej. Powod\u00f3w tego jest mn\u00f3stwo, pisz\u0119 o nich od lat, mo\u017cna je okre\u015bli\u0107 dwoma s\u0142owami &#8211; brak wyobra\u017ani.<\/p>\n\n\n\n<p>Zwykle jak ju\u017c jeste\u015bmy na dnie, ta wyobra\u017anie u nas nieco wzrasta. Tak by\u0142o po prezydenturze Lecha Wa\u0142\u0119sy, przy referendach &#8211; konstytucyjnym i unijnym, czy po dziurze Bauca.  Tam zag\u0142osowali\u015bmy dobrze. Teraz w wyborach prezydenckich  musimy zag\u0142osowa\u0107 dobrze, bo jak nie &#8211; b\u0119dziemy na bardzo dziurawym dnie.<\/p>\n\n\n\n<p> Spo\u015br\u00f3d kandydat\u00f3w jacy zebrali podpisy i mogliby wystartowa\u0107 10 bm., tylko Szymon Ho\u0142ownia rozumie, \u017ce nie startuje w wyborach na super premiera, lecz na prezydenta Polski, kt\u00f3ry ma nas broni\u0107, kt\u00f3ry jest  ostatnim bezpiecznikiem przed g\u0142upot\u0105 polityk\u00f3w. Jest mu \u0142atwiej, sam nie jest politykiem i czyta\u0142 Olg\u0119 Tokarczuk &#8211; wie czym jest narracja w czwartej osobie. Wed\u0142ug sonda\u017cu Kantar tylko on nawi\u0105za\u0142by walk\u0119 z Andrzejem Dud\u0105, kt\u00f3ry ubiega si\u0119 o reelekcj\u0119. Reszta si\u0119 nie liczy\u0142a, a to \u017ce pan W\u0142adys\u0142aw Kosiniak-Kamysz (tygrysek) uzyska\u0142 w sonda\u017cu tak dobry wynik &#8211; por\u00f3wnywalny z Ho\u0142owni\u0105, to zas\u0142uga jego ma\u0142\u017conki.  O pani marsza\u0142ek Ma\u0142gorzacie Kidawa-B\u0142o\u0144skiej pisa\u0142em, gdy w<a href=\"https:\/\/htb.com.pl\/?p=13160\"> prawyborach z Jackiem Ja\u015bkowiakiem<\/a> wygra\u0142a, wtedy Platforma Obywatelska przegra\u0142a, a teraz Kidawa-B\u0142o\u0144ska zrezygnowa\u0142a. Lewica &#8211; Robert Biedro\u0144 w sonda\u017cu zdoby\u0142 wynik w granicach b\u0142\u0119du statystycznego, podobnie jak pani Magdalena Og\u00f3rek, kt\u00f3ra w poprzednich wyborach prezydenckich mia\u0142a reprezentowa\u0107 lewic\u0119. Wszyscy my\u015bleli, \u017ce reprezentowa\u0142a, a ona pracy szuka\u0142a i w TVPiS j\u0105 dosta\u0142a.<\/p>\n\n\n\n<p>Marysia w 1987 roku m\u00f3wi\u0142a o takich politykach \u015bmieszni ludzie. To powiedzenie bardzo si\u0119 podoba\u0142o mojemu dyrektorowi &#8211; te\u017c nie nale\u017ca\u0142 do PZPR &#8211; jak oni mogli to przewidzie\u0107?<\/p>\n\n\n\n<p>Pan Krzysztof \u015amiszek postanowi\u0142 jednak zaistnie\u0107 i jako lewica zaproponowa\u0142 okr\u0105g\u0142y st\u00f3\u0142 \ud83d\ude42  &#8220;<em>S\u0142owo klucz na dzi\u015b to \u201eodpowiedzialno\u015b\u0107\u201d. Usi\u0105d\u017amy do rozm\u00f3w i znajd\u017amy wyj\u015bcie z kryzysu prawnego, w kt\u00f3ry wp\u0119dzi\u0142o nas Prawo i Sprawiedliwo\u015b\u0107. Ten <strong>kryzys od jutra<\/strong> zacznie uderza\u0107 w zwyk\u0142ych ludzi, dlatego Lewica apeluje o okr\u0105g\u0142y st\u00f3\u0142 w sprawie s\u0105downictwa&#8221;. <\/em><strong>To jutro by\u0142o wczoraj <\/strong>panie po\u015ble, zamiast pana, g\u0142os powinna tu zabra\u0107 Pani Monika Jaruzelska i ja wierze, \u017ce kiedy\u015b zabierze, a w to, \u017ce potraficie skutecznie zorganizowa\u0107 jakikolwiek okr\u0105g\u0142y st\u00f3\u0142, nie wierze. Bo \u017ale si\u0119 pan do tego bierze.<\/p>\n\n\n\n<p>To pani  Ma\u0142gorzata Gersdorf jako prezes S\u0105du Najwy\u017cszego uzna\u0142a za wa\u017cne wybory  z 25 pa\u017adziernika 2015 roku, a prezes Trybuna\u0142u Konstytucyjnego Andrzej Rzepli\u0144ski pozwoli\u0142 dublerom zasiada\u0107 w sk\u0142adzie. PiS to tylko mali ludzie, wystraszeni przez du\u017cych. Problemem s\u0105 ci duzi i ten w\u0142asnie problem w 1987 roku rozwi\u0105za\u0142a Marysia. Nie zawsze organoleptycznie, czasem robi\u0142a to bezdotykowo. Dzi\u015b Pani Monika Jaruzelska na swoim kanale YouTube<strong> &#8220;TOWARZYSZKA PANIENKA&#8221;<\/strong> robi co\u015b podobnego &#8211; bezdotykowego. Polecam wywiad z Januszem Korwinem-Mikke. Moim zdaniem ten film bardzo pom\u00f3g\u0142 panu Krzysztofowi Bosakowi, kt\u00f3ry tym razem zast\u0105pi\u0142  pana Korwina w wyborach prezydenckich.<\/p>\n\n\n\n<figure class=\"wp-block-embed-youtube wp-block-embed is-type-video is-provider-youtube wp-embed-aspect-16-9 wp-has-aspect-ratio\"><div class=\"wp-block-embed__wrapper\">\n<iframe loading=\"lazy\" title=\"Janusz Korwin-Mikke BEZ CENZURY w domu GENERA\u0141A Jaruzelskiego l Towarzyszka Panienka\" width=\"848\" height=\"477\" src=\"https:\/\/www.youtube.com\/embed\/G68UHIi8yUQ?feature=oembed\" frameborder=\"0\" allow=\"accelerometer; autoplay; encrypted-media; gyroscope; picture-in-picture\" allowfullscreen><\/iframe>\n<\/div><\/figure>\n\n\n\n<p>Sejm bez \u017cadnego trybu, czyli wed\u0142ug zasady pana Jaros\u0142awa Kaczy\u0144skiego, w kilka godzin uchwali\u0142 kolejn\u0105 ustaw\u0119, kt\u00f3ra ma umo\u017cliwi\u0107 reelekcj\u0119 prezydenta Andrzeja Dudy. Twarz\u0105 tej ustawy wydaje si\u0119 by\u0107 kobieta, wicepremier Jadwiga Emilewicz, szefowa Ministerstwa Rozwoju, a ja wierz\u0119 w kobiety. Pan Kaczy\u0144ski nie wierzy ale  nie mo\u017ce czeka\u0107, Polacy zaczynaj\u0105 dostrzega\u0107 skutki obalenia Konstytucji i rz\u0105dzenia krajem bez \u017cadnego trybu.<\/p>\n\n\n\n<p>Pisa\u0142em jak  An-225 <a href=\"https:\/\/htb.com.pl\/?p=21522\"><img loading=\"lazy\" decoding=\"async\" width=\"150\" height=\"84\" class=\"wp-image-21664\" style=\"width: 150px;\" src=\"https:\/\/htb.com.pl\/wp-content\/uploads\/2020\/04\/dobry-Antonow.png\" alt=\"\" srcset=\"https:\/\/htb.com.pl\/wp-content\/uploads\/2020\/04\/dobry-Antonow.png 678w, https:\/\/htb.com.pl\/wp-content\/uploads\/2020\/04\/dobry-Antonow-300x169.png 300w, https:\/\/htb.com.pl\/wp-content\/uploads\/2020\/04\/dobry-Antonow-600x337.png 600w\" sizes=\"auto, (max-width: 150px) 100vw, 150px\" \/><\/a> przytransportowa\u0142 do Polski maseczki ochronne z Chin &#8211; nazwa\u0142em to kompletn\u0105 g\u0142upot\u0105 ale jak si\u0119 okaza\u0142o, sprawa ma jeszcze drugie dno. Towar nie spe\u0142nia europejskich norm. I tu wreszcie nie polityka ale co\u015b na czym si\u0119 troch\u0119 znam.<\/p>\n\n\n\n<p>Po naszym wej\u015bciu do Unii Europejskiej (01.05.2004) zacz\u0119to wymaga\u0107, aby maszyny, kt\u00f3re dostarczam dla stolarzy mia\u0142y znak <img loading=\"lazy\" decoding=\"async\" width=\"150\" height=\"150\" class=\"wp-image-23261\" style=\"width: 150px;\" src=\"https:\/\/htb.com.pl\/wp-content\/uploads\/2020\/05\/Znak-ce.jpg\" alt=\"\" srcset=\"https:\/\/htb.com.pl\/wp-content\/uploads\/2020\/05\/Znak-ce.jpg 282w, https:\/\/htb.com.pl\/wp-content\/uploads\/2020\/05\/Znak-ce-150x150.jpg 150w, https:\/\/htb.com.pl\/wp-content\/uploads\/2020\/05\/Znak-ce-100x100.jpg 100w\" sizes=\"auto, (max-width: 150px) 100vw, 150px\" \/>  <strong>CONFORMITE EUROPEENNE.<\/strong> Oznacza on, \u017ce maszyna, czy inny wyr\u00f3b  spe\u0142nia wszelkie europejskie normy. Wtedy by\u0142 to problem, bo starsze maszyny nie mia\u0142y tego znaku. Wystawia\u0142em deklaracj\u0119 zgodno\u015bci. Deklarowa\u0142em, \u017ce maszyna jest zgodna z normami i je wymienia\u0142em. To nie by\u0142a \u015bciema, naprawd\u0119 by\u0142a zgodna, a jak nie by\u0142a, modyfikowa\u0142em i dopiero deklaracj\u0119 wystawia\u0142em.  Raz oferowa\u0142em u\u017cywan\u0105 okleiniark\u0119 w\u0105skich p\u0142aszczyzn &#8211; nie mia\u0142a znaku CE i w ofercie zaznaczy\u0142em, \u017ce do\u0142\u0105cz\u0119 deklaracj\u0119 zgodno\u015bci. Klient mnie wy\u015bmia\u0142 &#8211; pokaza\u0142 mi chi\u0144sk\u0105 ofert\u0119 nowej okleiniarki w ni\u017cszej cenie ni\u017c moja u\u017cywana. Oferta zawiera\u0142a znak CE, najprawdopodobniej taki, jak  przedstawiona polskiemu rz\u0105dowi na maseczki. Ale ten znak to <img loading=\"lazy\" decoding=\"async\" width=\"150\" height=\"150\" class=\"wp-image-23264\" style=\"width: 150px;\" src=\"https:\/\/htb.com.pl\/wp-content\/uploads\/2020\/05\/China-e.jpg\" alt=\"\" srcset=\"https:\/\/htb.com.pl\/wp-content\/uploads\/2020\/05\/China-e.jpg 600w, https:\/\/htb.com.pl\/wp-content\/uploads\/2020\/05\/China-e-300x300.jpg 300w, https:\/\/htb.com.pl\/wp-content\/uploads\/2020\/05\/China-e-150x150.jpg 150w, https:\/\/htb.com.pl\/wp-content\/uploads\/2020\/05\/China-e-100x100.jpg 100w\" sizes=\"auto, (max-width: 150px) 100vw, 150px\" \/><strong>CHINA EKSPORT<\/strong>, bardzo podobny, mo\u017cna si\u0119 nabra\u0107 i zupe\u0142nie &#8220;przypadkiem&#8221; nie\u017ale zarobi\u0107:-) M\u00f3j klient te\u017c na pocz\u0105tku by\u0142 do przodu, a\u017c raz telefon &#8211; dzwoni chi\u0144ska okleiniarka. Wyrwa\u0142o pi\u0142k\u0119 obcinaj\u0105c\u0105 obrze\u017ce z przodu p\u0142yty. <img loading=\"lazy\" decoding=\"async\" width=\"150\" height=\"100\" class=\"wp-image-62\" style=\"width: 150px;\" src=\"https:\/\/htb.com.pl\/wp-content\/uploads\/2017\/03\/br6.jpg\" alt=\"\" srcset=\"https:\/\/htb.com.pl\/wp-content\/uploads\/2017\/03\/br6.jpg 1024w, https:\/\/htb.com.pl\/wp-content\/uploads\/2017\/03\/br6-600x400.jpg 600w, https:\/\/htb.com.pl\/wp-content\/uploads\/2017\/03\/br6-300x200.jpg 300w, https:\/\/htb.com.pl\/wp-content\/uploads\/2017\/03\/br6-768x512.jpg 768w\" sizes=\"auto, (max-width: 150px) 100vw, 150px\" \/> Jest ona umocowana na pochy\u0142ym suwaku (zdj\u0119cie), po kt\u00f3rym przesuwa j\u0105 oklejana p\u0142yta. Czo\u0142o p\u0142yty dotyka do specjalnej bazy, a pi\u0142ka obcina naddatek obrze\u017ca i si\u0142ownik pneumatyczny odsuwa baz\u0119 od p\u0142yty, \u017ceby ta mog\u0142a swobodnie przej\u015b\u0107. K\u0105t suwaka musi by\u0107 taki, \u017ceby p\u0142yta przesz\u0142a bez udzia\u0142u si\u0142ownika pneumatycznego. Ja to nazywam odporno\u015bci\u0105 na g\u0142upot\u0119. Chi\u0144ska maszyna, \u017ceby by\u0142a kr\u00f3tsza, suwak mia\u0142a ustawiony prawie pionowo, si\u0142ownik nie zadzia\u0142a\u0142 i p\u0142yta wyrwa\u0142a wszystko, dobrze, \u017ce operatorowi nic nie urwa\u0142a, bo tu czasem r\u00f3\u017cnie bywa\u0142o. W starszych maszynach z g\u0142upot\u0105 cz\u0142owieka walczy\u0142y kra\u0144c\u00f3wki i mechaniczne czujniki. Obecnie jest to PLC Programowany Sterownik Logiczny,  (ang.&nbsp;<em>programmable logic controller<\/em>) Uniemo\u017cliwia on prac\u0119 urz\u0105dzenia, gdy robimy co\u015b \u017ale. W polityce takim sterownikiem jest Konstytucja, a czujnikami rz\u0105dz\u0105cy. Czasem wyst\u0105pi b\u0142\u0105d krytyczny, zagra\u017caj\u0105cy maszynie albo nawet operatorowi. Wedy PLC odcina zasilanie. W Polskiej Konstytucji to Prezydent decyduje, kiedy wy\u0142\u0105czy\u0107 z\u0142\u0105 decyzj\u0119 Sejmu, ma weto do ustaw, kt\u00f3re pos\u0142om trudno odrzuci\u0107, musi by\u0107 3\/5 g\u0142os\u00f3w. To ostatnie zdanie w dzisiejszych polskich realiach brzmi jak jaki\u015b \u017cart. Jednym z argument\u00f3w prezydenta Andrzeja Dudy, kt\u00f3ry ubiega si\u0119 o reelekcj\u0119 jest to, \u017ce on podpisze ka\u017cd\u0105 ustaw\u0119 Zjednoczonej Prawicy. To tak, jakby\u015bmy pracowali bez najwa\u017cniejszego bezpiecznika i to dlatego pan Jaros\u0142aw Kaczy\u0144ski mo\u017ce rz\u0105dzi\u0107 bez \u017cadnego trybu. Trzeba to zmieni\u0107, \u017ceby nam kacze czego nie urwa\u0142o.<\/p>\n\n\n\n<p>Warto te\u017c pomy\u015ble\u0107 o tych co zostan\u0105 &#8211; <strong>o naszych dzieciach i wnukach.<\/strong> Dwa  sztandarowe punkty programu &#8220;dobrej zmiany&#8221; i prezydenta Dudy to; 500+ i obni\u017cenie wieku emerytalnego. Rozdaje si\u0119 pieni\u0105dze medyk\u00f3w, nauczycieli i administracji pa\u0144stwowej, \u017ceby wygra\u0107 wybory. Ten cel przy\u015bwieca\u0142 te\u017c, gdy obni\u017cano wiek emerytalny. To niestety okaza\u0142o si\u0119 &#8220;trafnym&#8221; posuni\u0119ciem,<a href=\"https:\/\/htb.com.pl\/?p=11630\"> odk\u0105d rz\u0105dz\u0105, \u017cyjemy kr\u00f3cej<\/a>. Zniszczono system emerytalny, do biliona d\u0142ugu, jaki wykazuje rz\u0105d, trzeba dopisa\u0107 trzy w systemie emerytalnym! To daj\u0119 \u0142\u0105cznie 300% PKB &#8211; oni tego nie sp\u0142ac\u0105.<\/p>\n\n\n\n<p><strong>Oni nam tego nie wybacz\u0105.<\/strong><\/p>\n\n\n\n<p>Jest takie ludowe powiedzenie; &#8220;Pij &#8211; na staro\u015b\u0107 torba i kij&#8221;, nie wiem czemu mi si\u0119 przypomnia\u0142o. Mo\u017ce dlatego, \u017ce mam ju\u017c worek <img loading=\"lazy\" decoding=\"async\" width=\"150\" height=\"150\" class=\"wp-image-3822\" style=\"width: 150px;\" src=\"https:\/\/htb.com.pl\/wp-content\/uploads\/2019\/06\/plecak-pla\u017cowy.jpg\" alt=\"\" srcset=\"https:\/\/htb.com.pl\/wp-content\/uploads\/2019\/06\/plecak-pla\u017cowy.jpg 1000w, https:\/\/htb.com.pl\/wp-content\/uploads\/2019\/06\/plecak-pla\u017cowy-150x150.jpg 150w, https:\/\/htb.com.pl\/wp-content\/uploads\/2019\/06\/plecak-pla\u017cowy-300x300.jpg 300w, https:\/\/htb.com.pl\/wp-content\/uploads\/2019\/06\/plecak-pla\u017cowy-768x768.jpg 768w, https:\/\/htb.com.pl\/wp-content\/uploads\/2019\/06\/plecak-pla\u017cowy-600x600.jpg 600w, https:\/\/htb.com.pl\/wp-content\/uploads\/2019\/06\/plecak-pla\u017cowy-100x100.jpg 100w\" sizes=\"auto, (max-width: 150px) 100vw, 150px\" \/> po zestawie kosmetyk\u00f3w INDIA, naprawd\u0119 fajny, a do tego zestawu jest dodawany gratis.<\/p>\n\n\n\n<figure class=\"wp-block-image size-large\"><a href=\"https:\/\/htb.com.pl\/?product=zestaw-majowy\"><img loading=\"lazy\" decoding=\"async\" width=\"1000\" height=\"1000\" src=\"https:\/\/htb.com.pl\/wp-content\/uploads\/2020\/05\/Majowy.png\" alt=\"\" class=\"wp-image-23322\" srcset=\"https:\/\/htb.com.pl\/wp-content\/uploads\/2020\/05\/Majowy.png 1000w, https:\/\/htb.com.pl\/wp-content\/uploads\/2020\/05\/Majowy-300x300.png 300w, https:\/\/htb.com.pl\/wp-content\/uploads\/2020\/05\/Majowy-150x150.png 150w, https:\/\/htb.com.pl\/wp-content\/uploads\/2020\/05\/Majowy-768x768.png 768w, https:\/\/htb.com.pl\/wp-content\/uploads\/2020\/05\/Majowy-600x600.png 600w, https:\/\/htb.com.pl\/wp-content\/uploads\/2020\/05\/Majowy-100x100.png 100w\" sizes=\"auto, (max-width: 1000px) 100vw, 1000px\" \/><\/a><\/figure>\n","protected":false},"excerpt":{"rendered":"<p>Po doj\u015bciu do w\u0142adzy z\u0142ych polityk\u00f3w w 2015 roku, po tym jak dokonali zamachu stanu, nie wierzy\u0142em, \u017ce ludzie ci potrafi\u0105 zorganizowa\u0107 jakiekolwiek wybory. I tu zaskoczenie, pan Jaros\u0142aw Kaczy\u0144ski da\u0142 si\u0119 przekona\u0107 i zrezygnowano z cz\u0119\u015bci jego durnych pomys\u0142\u00f3w, (kamery:-) a to umo\u017cliwi\u0142o przeprowadzanie kolejnych wybor\u00f3w. Teraz pan Kaczy\u0144ski nie da\u0142 si\u0119 przekona\u0107 i [&hellip;]<\/p>\n","protected":false},"author":1,"featured_media":23336,"comment_status":"open","ping_status":"open","sticky":false,"template":"","format":"standard","meta":{"_jetpack_memberships_contains_paid_content":false,"footnotes":""},"categories":[4],"tags":[405],"class_list":["post-23098","post","type-post","status-publish","format-standard","has-post-thumbnail","hentry","category-daty-i-fakty-blog","tag-wybory"],"jetpack_sharing_enabled":true,"jetpack_featured_media_url":"https:\/\/htb.com.pl\/wp-content\/uploads\/2020\/05\/Kryzys.jpg","_links":{"self":[{"href":"https:\/\/htb.com.pl\/index.php?rest_route=\/wp\/v2\/posts\/23098","targetHints":{"allow":["GET"]}}],"collection":[{"href":"https:\/\/htb.com.pl\/index.php?rest_route=\/wp\/v2\/posts"}],"about":[{"href":"https:\/\/htb.com.pl\/index.php?rest_route=\/wp\/v2\/types\/post"}],"author":[{"embeddable":true,"href":"https:\/\/htb.com.pl\/index.php?rest_route=\/wp\/v2\/users\/1"}],"replies":[{"embeddable":true,"href":"https:\/\/htb.com.pl\/index.php?rest_route=%2Fwp%2Fv2%2Fcomments&post=23098"}],"version-history":[{"count":44,"href":"https:\/\/htb.com.pl\/index.php?rest_route=\/wp\/v2\/posts\/23098\/revisions"}],"predecessor-version":[{"id":24237,"href":"https:\/\/htb.com.pl\/index.php?rest_route=\/wp\/v2\/posts\/23098\/revisions\/24237"}],"wp:featuredmedia":[{"embeddable":true,"href":"https:\/\/htb.com.pl\/index.php?rest_route=\/wp\/v2\/media\/23336"}],"wp:attachment":[{"href":"https:\/\/htb.com.pl\/index.php?rest_route=%2Fwp%2Fv2%2Fmedia&parent=23098"}],"wp:term":[{"taxonomy":"category","embeddable":true,"href":"https:\/\/htb.com.pl\/index.php?rest_route=%2Fwp%2Fv2%2Fcategories&post=23098"},{"taxonomy":"post_tag","embeddable":true,"href":"https:\/\/htb.com.pl\/index.php?rest_route=%2Fwp%2Fv2%2Ftags&post=23098"}],"curies":[{"name":"wp","href":"https:\/\/api.w.org\/{rel}","templated":true}]}}