{"id":232,"date":"2018-04-23T05:25:58","date_gmt":"2018-04-23T05:25:58","guid":{"rendered":"http:\/\/htb.com.pl\/?p=232"},"modified":"2018-12-06T09:17:29","modified_gmt":"2018-12-06T09:17:29","slug":"jozef-pilsudski","status":"publish","type":"post","link":"https:\/\/htb.com.pl\/?p=232","title":{"rendered":"J\u00f3zef Pi\u0142sudski"},"content":{"rendered":"<div class=\"p_18_fpesjyd e_18_fpewi1u clearfix\">\n<div class=\"clearfix v_18_fpesitm\">\n<div class=\"clearfix _42ef\">\n<div class=\"c_18_fpesitl\">\n<div>\n<div class=\"_6a _5u5j\">\n<div class=\"_6a _5u5j _6b\">\n<h5 class=\"_14f3 _14f5 _5pbw _5vra\" data-ft=\"{&quot;tn&quot;:&quot;C&quot;}\"><span class=\"fwn fcg\"><span class=\"fwb fcg\" data-ft=\"{&quot;tn&quot;:&quot;;&quot;}\">\u00a0<\/span><\/span><\/h5>\n<div id=\"feed_subtitle_100001376195691;1617765448279313;;9\" class=\"_5pcp _5lel _2jyu _232_\">\n<p><span class=\"fsm fwn fcg\"><a class=\"_5pcq\" href=\"https:\/\/www.facebook.com\/jan.chmura.79\/posts\/1617765448279313\" target=\"\"><abbr class=\"_5ptz\" title=\"23.02.2018 09:15\" data-utime=\"1519373708\" data-shorten=\"1\"><span class=\"timestampContent\">23 lutego<\/span><\/abbr><\/a>\u00a02018<\/span><\/p>\n<div id=\"u_0_15\" class=\"_6a _43_1 _4f-9 _nws _21p0 _fol\"><\/div>\n<\/div>\n<\/div>\n<\/div>\n<\/div>\n<\/div>\n<\/div>\n<\/div>\n<\/div>\n<div class=\"_5pbx userContent _3576\" data-ft=\"{&quot;tn&quot;:&quot;K&quot;}\">\n<p><a href=\"https:\/\/htb.com.pl\/wp-content\/uploads\/2018\/12\/24-J\u00f3zef-Pi\u0142sudski.mp3\"><img loading=\"lazy\" decoding=\"async\" class=\"size-medium wp-image-2020 alignright\" src=\"https:\/\/htb.com.pl\/wp-content\/uploads\/2018\/04\/posluchaj-300x280.jpg\" alt=\"\" width=\"300\" height=\"280\" srcset=\"https:\/\/htb.com.pl\/wp-content\/uploads\/2018\/04\/posluchaj-300x280.jpg 300w, https:\/\/htb.com.pl\/wp-content\/uploads\/2018\/04\/posluchaj-768x716.jpg 768w, https:\/\/htb.com.pl\/wp-content\/uploads\/2018\/04\/posluchaj-1024x955.jpg 1024w, https:\/\/htb.com.pl\/wp-content\/uploads\/2018\/04\/posluchaj-600x560.jpg 600w, https:\/\/htb.com.pl\/wp-content\/uploads\/2018\/04\/posluchaj.jpg 1158w\" sizes=\"auto, (max-width: 300px) 100vw, 300px\" \/><\/a><br \/>\nJ\u00f3zef Pi\u0142sudski (1867-1935) \u2013 polski polityk, wojskowy i przyw\u00f3dca pa\u0144stwa. Urodzi\u0142 si\u0119 5 grudnia 1867 roku w Zu\u0142owie na dzisiejszej Litwie w zbiednia\u0142ej rodzinie szlacheckiej. Studiowa\u0142 medycyn\u0119 w Charkowie; jako dwudziestolatek zosta\u0142 zes\u0142any na Syberi\u0119, sk\u0105d powr\u00f3ci\u0142 po pi\u0119ciu latach.<br \/>\nZ\u0142y polityk w mojej ocenie. Pierwszy raz us\u0142ysza\u0142em o nim jako dziecko. Nie chodzi\u0142em jeszcze do szko\u0142y. Po mszy w Parafialny Odpust \u015awi\u0119tej Anny w Zaklikowie, Dziadek zaprosi\u0142 Rodzic\u00f3w i mnie do gospody. Pami\u0119tam taki zielony budynek na pocz\u0105tku ulicy Janowskiej. Teraz jest tam puste miejsce. W \u015brodku by\u0142y d\u0142ugie sto\u0142y, przy jednym z nich biesiadowali, dziadek i jego koledzy. Wtedy polubi\u0142em oran\u017cad\u0119, teraz takiej nie ma. Polubi\u0142em te\u017c pie\u015b\u0144 \u201eMy Pierwsza Brygada\u201d, kt\u00f3r\u0105 pi\u0119knie \u015bpiewali koledzy Dziadka. Rozmawiali o Pi\u0142sudskim, m\u00f3wili o nim Komendant. Zapyta\u0142em Dziadka kto to by\u0142 ten Pi\u0142sudski. Karz\u0105cy wzrok Mamy sprawi\u0142, \u017ce Dziadek okre\u015blaj\u0105c Pi\u0142sudskiego powiedzia\u0142 ,z\u0142y cz\u0142owiek. Wiedzia\u0142em, \u017ce inne s\u0142owo zamierza\u0142 powiedzie\u0107. Patrz\u0105c w sufit Dziadek doda\u0142. Wojtka kaza\u0142 zastrzeli\u0107, bo ten owies koniom podjada\u0142. Dziadek zamkn\u0105\u0142 oczy i waln\u0105 \u201eset\u0119\u201d, a\u017c mu \u0142zy polecia\u0142y. Czemu owies koniom podbiera\u0142 zapyta\u0142em. Bo w promieniu stu kilometr\u00f3w do jedzenia by\u0142 tylko ten owies, powiedzia\u0142 Dziadek.<br \/>\nW 1982 roku, b\u0119d\u0105c w wojsku, jako starszy kapral dowodzi\u0142em plutonem kompanii polowej. Kompania ta sk\u0142ada\u0142a si\u0119 z \u017co\u0142nierzy, kt\u00f3rzy mieli za sob\u0105 odsiadk\u0119. Byli karani. To nie by\u0142o proste. Musia\u0142em naprawd\u0119 dobrze kombinowa\u0107, \u017ceby wszystko gra\u0142o. Raz w pu\u0142ku by\u0142 konkurs piosenki \u017co\u0142nierskiej. M\u00f3j pluton za\u015bpiewa\u0142 <a href=\"https:\/\/www.youtube.com\/watch?v=EDpKIb3eGk0&amp;feature=share\">Pierwsz\u0105 Brygad\u0119<\/a>, pie\u015b\u0144 zakazan\u0105 w tamtym czasie. By\u0142o to w niedziel\u0119. Przed klubem \u017co\u0142nierskim nasz przemarsz obserwowali cywile odwiedzaj\u0105cy \u017co\u0142nierzy. Zapami\u0119ta\u0142em starszego pana w czarnym berecie, jak stoj\u0105c na baczno\u015b\u0107 salutowa\u0142 podczas naszego przemarsz, w oczach mia\u0142 \u0142zy. Moi \u017co\u0142nierze gdy go zobaczyli zmienili krok z dowolnego na r\u00f3wny, i za\u015bpiewali tak, \u017ce mury dr\u017ca\u0142y.<br \/>\nNast\u0119pnego dnia zast\u0119pca dow\u00f3dcy mojej kompanii do spraw politycznych, przedstawi\u0142 mnie do raportu, do dow\u00f3dcy pu\u0142ku. Pami\u0119tam, \u017ce ba\u0142 si\u0119 tego bardziej ni\u017c ja. Mia\u0142 racj\u0119, dow\u00f3dca wywali\u0142 go bo \u017ale zameldowa\u0142. M\u00f3j meldunek przerwa\u0142 i kaza\u0142 usi\u0105\u015b\u0107. Nie by\u0142o ci\u0119 wczoraj w ko\u015bciele powiedzia\u0142. Obywatelu pu\u0142kowniku by\u0142em na mszy wieczornej, powiedzia\u0142em. Pu\u0142kownik chodzi\u0142 na t\u0105 sam\u0105 msz\u0119 co ja, raz nawet podszed\u0142 i poda\u0142 mi r\u0119k\u0119 jak by\u0142o przeka\u017ccie sobie znak pokoju. I co ksi\u0105dz m\u00f3wi\u0142, zapyta\u0142. \u017be pycha pod\u0105\u017ca przed upadkiem, odpowiedzia\u0142em. Tak- to m\u0105dre s\u0142owa. My\u015blisz, \u017ce Genera\u0142a Jaruzelskiego cechuje pycha? Nie odpowiedzia\u0142em. A Pi\u0142sudski twoim zdaniem pope\u0142nia\u0142 grzech pychy? Nie wiem, mnie tylko pie\u015b\u0144 si\u0119 spodoba\u0142a i chcia\u0142em mie\u0107 prze\u0142o\u017cenie na moich \u017co\u0142nierzy. Trudno nimi dowodzi\u0107, a dzi\u015b na zaprawie to nawet biegali. Kto twoim zdaniem jest ojcem naszej Polsko\u015bci po pierwszej wojnie \u015bwiatowej zapyta\u0142 dow\u00f3dca. Paderewski odpowiedzia\u0142em. Pu\u0142kownik u\u015bmiechn\u0105\u0142 si\u0119, na jego p\u00f3\u0142ce sta\u0142a p\u0142yta z muzyk\u0105 Paderewskiego. Tak &#8211; jak Paderewski za\u0142atwia\u0142 Traktat Wersalski, Pi\u0142sudski zaj\u0105\u0142 Wilno i kresy. Sk\u0142\u00f3ci\u0142 nas z Litwinami i Ukrai\u0144cami. Z mojej rodziny na Wo\u0142yniu nikt nie prze\u017cy\u0142 powiedzia\u0142 dow\u00f3dca. Patrzy\u0142em na niego a on na mnie. Wiesz co to \u201eCud nad Wis\u0142\u0105\u201d, zapyta\u0142. Tak, to wygrana bitwa z bolszewikami, odpowiedzia\u0142em. Zapami\u0119taj, dowodzi\u0142 tam genera\u0142 ;Rozwadowski, zas\u0142ug\u0105 Pi\u0142sudskiego by\u0142o jedynie to, \u017ce bolszewicy znale\u017ali si\u0119 pod Warszaw\u0105. To by\u0142o bardzo daleko od granicy, du\u017co dalej jak teraz. W 1920 roku w polskich obozach jenieckich by\u0142o 80-85 tys. je\u0144c\u00f3w sowieckich. \u015amiertelno\u015b\u0107 by\u0142a na poziomie 17-20%, umierali na tyfus, czerwonk\u0119, choler\u0119, gryp\u0119. Ruscy w Katyniu \u201epodzi\u0119kowali\u201d za to naszym oficerom i elitom, powiedzia\u0142 pu\u0142kownik. Wsta\u0142, z p\u00f3\u0142ki wzi\u0105\u0142 zdj\u0119cie przedwojennego oficera. To m\u00f3j ojciec, czo\u0142giem go rozjechali. Jak\u0105 kar\u0119 mam ci da\u0107 zapyta\u0142. Tydzie\u0144 ancla, zaproponowa\u0142em. Komu przeka\u017cesz dowodzenie? Niech politruk dowodzi, powiedzia\u0142em. Dow\u00f3dca u\u015bmiechn\u0105\u0142 si\u0119. Tak &#8211; masz siedem dni urlopu, przeka\u017c porucznikowi dowodzenie.<br \/>\nGdy wr\u00f3ci\u0142em po urlopie plutonem dowodzi\u0142 starszy szeregowy, dow\u00f3dca pierwszej dru\u017cyny. Z\u0142o\u017cy\u0142 mi taki meldunek. Jasiu, wszystko gra, trep dosta\u0142 sraczki ale to z nerw\u00f3w, my mu nic nie dosypali. Tu masz swoj\u0105 dol\u0119. Z ogromnego pud\u0142a z tuszankami da\u0142 mi jedna konserw\u0119. Reszta dla tej wdowy co ko\u0142o czo\u0142gowiska mieszka powiedzia\u0142. Gdybym jeszcze tydzie\u0144 by\u0142 na urlopie, nie tylko plutonem ale kompani\u0105 by dowodzi\u0142 pomy\u015bla\u0142em. Wtedy zrozumia\u0142em jak to si\u0119 sta\u0142o, \u017ce J\u00f3zef Pi\u0142sudski, bez jakiegokolwiek wykszta\u0142cenia, zosta\u0142 Naczelnikiem Pa\u0144stwa. On w wi\u0119zieniach siedzia\u0142, i to kilku, jak moje ch\u0142opaki.<br \/>\nJak widz\u0119 dzisiejszych naszych polityk\u00f3w aspiruj\u0105cych do miana Naczelnika Pa\u0144stwa, jak pr\u00f3buj\u0105 na\u015bladowa\u0107 Pi\u0142sudskiego, to mi si\u0119 \u015bmia\u0107 chce. Przypomina mi si\u0119 powiedzenie Pi\u0142sudskiego. \u201eWam kury szcza\u0107 prowadza\u0107, a nie polityk\u0119 robi\u0107\u201d.<br \/>\nKaty\u0144 &#8211; to b\u0119dzie m\u00f3j nast\u0119pny wpis.<\/p>\n<\/div>\n","protected":false},"excerpt":{"rendered":"<p>\u00a0 23 lutego\u00a02018 J\u00f3zef Pi\u0142sudski (1867-1935) \u2013 polski polityk, wojskowy i przyw\u00f3dca pa\u0144stwa. Urodzi\u0142 si\u0119 5 grudnia 1867 roku w Zu\u0142owie na dzisiejszej Litwie w zbiednia\u0142ej rodzinie szlacheckiej. Studiowa\u0142 medycyn\u0119 w Charkowie; jako dwudziestolatek zosta\u0142 zes\u0142any na Syberi\u0119, sk\u0105d powr\u00f3ci\u0142 po pi\u0119ciu latach. Z\u0142y polityk w mojej ocenie. Pierwszy raz us\u0142ysza\u0142em o nim jako dziecko. [&hellip;]<\/p>\n","protected":false},"author":1,"featured_media":233,"comment_status":"open","ping_status":"open","sticky":false,"template":"","format":"standard","meta":{"_jetpack_memberships_contains_paid_content":false,"footnotes":""},"categories":[4],"tags":[],"class_list":["post-232","post","type-post","status-publish","format-standard","has-post-thumbnail","hentry","category-daty-i-fakty-blog"],"jetpack_sharing_enabled":true,"jetpack_featured_media_url":"https:\/\/htb.com.pl\/wp-content\/uploads\/2018\/04\/Pi\u0142sudski.jpg","_links":{"self":[{"href":"https:\/\/htb.com.pl\/index.php?rest_route=\/wp\/v2\/posts\/232","targetHints":{"allow":["GET"]}}],"collection":[{"href":"https:\/\/htb.com.pl\/index.php?rest_route=\/wp\/v2\/posts"}],"about":[{"href":"https:\/\/htb.com.pl\/index.php?rest_route=\/wp\/v2\/types\/post"}],"author":[{"embeddable":true,"href":"https:\/\/htb.com.pl\/index.php?rest_route=\/wp\/v2\/users\/1"}],"replies":[{"embeddable":true,"href":"https:\/\/htb.com.pl\/index.php?rest_route=%2Fwp%2Fv2%2Fcomments&post=232"}],"version-history":[{"count":5,"href":"https:\/\/htb.com.pl\/index.php?rest_route=\/wp\/v2\/posts\/232\/revisions"}],"predecessor-version":[{"id":2600,"href":"https:\/\/htb.com.pl\/index.php?rest_route=\/wp\/v2\/posts\/232\/revisions\/2600"}],"wp:featuredmedia":[{"embeddable":true,"href":"https:\/\/htb.com.pl\/index.php?rest_route=\/wp\/v2\/media\/233"}],"wp:attachment":[{"href":"https:\/\/htb.com.pl\/index.php?rest_route=%2Fwp%2Fv2%2Fmedia&parent=232"}],"wp:term":[{"taxonomy":"category","embeddable":true,"href":"https:\/\/htb.com.pl\/index.php?rest_route=%2Fwp%2Fv2%2Fcategories&post=232"},{"taxonomy":"post_tag","embeddable":true,"href":"https:\/\/htb.com.pl\/index.php?rest_route=%2Fwp%2Fv2%2Ftags&post=232"}],"curies":[{"name":"wp","href":"https:\/\/api.w.org\/{rel}","templated":true}]}}