{"id":2325,"date":"2018-11-12T10:52:59","date_gmt":"2018-11-12T10:52:59","guid":{"rendered":"https:\/\/htb.com.pl\/?p=2325"},"modified":"2018-11-28T13:58:56","modified_gmt":"2018-11-28T13:58:56","slug":"obchody-stulecia-naszej-niepodleglosci","status":"publish","type":"post","link":"https:\/\/htb.com.pl\/?p=2325","title":{"rendered":"Obchody stulecia naszej niepodleg\u0142o\u015bci"},"content":{"rendered":"<p>&nbsp;<\/p>\n<p>W moim \u017cyciu jest to ju\u017c druga tak wa\u017cna okr\u0105g\u0142a rocznica. W roku 1966 Polska obchodzi\u0142a tysi\u0105c lat Chrze\u015bcija\u0144stwa, rocznic\u0119 Chrztu Polski &#8211; Mieszko po\u015blubi\u0142 Dobraw\u0119 w 966 roku i przyj\u0105\u0142 chrzest. Pami\u0119tam tamte obchody. By\u0142em dzieckiem, byli\u015bmy biedni ale wszyscy nam pomagali. Przy \u017cniwach, przy budowie domu &#8211; wspominam ten czas bardzo dobrze. Dla uczczenia tamtej rocznicy, wybudowano 1000 szk\u00f3\u0142. Teraz na stulecie naszej niepodleg\u0142o\u015bci wybudowano w Gda\u0144sku zwodzony most &#8211; \u015bliczny.<img loading=\"lazy\" decoding=\"async\" class=\"size-medium wp-image-2326 alignright\" src=\"https:\/\/htb.com.pl\/wp-content\/uploads\/2018\/11\/most-300x156.jpg\" alt=\"\" width=\"300\" height=\"156\" srcset=\"https:\/\/htb.com.pl\/wp-content\/uploads\/2018\/11\/most-300x156.jpg 300w, https:\/\/htb.com.pl\/wp-content\/uploads\/2018\/11\/most.jpg 311w\" sizes=\"auto, (max-width: 300px) 100vw, 300px\" \/> \u0179li politycy, kt\u00f3rzy obecnie rz\u0105dz\u0105 w Polsce wiedz\u0105, \u017ce nie damy si\u0119 zwie\u015b\u0107 takim mostem, nawet\u00a0 pomimo tego, \u017ce jest zwodzony. Przepierdzielili ponad dwie\u015bcie milion\u00f3w na organizacj\u0119 obchod\u00f3w naszego stulecia,\u00a0 na tworzenie nowych fakt\u00f3w historycznych a nam dali wolny dzie\u0144. Popieraj\u0105 bowiem znienawidzon\u0105 kiedy\u015b Sanacj\u0119, Pi\u0142sudskiego. Dzi\u015b \u017ali politycy musz\u0105 zrobi\u0107\u00a0 tak, \u017ceby Sanacja, kt\u00f3ra doprowadzi\u0142a do kl\u0119ski wrze\u015bniowej, by\u0142a &#8220;cacy&#8221; a to kosztuje. Dodatkowo GRU &#8211; radziecki wywiad, dobrych polityk\u00f3w jeszcze w 2005 roku odsun\u0105\u0142 od w\u0142adzy. Z\u0142ych natomiast podzieli\u0142. Jest nadzieja, \u017ce \u017ali politycy\u00a0 odkryj\u0105 ten podst\u0119p ruskich.\u00a0 Pan Donald Tusk jest bliski zdiagnozowania przyczyny naszych podzia\u0142\u00f3w. 10.11.2018 przemawiaj\u0105c w \u0141odzi na Igrzyskach Wolno\u015bci &#8211; nazwa\u0142 sowiet\u00f3w z GRU\u00a0 bolszewikami. M\u00f3wi\u0142 o politykach PiS-u &#8211; ciep\u0142o, ciep\u0142o.<\/p>\n<p>Pan Tusk pomimo, \u017ce popiera Pi\u0142sudskiego, to r\u00f3wny go\u015b\u0107 &#8211; jest w wieku mojej Marysi. Szkoda, \u017ce ona nie \u017cyje. Przekona\u0142aby Pana Tuska, \u017ce Sanacja to z\u0142o. Podczas wyk\u0142adu w \u0141odzi us\u0142ysza\u0142em z ust Przewodnicz\u0105cego Rady Europejskiej co\u015b, co mnie bardzo zaniepokoi\u0142o. Pan Tusk m\u00f3wi\u0105c o sytuacji geopolitycznej, poda\u0142 przyk\u0142ad pu\u0142apki Tukdydesa &#8211; tego co <a href=\"https:\/\/htb.com.pl\/?p=852\">Wojn\u0105 Peloponesk\u0105<\/a> opisa\u0142. Majka m\u00f3wi\u0142a, \u017ce w tej ksi\u0105\u017cce s\u0105 rozwi\u0105zania na wszystkie problemy w polityce. Dlatego ceni\u0119 ludzi, kt\u00f3rzy czytaj\u0105 Tukidydesa.\u00a0 By\u0142o to ponad 450 lat p.n.e. Pot\u0119\u017cne Ateny dzi\u015b Stany Zjednoczone zauwa\u017cy\u0142y, \u017ce Sparta dzi\u015b Chiny staje si\u0119 pot\u0119g\u0105. \u017beby to przerwa\u0107, Ate\u0144czycy uderzyli na Spartan. Takich konflikt\u00f3w w historii by\u0142o mn\u00f3stwo&#8230; My\u015bl\u0119 co dzi\u015b zrobi\u0142aby Marysia &#8211; zak\u0142adam, \u017ce by\u0142aby kim\u015b kto decyduje. Wiem &#8211; waln\u0119\u0142aby r\u0119k\u0105 w st\u00f3\u0142 i powiedzia\u0142aby PANOWIE OFICEROWIE! Mo\u017ce powiedzia\u0142aby to do kapitana, kt\u00f3ry czyta\u0142 apel poleg\u0142ych w czasie ods\u0142aniania pomnika Prezydenta Lecha Kaczy\u0144skiego. <a href=\"https:\/\/htb.com.pl\/?product=generalowie-niewygodna-prawda-o-polskiej-armii-audiobook\"><img loading=\"lazy\" decoding=\"async\" class=\"size-full wp-image-2343 alignright\" src=\"https:\/\/htb.com.pl\/wp-content\/uploads\/2018\/11\/Genera\u0142owie.jpg\" alt=\"\" width=\"200\" height=\"185\" \/><\/a>Pan kapitan zapomnia\u0142 o poleg\u0142ych pod Lenino i tych co potem szli na Berlin. M\u00f3wi\u0105c o II wojnie \u015bwiatowej wymieni\u0142 jedynie Akcj\u0119 Burza Armii Krajowej. Gdy pan panie kapitanie m\u00f3wi\u0142 &#8211; &#8220;Sta\u0144cie do apelu&#8221;, by\u0142 pan ju\u017c politykiem. Marysia m\u00f3wi\u0142a &#8211; polityk nie mo\u017ce sta\u0107 si\u0119 oficerem Jasiu. \u017bal mi pana panie kapitanie.<\/p>\n<p>Ju\u017c nast\u0119pnego dnia Pan Donald Tusk sk\u0142adaj\u0105c kwiaty pod pomnikiem J\u00f3zefa Pi\u0142sudskiego, przeprasza\u0142 z tych &#8220;bolszewik\u00f3w&#8221; &#8211; powiedzia\u0142em to w emocjach doda\u0142. Marysia m\u00f3wi\u0142a &#8211; ludzie popieraj\u0105cy Sanacj\u0119, nie maja wyobra\u017ani &#8211; tacy ludzie nie mog\u0105 rz\u0105dzi\u0107 Jasiu. Rz\u0105dz\u0105cy musi umie\u0107 przewidzie\u0107 skutki swoich dzia\u0142a\u0144 &#8211; to powiedzia\u0142 Donald Tusk w \u0141odzi, <a href=\"https:\/\/htb.com.pl\/?p=2229\">gdy to m\u00f3wi\u0142 to jakbym Marysi\u0119 s\u0142ysza<\/a>\u0142.<\/p>\n<p>Oko\u0142o po\u0142udnia z moja \u017bon\u0105 Dorotk\u0105 pojechali\u015bmy do ko\u015bcio\u0142a. Nasza \u015awi\u0105tynia Ko\u015bci\u00f3\u0142 \u015aw. Ducha w Mielcu by\u0142 prawie pusty. Wszyscy\u00a0 \u015bpiewaj\u0105 &#8220;Pierwsz\u0105 Brygad\u0119&#8221; pod pomnikiem Kili\u0144skiego. Nagle przysz\u0142o mi do g\u0142owy, \u017ce mia\u0142em Hymn o dwunastej za\u015bpiewa\u0107 &#8211; w g\u0142ow\u0119 si\u0119 pukn\u0105\u0107 jak b\u0119dzie &#8220;Bij\u0105 w tarabany&#8221;. No ale ja nie popieram Pi\u0142sudskiego &#8211; mo\u017ce wi\u0119c ja nie musz\u0119 si\u0119 w g\u0142ow\u0119 puka\u0107? Zauwa\u017cy\u0142em, \u017ce siedzimy w tej samej \u0142awce, na tym samym miejscy gdy <a href=\"https:\/\/htb.com.pl\/?p=1334\">Marysia da\u0142a mi znak, \u017ce nie musz\u0119 si\u0119 ba\u0107 pisa\u0107 o niej<\/a>. Moje uczucie do Dorotki nie os\u0142abnie przez to. Mia\u0142a racj\u0119, teraz Dorotk\u0119 kocham jeszcze bardziej. A mo\u017ce to ja si\u0119 powinienem pukn\u0105\u0107, bo nie popieram Sanacji?\u00a0 Postanowi\u0142em zapyta\u0107 o to Marysi\u0119. Jest przecie\u017c taka mo\u017cliwo\u015b\u0107, \u017ce organista zaintonuje Hymn i b\u0119d\u0119 si\u0119 musia\u0142 pukn\u0105\u0107 w g\u0142ow\u0119. Czeka\u0142em\u00a0 modl\u0105c si\u0119. \u017bona powiedzia\u0142a, \u017ce b\u0119dzie Hymn, na elektronicznej tablicy pojawi\u0142 si\u0119 jego tekst. Mam si\u0119 pukn\u0105\u0107 w czo\u0142o &#8211; czyli nale\u017cy popiera\u0107 Sanacj\u0119, Pi\u0142sudskiego. Marysia zmieni\u0142a zdanie? Organista zagra\u0142 pierwsze takty Hymnu i zacz\u0119li\u015bmy \u015bpiewa\u0107. Gdy mia\u0142a si\u0119 zacz\u0105\u0107 czwarta zwrotka, s\u0142owa &#8211; &#8220;Ju\u017c tam ojciec do swej Basi&#8221;, za\u015bpiewa\u0142em tylko ja. Organista wy\u0142\u0105czy\u0142 tablic\u0119 i zako\u0144czy\u0142 Hymn na trzecie zwrotce. Nie musz\u0119 si\u0119 puka\u0107 w czo\u0142o, Sanacja i Pi\u0142sudski to z\u0142o.\u00a0 Gdzie\u015b z ty\u0142u us\u0142ysza\u0142em \u015bmiech dziewczyny. Tak \u015bmia\u0142a si\u0119 Marysia &#8211; popatrzy\u0142em tam ale nikt si\u0119 ze mnie nie \u015bmia\u0142. Dobrze, \u017ce jeste\u015b Anio\u0142ku.<\/p>\n<p>Jeszcze heca, czyli marsz w Warszawie. GRU ju\u017c od jakiego\u015b czasu pracuje nad tym, aby si\u0142y przeciwne naszej obecno\u015bci w UE zaistnia\u0142y w obchodach stulecia naszej niepodleg\u0142o\u015bci. Podziwiam ich &#8211; ju\u017c nie tylko Ojciec Tadeusz Rydzyk i &#8220;re\u017cim\u00f3wka&#8221; ale tak\u017ce TVN, Polsat\u00a0 robi reklam\u0119 Polexitu. By\u0142o pi\u0119knie. Ponad 250 tysi\u0119cy ludzi w marszu na ulicach Warszawy. Wi\u0119kszo\u015b\u0107 nie chce naszego wyj\u015bcia z UE ale &#8220;re\u017cim\u00f3wka&#8221; dla Pana Jaros\u0142awa Kaczy\u0144skiego mog\u0142a nakr\u0119ci\u0107 wspania\u0142y materia\u0142. Poka\u017c\u0105 mu jak du\u017co Polak\u00f3w popiera jego Polexit. Sam Pan Kaczy\u0144ski na czele marszu by\u0142 taki szcz\u0119\u015bliwy jakby, a &#8211; <a href=\"https:\/\/htb.com.pl\/?p=982\">tu opisa\u0142em (mo\u017cna te\u017c pos\u0142ucha\u0107) <\/a><\/p>\n<p>Do dziennikarzy, publicyst\u00f3w si\u0119 zwracam &#8211; kochani puknijcie si\u0119 w czo\u0142o &#8211; tylko nie za mocno, bo kto\u015b pomy\u015bli, \u017ce bij\u0105 w tarabany. Do GRU mam pro\u015bb\u0119 &#8211; kochani teraz nas zostawcie ale jak Amerykanie uderz\u0105 na Chiny sta\u0144cie po naszej stronie &#8211; w\u0142a\u015bciwie to ju\u017c dzi\u015b powinni\u015bcie to zrobi\u0107. Jeste\u015bcie nam to winni, za 2006 rok, za rozpieprzenie naszego wywiadu przez Antoniego Macierewicza. Nasi nie ust\u0119powali wam zbytnio a czasem pomogli. Zr\u00f3bcie to &#8211; bo wy wiecie co!.. Pos\u0142uchajmy razem:<a href=\"https:\/\/www.youtube.com\/watch?v=oNraPMIbG6U\"> G.Verdi-Ch\u00f3r Niewolnik\u00f3w z opery Nabucco<\/a><\/p>\n","protected":false},"excerpt":{"rendered":"<p>&nbsp; W moim \u017cyciu jest to ju\u017c druga tak wa\u017cna okr\u0105g\u0142a rocznica. W roku 1966 Polska obchodzi\u0142a tysi\u0105c lat Chrze\u015bcija\u0144stwa, rocznic\u0119 Chrztu Polski &#8211; Mieszko po\u015blubi\u0142 Dobraw\u0119 w 966 roku i przyj\u0105\u0142 chrzest. Pami\u0119tam tamte obchody. By\u0142em dzieckiem, byli\u015bmy biedni ale wszyscy nam pomagali. Przy \u017cniwach, przy budowie domu &#8211; wspominam ten czas bardzo dobrze. [&hellip;]<\/p>\n","protected":false},"author":1,"featured_media":2345,"comment_status":"open","ping_status":"open","sticky":false,"template":"","format":"standard","meta":{"_jetpack_memberships_contains_paid_content":false,"footnotes":""},"categories":[4],"tags":[321],"class_list":["post-2325","post","type-post","status-publish","format-standard","has-post-thumbnail","hentry","category-daty-i-fakty-blog","tag-obchody-stulecia-naszej-niepodleglosci"],"jetpack_sharing_enabled":true,"jetpack_featured_media_url":"https:\/\/htb.com.pl\/wp-content\/uploads\/2018\/11\/stulecie.jpg","_links":{"self":[{"href":"https:\/\/htb.com.pl\/index.php?rest_route=\/wp\/v2\/posts\/2325","targetHints":{"allow":["GET"]}}],"collection":[{"href":"https:\/\/htb.com.pl\/index.php?rest_route=\/wp\/v2\/posts"}],"about":[{"href":"https:\/\/htb.com.pl\/index.php?rest_route=\/wp\/v2\/types\/post"}],"author":[{"embeddable":true,"href":"https:\/\/htb.com.pl\/index.php?rest_route=\/wp\/v2\/users\/1"}],"replies":[{"embeddable":true,"href":"https:\/\/htb.com.pl\/index.php?rest_route=%2Fwp%2Fv2%2Fcomments&post=2325"}],"version-history":[{"count":26,"href":"https:\/\/htb.com.pl\/index.php?rest_route=\/wp\/v2\/posts\/2325\/revisions"}],"predecessor-version":[{"id":2482,"href":"https:\/\/htb.com.pl\/index.php?rest_route=\/wp\/v2\/posts\/2325\/revisions\/2482"}],"wp:featuredmedia":[{"embeddable":true,"href":"https:\/\/htb.com.pl\/index.php?rest_route=\/wp\/v2\/media\/2345"}],"wp:attachment":[{"href":"https:\/\/htb.com.pl\/index.php?rest_route=%2Fwp%2Fv2%2Fmedia&parent=2325"}],"wp:term":[{"taxonomy":"category","embeddable":true,"href":"https:\/\/htb.com.pl\/index.php?rest_route=%2Fwp%2Fv2%2Fcategories&post=2325"},{"taxonomy":"post_tag","embeddable":true,"href":"https:\/\/htb.com.pl\/index.php?rest_route=%2Fwp%2Fv2%2Ftags&post=2325"}],"curies":[{"name":"wp","href":"https:\/\/api.w.org\/{rel}","templated":true}]}}