{"id":23483,"date":"2020-05-18T10:10:34","date_gmt":"2020-05-18T10:10:34","guid":{"rendered":"https:\/\/htb.com.pl\/?p=23483"},"modified":"2020-05-20T10:45:38","modified_gmt":"2020-05-20T10:45:38","slug":"wszystko-co-nasze","status":"publish","type":"post","link":"https:\/\/htb.com.pl\/?p=23483","title":{"rendered":"Wszystko co nasze"},"content":{"rendered":"\n<figure class=\"wp-block-image size-thumbnail\"><a href=\"https:\/\/htb.com.pl\/wp-content\/uploads\/2020\/05\/HSPS.mp3\"><img loading=\"lazy\" decoding=\"async\" width=\"150\" height=\"150\" src=\"https:\/\/htb.com.pl\/wp-content\/uploads\/2018\/04\/posluchaj-150x150.jpg\" alt=\"\" class=\"wp-image-2020\" srcset=\"https:\/\/htb.com.pl\/wp-content\/uploads\/2018\/04\/posluchaj-150x150.jpg 150w, https:\/\/htb.com.pl\/wp-content\/uploads\/2018\/04\/posluchaj-300x300.jpg 300w, https:\/\/htb.com.pl\/wp-content\/uploads\/2018\/04\/posluchaj-100x100.jpg 100w\" sizes=\"auto, (max-width: 150px) 100vw, 150px\" \/><\/a><\/figure>\n\n\n\n<p><\/p>\n\n\n\n<p>Tytu\u0142 to pierwsze s\u0142owa hymnu harcerskiego &#8211; jako dziecko w po\u0142owie lat siedemdziesi\u0105tych \u015bpiewa\u0142em to na szkolnych apelach. Wiersz Ignacego Kozielewskiego z 1911 roku, w 1918 sta\u0142 si\u0119 hymnem Polskich Harcerzy zast\u0119puj\u0105c Rot\u0119 Marii Konopnickiej. W latach siedemdziesi\u0105tych dokonano pewnych zmian, \u015bpiewali\u015bmy to na melodi\u0119 pie\u015bni rewolucyjnej &#8220;Na barykady ludu roboczy&#8221;. My wprowadzili\u015bmy swoje zmiany &#8211; wszystko co nasze, proponowali\u015bmy odda\u0107 za kasz\u0119, a co nie nasze odda\u0107 za ry\u017c. Kiedy\u015b takie moje wykonanie pan nauczyciel nazwa\u0142 prowokacj\u0105 i wywali\u0142 mnie z apelu. Ale to by\u0142a niewinna prowokacja, gdy por\u00f3wnamy do tego, co wtedy w ZHP zrobi\u0142a zawsze wroga Polsce Sanacja, czyli rz\u0105d na uchod\u017astwie, dzia\u0142aj\u0105cy w kraju poprzez swoj\u0105 agentur\u0119. Finansowani przez CIA starali si\u0119 przeszkadza\u0107 w odbudowie Polski ze zniszczeniach wojennych, nawet harcerstwo  niszczyli, a robili to tak.<\/p>\n\n\n\n<p> Przed wojn\u0105 Sanacja z J\u00f3zefem Pi\u0142sudskim by\u0142a zafascynowana Hitlerem. Ta fascynacja poniek\u0105d by\u0142a odwzajemniana. Po \u015bmierci Pi\u0142sudskiego (12.05.1935) Hitler og\u0142osi\u0142 w Niemczech \u017ca\u0142ob\u0119 narodow\u0105. Ja id\u0105c do szko\u0142y \u015bredniej w 1976 roku, wiedzia\u0142em o tym, Pani Maria mi powiedzia\u0142a, gdy \u017cegnali\u015bmy si\u0119 na 10 lat. Ja szed\u0142em do szko\u0142y z internatem, Ona wyje\u017cd\u017ca\u0142a do Anglii na studia. Pochwali\u0142em si\u0119 wtedy, \u017ce Rodzice kupili mi super bluz\u0119 HSPS (Harcerska S\u0142u\u017cba Polsce Socjalistycznej), by\u0142a obowi\u0105zkowa. Ona szko\u0142\u0119 \u015bredni\u0105 mia\u0142a za sob\u0105, opowiedzia\u0142a mi, \u017ce w 1973 roku, gdy  powsta\u0142o HSPS, Ona by\u0142a w drugiej klasie liceum i te\u017c musia\u0142a chodzi\u0107 w takiej bluzie. Jednak jej Dziadek zakaza\u0142, aby ubiera\u0142a to co\u015b &#8211; tak powiedzia\u0142. Wyja\u015bni\u0142, \u017ce w takich bluzach chodzi\u0142o Hitlerjugend (&#8220;M\u0142odzie\u017c Hitlera&#8221;). <\/p>\n\n\n\n<p>W roku 1980 b\u0119d\u0105c na Zlocie Przodownik\u00f3w Nauki i Pracy w Zamo\u015bciu, zapisa\u0142em si\u0119 do wyst\u0105pienia na obradach plenarnych. Chcia\u0142em powiedzie\u0107 o tych bluzach ale w kuluarach wypapla\u0142em co powiedzie\u0107 chcia\u0142em, kto\u015b doni\u00f3s\u0142 i nie przemawia\u0142em. Jednak podczas dyskusji panelowej opowiedzia\u0142em o Marysi i jej Dziadku &#8211; brawa dosta\u0142em. Rok p\u00f3\u017aniej na wiosn\u0119, kto\u015b podni\u00f3s\u0142 ten temat na VII Zje\u017adzie ZHP i hitlerowskie bluzy znikn\u0119\u0142y. <\/p>\n\n\n\n<p>Dzi\u015b do w\u0142adzy w Polsce doszli ci, dla kt\u00f3rych Sanacja jest wzorem, na moim blogu pisz\u0119 o tym od lat. Mam nadziej\u0119, \u017ce kto\u015b to zauwa\u017cy i zmieni nasz \u015bwiat. Mam nadziej\u0119, \u017ce b\u0119dzie to inny kto\u015b ni\u017c ten, co zauwa\u017cy\u0142 i doni\u00f3s\u0142, \u017ce KAZIK wygra\u0142 List\u0119 Przeboj\u00f3w Tr\u00f3jki<\/p>\n\n\n\n<figure class=\"wp-block-embed-youtube wp-block-embed is-type-video is-provider-youtube wp-embed-aspect-16-9 wp-has-aspect-ratio\"><div class=\"wp-block-embed__wrapper\">\n<iframe loading=\"lazy\" title=\"KAZIK - Tw\u00f3j b\u00f3l jest lepszy ni\u017c m\u00f3j [OFFICIAL VIDEO]\" width=\"848\" height=\"477\" src=\"https:\/\/www.youtube.com\/embed\/o9LzNtpjhV0?feature=oembed\" frameborder=\"0\" allow=\"accelerometer; autoplay; encrypted-media; gyroscope; picture-in-picture\" allowfullscreen><\/iframe>\n<\/div><\/figure>\n\n\n\n<p>Kazik Staszewski to moje pokolenie &#8211; my\u015bl\u0119, \u017ce te\u017c \u015bpiewa\u0142 na szkolnych apelach, \u017ce  za kasz\u0119 odda wszystko co nasze, a co nie nasze odda za ry\u017c. Wtedy za co\u015b takiego mo\u017cna by\u0142o dosta\u0107 uwag\u0119 &#8211; dzi\u015b znikn\u0119\u0142a &#8220;Tr\u00f3jka&#8221;. Ta rozg\u0142o\u015bnia to by\u0142a marka, to by\u0142o co\u015b naszego, polskiego. Po stadninach koni, za kt\u00f3re Marysia kogo\u015b pewnie by pobi\u0142a &#8211; gdyby \u017cy\u0142a, znika co\u015b drogiego mojemu sercu, co\u015b co zawsze mi si\u0119 kojarzy\u0142o z Polskim Radiem. <\/p>\n\n\n\n<p>Zniszczono polski przemys\u0142, energetyk\u0119, rolnictwo, lasy. Za ry\u017c pracowali i Europ\u0119 po II wojnie \u015bwiatowej odbudowali &#8211; \u015bmieje si\u0119 premier Mateusz Morawiecki z tych, co mu zaufali. A tych co si\u0119 nie nabrali, inny wyzywa od zdradzieckich mord. Tak nikt nigdy bezkarnie nie m\u00f3wi\u0142 do Polak\u00f3w. Jeste\u015bcie jak Pi\u0142sudski, nic nie rozumiecie ale teraz strzela\u0107 do nas nie b\u0119dziecie, bo nie umiecie. To my zdecydujemy co b\u0119dzie &#8211; wkr\u00f3tce si\u0119 dowiecie.<\/p>\n\n\n\n<p><\/p>\n\n\n\n<p><\/p>\n","protected":false},"excerpt":{"rendered":"<p>Tytu\u0142 to pierwsze s\u0142owa hymnu harcerskiego &#8211; jako dziecko w po\u0142owie lat siedemdziesi\u0105tych \u015bpiewa\u0142em to na szkolnych apelach. Wiersz Ignacego Kozielewskiego z 1911 roku, w 1918 sta\u0142 si\u0119 hymnem Polskich Harcerzy zast\u0119puj\u0105c Rot\u0119 Marii Konopnickiej. W latach siedemdziesi\u0105tych dokonano pewnych zmian, \u015bpiewali\u015bmy to na melodi\u0119 pie\u015bni rewolucyjnej &#8220;Na barykady ludu roboczy&#8221;. My wprowadzili\u015bmy swoje zmiany [&hellip;]<\/p>\n","protected":false},"author":1,"featured_media":23499,"comment_status":"open","ping_status":"open","sticky":false,"template":"","format":"standard","meta":{"_jetpack_memberships_contains_paid_content":false,"footnotes":""},"categories":[4],"tags":[],"class_list":["post-23483","post","type-post","status-publish","format-standard","has-post-thumbnail","hentry","category-daty-i-fakty-blog"],"jetpack_sharing_enabled":true,"jetpack_featured_media_url":"https:\/\/htb.com.pl\/wp-content\/uploads\/2020\/05\/Po\u017cegnanie.jpg","_links":{"self":[{"href":"https:\/\/htb.com.pl\/index.php?rest_route=\/wp\/v2\/posts\/23483","targetHints":{"allow":["GET"]}}],"collection":[{"href":"https:\/\/htb.com.pl\/index.php?rest_route=\/wp\/v2\/posts"}],"about":[{"href":"https:\/\/htb.com.pl\/index.php?rest_route=\/wp\/v2\/types\/post"}],"author":[{"embeddable":true,"href":"https:\/\/htb.com.pl\/index.php?rest_route=\/wp\/v2\/users\/1"}],"replies":[{"embeddable":true,"href":"https:\/\/htb.com.pl\/index.php?rest_route=%2Fwp%2Fv2%2Fcomments&post=23483"}],"version-history":[{"count":20,"href":"https:\/\/htb.com.pl\/index.php?rest_route=\/wp\/v2\/posts\/23483\/revisions"}],"predecessor-version":[{"id":23623,"href":"https:\/\/htb.com.pl\/index.php?rest_route=\/wp\/v2\/posts\/23483\/revisions\/23623"}],"wp:featuredmedia":[{"embeddable":true,"href":"https:\/\/htb.com.pl\/index.php?rest_route=\/wp\/v2\/media\/23499"}],"wp:attachment":[{"href":"https:\/\/htb.com.pl\/index.php?rest_route=%2Fwp%2Fv2%2Fmedia&parent=23483"}],"wp:term":[{"taxonomy":"category","embeddable":true,"href":"https:\/\/htb.com.pl\/index.php?rest_route=%2Fwp%2Fv2%2Fcategories&post=23483"},{"taxonomy":"post_tag","embeddable":true,"href":"https:\/\/htb.com.pl\/index.php?rest_route=%2Fwp%2Fv2%2Ftags&post=23483"}],"curies":[{"name":"wp","href":"https:\/\/api.w.org\/{rel}","templated":true}]}}