{"id":235,"date":"2018-04-23T05:30:48","date_gmt":"2018-04-23T05:30:48","guid":{"rendered":"http:\/\/htb.com.pl\/?p=235"},"modified":"2020-04-21T12:22:01","modified_gmt":"2020-04-21T12:22:01","slug":"235","status":"publish","type":"post","link":"https:\/\/htb.com.pl\/?p=235","title":{"rendered":"Katy\u0144"},"content":{"rendered":"<div class=\"p_18_fpesjyd e_18_fpewi1u clearfix\">\n<div class=\"clearfix v_18_fpesitm\">\n<div class=\"clearfix _42ef\">\n<div class=\"c_18_fpesitl\">\n<div>\n<div class=\"_6a _5u5j\">\n<div class=\"_6a _5u5j _6b\">\n<h5 class=\"_14f3 _14f5 _5pbw _5vra\" data-ft=\"{&quot;tn&quot;:&quot;C&quot;}\"><span class=\"fwn fcg\"><span class=\"fwb fcg\" data-ft=\"{&quot;tn&quot;:&quot;;&quot;}\">\u00a0<\/span><\/span><\/h5>\n<div id=\"feed_subtitle_100001376195691;1620169278038930;;9\" class=\"_5pcp _5lel _2jyu _232_\">\n<p><span class=\"fsm fwn fcg\"><a class=\"_5pcq\" href=\"https:\/\/www.facebook.com\/jan.chmura.79\/posts\/1620169278038930\" target=\"\" rel=\"noopener noreferrer\"><abbr class=\"_5ptz\" title=\"25.02.2018 08:25\" data-utime=\"1519543502\" data-shorten=\"1\"><span class=\"timestampContent\">25 lutego<\/span><\/abbr><\/a>\u00a020189<\/span><\/p>\n<div id=\"u_0_15\" class=\"_6a _43_1 _4f-9 _nws _21p0 _fol\"><\/div>\n<\/div>\n<\/div>\n<\/div>\n<\/div>\n<\/div>\n<\/div>\n<\/div>\n<\/div>\n<div class=\"_5pbx userContent _3576\" data-ft=\"{&quot;tn&quot;:&quot;K&quot;}\">\n<p><img loading=\"lazy\" decoding=\"async\" class=\"alignnone size-full wp-image-236\" src=\"http:\/\/htb.com.pl\/wp-content\/uploads\/2018\/04\/Katy\u0144.jpg\" alt=\"\" width=\"248\" height=\"203\" \/><a href=\"https:\/\/htb.com.pl\/wp-content\/uploads\/2018\/12\/25-Katy\u0144.mp3\"><img loading=\"lazy\" decoding=\"async\" class=\"size-medium wp-image-2020 alignright\" src=\"https:\/\/htb.com.pl\/wp-content\/uploads\/2018\/04\/posluchaj-300x280.jpg\" alt=\"\" width=\"300\" height=\"280\" srcset=\"https:\/\/htb.com.pl\/wp-content\/uploads\/2018\/04\/posluchaj-300x280.jpg 300w, https:\/\/htb.com.pl\/wp-content\/uploads\/2018\/04\/posluchaj-768x716.jpg 768w, https:\/\/htb.com.pl\/wp-content\/uploads\/2018\/04\/posluchaj-1024x955.jpg 1024w, https:\/\/htb.com.pl\/wp-content\/uploads\/2018\/04\/posluchaj-600x560.jpg 600w, https:\/\/htb.com.pl\/wp-content\/uploads\/2018\/04\/posluchaj.jpg 1158w\" sizes=\"auto, (max-width: 300px) 100vw, 300px\" \/><\/a><br \/>\nWiosn\u0105 1940 roku rozstrzelano co najmniej 21 768 obywateli Polski, w tym ponad 10 tysi\u0119cy oficer\u00f3w wojska i policji.<br \/>\nOfiarami zbrodni byli oficerowie, podoficerowie oraz szeregowi Wojska Polskiego, cz\u0119\u015bciowo pochodz\u0105cy z rezerwy (naukowcy, lekarze, in\u017cynierowie, prawnicy, nauczyciele, urz\u0119dnicy pa\u0144stwowi, przedsi\u0119biorcy, przedstawiciele wolnych zawod\u00f3w), kt\u00f3rzy po agresji ZSRR na Polsk\u0119, uzgodnionej przez ZSRR z III Rzesz\u0105 na podstawie paktu Ribbentrop-Mo\u0142otow, zostali po 17 wrze\u015bnia 1939 roku w r\u00f3\u017cnych okoliczno\u015bciach rozbrojeni i zatrzymani przez Armi\u0119 Czerwon\u0105 na terytorium Rzeczypospolitej Polskiej jako je\u0144cy wojenni, a potem wymordowani. Szacuje si\u0119, \u017ce uratowa\u0142o si\u0119 oko\u0142o 400 ludzi. Jednym z nich by\u0142 Genera\u0142 Zygmunt Berling, dow\u00f3dca 1 Dywizji Piechoty im. Tadeusza Ko\u015bciuszki i 1 Armii WP<br \/>\nPierwszy raz spotka\u0142em si\u0119 z tym tematem 1970 roku w Warszawie. Tata jecha\u0142 na spotkanie SITLID (Stowarzyszenie In\u017cynier\u00f3w i Technik\u00f3w Le\u015bnictwa i Drzewnictwa). Spotkanie odbywa\u0142o si\u0119 w Pa\u0142acu Kultury i Nauki. Bardzo chcia\u0142em zobaczy\u0107 Pa\u0142ac Kultury. Jako\u015b przekona\u0142em Tat\u0119 \u017ceby mnie zabra\u0142. Mia\u0142em poparcie Mamy, moja obecno\u015b\u0107 mia\u0142a zagwarantowa\u0107, \u017ce Tata nie popije. To si\u0119 uda\u0142o cz\u0119\u015bciowo. Takich gwarant\u00f3w jak ja by\u0142o wi\u0119cej. Podczas uroczystego obiadu dano nam osobny st\u00f3\u0142. Oran\u017cada na naszym stole by\u0142a super, ta na sto\u0142ach dla doros\u0142ych strasznie pali\u0142a w gard\u0142o. Mia\u0142em nieszcz\u0119\u015bcie spr\u00f3bowa\u0107. Ta pal\u0105ca oran\u017cada nie smakowa\u0142a te\u017c starszemu panu w mundurze. By\u0142 tam najwa\u017cniejszy. M\u00f3wili do niego generale albo ministrze. Dzi\u015b wiem, \u017ce by\u0142 to Genera\u0142 Zygmunt Berling, pe\u0142ni\u0105cy wtedy funkcj\u0119 wiceministra le\u015bnictwa. Odkry\u0142 on, \u017ce oran\u017cada na naszym stole nie jest pal\u0105ca i usiad\u0142 z nami. Po chwili dosiad\u0142o si\u0119 dw\u00f3ch podpitych tartacznik\u00f3w. Mnie przypominali by\u0142ych partyzant\u00f3w z mojej wsi. Zapytali genera\u0142a jak to si\u0119 sta\u0142o, \u017ce ruscy nie zabili go w Katyniu. Dogada\u0142em si\u0119 z nimi odpowiedzia\u0142. Jak, zapytali tartacznicy. Zapyta\u0142em ich, czemu chc\u0105 wymordowa\u0107 Polak\u00f3w. Powiedzieli, \u017ce Polak\u00f3w nie ma, nie ma bo nie ma rz\u0105du polskiego. Ja jestem rz\u0105d powiedzia\u0142em, i wzi\u0105\u0142em nkawudzist\u0119 za fraki. M\u00f3wi\u0105c to pokaza\u0142 jak to zrobi\u0142. Chwyci\u0142 podpitego marud\u0119 za marynar\u0119 i postawi\u0142 do pionu. By\u0142 rz\u0105d, w Londynie wycharcza\u0142 wystraszony tartacznik. Genera\u0142 pu\u015bci\u0142 go. Pod \u015bcian\u0105 na stoliku sta\u0142 globus. Genera\u0142 postawi\u0142 globus na naszym stole i zapyta\u0142, gdzie jest ten Londyn? Wszyscy zacz\u0119li szuka\u0107 Londynu. Tylko ja sta\u0142em, wiedzia\u0142em gdzie jest Londyn, my\u015bla\u0142em o tym co kiedy\u015b powiedzia\u0142a Babcia. Powiedzia\u0142a, \u017ce z naszej wsi w czasie wojny w wojsku s\u0142u\u017cy\u0142o tylko kilku ch\u0142opak\u00f3w. Reszta nie wiedzia\u0142a gdzie jest Londyn, m\u00f3wi\u0105c to by\u0142a z\u0142a. Teraz zrozumia\u0142em dlaczego. Wreszcie odnaleziono Londyn i globus wr\u00f3ci\u0142 pod \u015bcian\u0119. Aaa czemu Pan twierdzi, \u017ce polskich oficer\u00f3w zabili Niemcy, zapytali tartacznicy. Bo jestem pragmatykiem, odpowiedzia\u0142 Berling. Nikt przy naszym stole nie wiedzia\u0142 co znaczy to s\u0142owo i dyskusja upad\u0142a, razem z g\u0142owami tartacznik\u00f3w. Patrz\u0105c na \u015bpi\u0105cych na stole drzewiarzy genera\u0142 troch\u0119 do siebie a troch\u0119 do nas dzieci powiedzia\u0142. W ty\u0142 g\u0142owy strzela si\u0119 w kulturze bizantyjskiej. Niemcy tak nie zabijaj\u0105. Dobrze jednak wiedzieli co tam si\u0119 wyrabia. To by\u0142 ich sprytny plan. Wymordowano nasz\u0105 elit\u0119, a Niemcy mogli udawa\u0107 niewini\u0105tka. Popatrzy\u0142em na tego pana, by\u0142 inny ni\u017c ci wszyscy wok\u00f3\u0142. On te\u017c zauwa\u017cy\u0142 m\u00f3j wzrok. Co to jest pragmatyzm, zapyta\u0142em. To co\u015b dobrego odpowiedzia\u0142 Berling, jest te\u017c takie s\u0142owo &#8211; romantyzm, i to z kolei jest co\u015b z\u0142ego. Romantyzm &#8211; to \u0142adne s\u0142owo, powiedzia\u0142em, dlaczego romantyzm jest z\u0142y. Genera\u0142 na stole po\u0142o\u017cy\u0142 sw\u00f3j pas. Po jednej i po drugiej stronie pasa sta\u0142y butelki po oran\u017cadzie. To jest Wis\u0142a powiedzia\u0142 genera\u0142 wskazuj\u0105c na pas. W czasie wojny tu by\u0142em ja, pragmatyk ze swoim wojskiem, a tu by\u0142o powstanie warszawskie, romantyzm. Masz racj\u0119, romantyzm mo\u017ce by\u0107 pi\u0119kny, spodoba\u0142 si\u0119 wtedy i nam. Genera\u0142 poprzestawia\u0142 butelki na romantyczna stron\u0119. Popatrzy\u0142 &#8211; dwie odstawi\u0142 z powrotem i usiad\u0142. Twarz ukry\u0142 w d\u0142oniach, ale i tak by\u0142o wida\u0107, \u017ce p\u0142acze. Straci\u0142em ich, prawie wszystkich straci\u0142em, powiedzia\u0142 i odszed\u0142. Wtedy nie wszystko zrozumia\u0142em, dzi\u015b wiem, \u017ce m\u00f3wi\u0142 o ponad dw\u00f3ch tysi\u0105cach swoich \u017co\u0142nierzy, kt\u00f3rzy zgin\u0119li zdobywaj\u0105c przycz\u00f3\u0142ki na powsta\u0144czym, lewym brzegu Wis\u0142y, w czasie powstania warszawskiego.<br \/>\nW naszym salonie wisi wiele zdj\u0119\u0107 przodk\u00f3w. Go\u015bcie zwracaj\u0105 uwag\u0119 na Tat\u0119 \u017bony. <img loading=\"lazy\" decoding=\"async\" class=\"alignnone size-medium wp-image-21926\" src=\"https:\/\/htb.com.pl\/wp-content\/uploads\/2018\/04\/Te\u015b\u0107-225x300.jpg\" alt=\"\" width=\"225\" height=\"300\" srcset=\"https:\/\/htb.com.pl\/wp-content\/uploads\/2018\/04\/Te\u015b\u0107-225x300.jpg 225w, https:\/\/htb.com.pl\/wp-content\/uploads\/2018\/04\/Te\u015b\u0107.jpg 480w\" sizes=\"auto, (max-width: 225px) 100vw, 225px\" \/> Oficer w mundurze, z wieloma odznaczeniami, robi wra\u017cenie. Syn Pu\u0142ku, ta odznaka dla mnie jest chyba najwa\u017cniejsza. Nosz\u0105 tak\u0105 ci, co jako dzieci-\u017co\u0142nierze walczyli w szeregach Wojska Polskiego w czasie II wojny \u015bwiatowej. Zona jednak zawsze zwraca uwag\u0119 go\u015bci na swego Dziadka. <img loading=\"lazy\" decoding=\"async\" class=\"alignnone size-medium wp-image-21928\" src=\"https:\/\/htb.com.pl\/wp-content\/uploads\/2018\/04\/Dziadek-225x300.jpg\" alt=\"\" width=\"225\" height=\"300\" srcset=\"https:\/\/htb.com.pl\/wp-content\/uploads\/2018\/04\/Dziadek-225x300.jpg 225w, https:\/\/htb.com.pl\/wp-content\/uploads\/2018\/04\/Dziadek.jpg 480w\" sizes=\"auto, (max-width: 225px) 100vw, 225px\" \/> Podoficer w mundurze przedwojennego policjanta, odznacze\u0144 ma zdecydowanie mniej od Te\u015bcia. \u017bona zawsze m\u00f3wi, \u017ce dziadek wysiad\u0142 z transportu do Katynia. Tak to opowiada\u0142. By\u0142 pragmatykiem, wiedzia\u0142, \u017ce jeniec wojenny u sowiet\u00f3w to bzdura. Pewnie da\u0142 ruskim flach\u0119, a mo\u017ce nawet zegarek i go pu\u015bcili.<br \/>\nOcenianie z dzisiejszej perspektywy ludzi, kt\u00f3rzy musieli podejmowa\u0107 decyzje w warunkach wojennych. Decyzje od kt\u00f3rych cz\u0119sto zale\u017ca\u0142o ich \u017cycie, jest moim zdaniem nieuprawnione. Ostatnio Pan Premier Mateusz Morawiecki zr\u00f3wna oprawc\u00f3w niemieckich, \u017cydowskich i polskich, wypowiadaj\u0105c si\u0119 w kontek\u015bcie holocaustu. Niemcy stworzyli mechanizm zag\u0142ady Narodu \u017bydowskiego, Polskiego i Romskiego. Narod\u00f3w, kt\u00f3re dla nazist\u00f3w tworzy\u0142y jedynie spo\u0142eczno\u015b\u0107, nie byli reprezentowani przez rz\u0105d. No &#8211; My Polacy przed wojn\u0105 mieli\u015bmy rz\u0105d, ale jak wybuch\u0142a wojna to ten rz\u0105d zwia\u0142, dla Hitlera byli\u015bmy nikim. Ten mechanizm zag\u0142ady przewidywa\u0142, \u017ce w obozach, gettach b\u0119d\u0105 funkcyjni pochodz\u0105cy z po\u015br\u00f3d mordowanych. Policjant \u017cydowski w getcie musia\u0142 wskaza\u0107 odpowiedni\u0105 liczb\u0119 przeznaczonych do obozu. Inaczej zabrano jego i jego rodzin\u0119. Nie tylko dla Niemc\u00f3w byli\u015bmy jedynie spo\u0142eczno\u015bci\u0105, Alianci i Rosjanie te\u017c nas tak traktowali, jak \u017byd\u00f3w i Rom\u00f3w. Dopiero Berling i jego Ko\u015bciuszkowcy sprawili, \u017ce stali\u015bmy si\u0119 ponownie Narodem, kt\u00f3ry ma rz\u0105d. Mo\u017ce i s\u0142aby, podleg\u0142y ale rz\u0105d. W bitwie pod Lenino Niemcy z megafon\u00f3w przekonywali walcz\u0105cych Polak\u00f3w, \u017ce to nie jest ich rz\u0105d, m\u00f3wili to co dzisiejsi nasi rz\u0105dz\u0105cy, proponowali przej\u015bcie na ich, niemiecka stron\u0119. Wiedzieli co zrobili Polakom, cz\u0119sto bezbronnym kobietom i dzieciom. Teraz ci Polacy mieli bro\u0144, a to dla ich Niemc\u00f3w oznacza\u0142o \u015bmier\u0107. Rz\u0105d Londy\u0144ski, te\u017c poszed\u0142 po rozum do g\u0142owy, zaproponowali akcj\u0119 Burza, pisa\u0142em o tym.<br \/>\nDzi\u015b nasz rz\u0105d likwiduje pomniki zwi\u0105zane z Ko\u015bciuszkowcami, zmienia program nauczania historii. No c\u00f3\u017c, ja to nawet rozumiem, nie ma si\u0119 czym chwali\u0107. Mo\u017ce jednak zostawmy to historykom i we\u017amy si\u0119 do roboty. To do rz\u0105dz\u0105cych m\u00f3wi\u0119, bo znowu b\u0119dziecie spieprza\u0107 jak wtedy przez Zaleszczyki.<br \/>\nWojna &#8211; to jest koszmar, nieszcz\u0119\u015bcie. Cieszmy si\u0119 pokojem, dbajmy aby historia si\u0119 nie powt\u00f3rzy\u0142a. Przesta\u0144my wreszcie si\u0119 wyzywa\u0107 od zdradzieckich mord, gorszego sorty, watach kt\u00f3re trzeba dor\u017cn\u0105\u0107, komunist\u00f3w, z\u0142odziei. Popatrzmy na nasze dzieci, wnuki. Niech \u017cyj\u0105 w \u015bwiecie bez granic, uprzedze\u0144, ksenofobii. Nie musz\u0105 si\u0119 na wszystko zgadza\u0107, jednak tolerowa\u0107 odmienno\u015b\u0107 powinni, musimy ich tego nauczy\u0107. No- najpierw sami musimy si\u0119 tego nauczy\u0107. Musimy, bo inaczej\u2026<br \/>\nWo\u0142y\u0144 \u2013 to b\u0119dzie kolejny wpis.<\/p>\n<\/div>\n","protected":false},"excerpt":{"rendered":"<p>\u00a0 25 lutego\u00a020189 Wiosn\u0105 1940 roku rozstrzelano co najmniej 21 768 obywateli Polski, w tym ponad 10 tysi\u0119cy oficer\u00f3w wojska i policji. Ofiarami zbrodni byli oficerowie, podoficerowie oraz szeregowi Wojska Polskiego, cz\u0119\u015bciowo pochodz\u0105cy z rezerwy (naukowcy, lekarze, in\u017cynierowie, prawnicy, nauczyciele, urz\u0119dnicy pa\u0144stwowi, przedsi\u0119biorcy, przedstawiciele wolnych zawod\u00f3w), kt\u00f3rzy po agresji ZSRR na Polsk\u0119, uzgodnionej przez ZSRR [&hellip;]<\/p>\n","protected":false},"author":1,"featured_media":0,"comment_status":"open","ping_status":"open","sticky":false,"template":"","format":"standard","meta":{"_jetpack_memberships_contains_paid_content":false,"footnotes":""},"categories":[4],"tags":[],"class_list":["post-235","post","type-post","status-publish","format-standard","hentry","category-daty-i-fakty-blog"],"jetpack_sharing_enabled":true,"jetpack_featured_media_url":"","_links":{"self":[{"href":"https:\/\/htb.com.pl\/index.php?rest_route=\/wp\/v2\/posts\/235","targetHints":{"allow":["GET"]}}],"collection":[{"href":"https:\/\/htb.com.pl\/index.php?rest_route=\/wp\/v2\/posts"}],"about":[{"href":"https:\/\/htb.com.pl\/index.php?rest_route=\/wp\/v2\/types\/post"}],"author":[{"embeddable":true,"href":"https:\/\/htb.com.pl\/index.php?rest_route=\/wp\/v2\/users\/1"}],"replies":[{"embeddable":true,"href":"https:\/\/htb.com.pl\/index.php?rest_route=%2Fwp%2Fv2%2Fcomments&post=235"}],"version-history":[{"count":5,"href":"https:\/\/htb.com.pl\/index.php?rest_route=\/wp\/v2\/posts\/235\/revisions"}],"predecessor-version":[{"id":21929,"href":"https:\/\/htb.com.pl\/index.php?rest_route=\/wp\/v2\/posts\/235\/revisions\/21929"}],"wp:attachment":[{"href":"https:\/\/htb.com.pl\/index.php?rest_route=%2Fwp%2Fv2%2Fmedia&parent=235"}],"wp:term":[{"taxonomy":"category","embeddable":true,"href":"https:\/\/htb.com.pl\/index.php?rest_route=%2Fwp%2Fv2%2Fcategories&post=235"},{"taxonomy":"post_tag","embeddable":true,"href":"https:\/\/htb.com.pl\/index.php?rest_route=%2Fwp%2Fv2%2Ftags&post=235"}],"curies":[{"name":"wp","href":"https:\/\/api.w.org\/{rel}","templated":true}]}}