{"id":23552,"date":"2020-05-22T05:36:41","date_gmt":"2020-05-22T05:36:41","guid":{"rendered":"https:\/\/htb.com.pl\/?p=23552"},"modified":"2020-05-22T07:49:02","modified_gmt":"2020-05-22T07:49:02","slug":"wybieranie-przez-nabieranie","status":"publish","type":"post","link":"https:\/\/htb.com.pl\/?p=23552","title":{"rendered":"Wybieranie przez nabieranie"},"content":{"rendered":"\n<p><\/p>\n\n\n\n<figure class=\"wp-block-image size-large\"><img loading=\"lazy\" decoding=\"async\" width=\"271\" height=\"186\" src=\"https:\/\/htb.com.pl\/wp-content\/uploads\/2018\/04\/pa\u0142ac.jpg\" alt=\"\" class=\"wp-image-218\"\/><\/figure>\n\n\n\n<p>Demokracja polega na wybieraniu, mo\u017cemy wybra\u0107 polityka dobrego albo z\u0142ego. W Polsce jest problem, bo trudno wybra\u0107 dobrego. Na moim blogu pisz\u0119 dlaczego ale \u017ceby nie czyta\u0107 wszystkiego, w skr\u00f3cie odpowiem. Nasi politycy w wi\u0119kszo\u015bci nie maj\u0105 wyobra\u017ani i wzoruj\u0105 si\u0119 na polityce Pi\u0142sudskiego zamiast Paderewskiego.<\/p>\n\n\n\n<p>A to Ignacy Jan Paderewski, roku pami\u0119tnego 1918, wygra\u0142 nam wolno\u015b\u0107 &#8211; na fortepianie. Pogodzi\u0107 polityk\u00f3w nie by\u0142  jednak w stanie i zacz\u0119\u0142o si\u0119  sk\u0142\u00f3canie, a gdy czerwony wr\u00f3g w granicach &#8211; uciekanie&#8230; Sto lat temu to by\u0142o ale dobrze si\u0119 sko\u0144czy\u0142o. Gdy ju\u017c polityk\u00f3w nie by\u0142o, wojsko genera\u0142a Rozwadowskiego  z ch\u0142opami premiera Witosa si\u0119 zjednoczy\u0142o i czerwonych rozwali\u0142o. Cud nad Wis\u0142\u0105, 13-25 sierpnia 1920 rok. Jednak politycy powr\u00f3cili, zwyci\u0119zc\u00f3w pogonili i na nowo Polak\u00f3w sk\u0142\u00f3cili. Pierwszego prezydenta Gabriela Narutowicza w zamachu zabili, (16 grudnia 1922 rok) potem swojego Stanis\u0142awa Wojciechowskiego wybrali i dalej nas sk\u0142\u00f3cali, To sk\u0142\u00f3canie do perfekcji opanowali i w maju 1926 nawet \u017ce\u015bmy do siebie strzelali &#8211; przewr\u00f3t majowy 12-15 maja 1926 rok. Rozpocz\u0119\u0142a si\u0119 Sanacja (\u0142ac. uzdrowienie), czyli taka dzisiejsza pandokracja &#8211; wodzowska demokracja. Pandemia koronawirusa sprawi\u0142a, \u017ce w kilku krajach, a w tym w Polsce pandokracja demokracj\u0119 zast\u0105pi\u0142a i rz\u0105dy &#8220;wata\u017ckom&#8221; umo\u017cliwi\u0142a. Wtedy Sanacja  J\u00f3zefa Pi\u0142sudskiego wielbi\u0142a &#8211; dzi\u015b <strong>PiS Sanacja-bis<\/strong> Jaros\u0142awa Kaczy\u0144skiego swoim &#8220;wata\u017ck\u0105&#8221; zrobi\u0142a. Tak wtedy jak i dzi\u015b zmierzamy do tego samego &#8211; utraty<strong> KRAJU NASZEGO<\/strong>. Po \u015bmierci Pi\u0142sudskiego, (12 maja 1935) mog\u0142y dla Polski  nasta\u0107 lepsze czasy &#8211; gdyby\u015bmy wtedy mieli s\u0105siada dobrego &#8211; cho\u0107 jednego. Niestety podobnie jak dzi\u015b, nie by\u0142o takiego i we wrze\u015bniu 1939 nic nie zosta\u0142o z kraju naszego. Politycy znowu pouciekali, rz\u0105d w Londynie stworzyli, tam Niemc\u00f3w si\u0119 ju\u017c nie bali i tego pilnowali. Czerwoni z Niemcami si\u0119 dogadali i razem Polsk\u0119 okupowali. Gdy si\u0119 pok\u0142\u00f3cili (22 maja 1941), Polacy w kraju na czerwonych postawili, ci w Londynie si\u0119 nie zgodzili, czym wielki konflikt w narodzie stworzyli. Czerwoni wojn\u0119 wygrali i Polsk\u0119 nam oddali &#8211; bo nas w boju poznali.  Sko\u0144czy\u0142o si\u0119 nabieranie i zacz\u0119\u0142o Polski odbudowywanie. Mniejszej, nie ca\u0142kiem suwerennej ale dumnej. Przez wszystkich uznawanej, bo niepokonanej. Ka\u017cdy to wiedzia\u0142, a jak nie wiedzia\u0142 &#8211; Stalin mu powiedzia\u0142.<\/p>\n\n\n\n<p>By\u0142o kilka takich wypowiedzi, wschodnich nied\u017awiedzi; W\u0119gry 1956 rok, Czechos\u0142owacja 20 sierpnia 1968 rok. Siedem latek wtedy mia\u0142em i powr\u00f3s\u0142a na polu wi\u0105za\u0142em. Nagle si\u0119 \u015bciemni\u0142o, ca\u0142e niebo samolotami si\u0119 zakry\u0142o &#8211; naprawd\u0119 du\u017co ich by\u0142o. Rodzice jednak czym innym si\u0119 martwili &#8211; ma\u0142o mendli \u017cyta postawili. Wkr\u00f3tce si\u0119 martwi\u0107 przestali, w 1970 roku Edwarda Gierka Polacy wybrali, ten po\u017cyczy\u0142 dolary i 10 lat \u017ce\u015bmy bumbali. Cukrem si\u0119 krzepili, prawie po\u0142ow\u0119 tego co dzi\u015b pili pili, a jak cukru zabrak\u0142o, reglamentowali i szybko ogromn\u0105 cukrowni\u0119 w Ropczycach budowali. Ci co przed Niemcami w 1939 roku do Londynu zwiali, maj\u0105tki  w Polsce pozostawiali, teraz odzyska\u0107 je chcieli. Z CIA si\u0119 dogadali i znowu nas nabrali &#8211; kolejne pi\u0119kne  s\u0142owo &#8220;SOLIDARNO\u015a\u0106&#8221; zmarnowali. Dawnego Sanacja dla niepoznaki nie u\u017cywali. Maj\u0105tki odzyskali, a co zosta\u0142o obcym sprzedawali &#8211; i tu niespodzianka. Ci co kiedy\u015b na czerwonego konia stawiali, nie do ko\u0144ca si\u0119 nabrali i znowu cz\u0119\u015b\u0107 polskiego maj\u0105tku uratowali. Nawet kilka razy rz\u0105dy w kraju przejmowali, Konstytucj\u0119 napisali i uchwalili, (1997 rok) do Unii Europejskiej nas wprowadzili (01.05.2004.). Ci z dawnej Sanacji im przeszkadzali, bo nie wszystko zrabowali. Znowu nas nabrali, my\u015bmy ich wybrali i nawet rz\u0105dzi\u0107 pr\u00f3bowali. Wszystko poki\u0107kali, a teraz prosz\u0105, by\u015bmy ich prezydenta ponownie wybrali. Czas by\u015bmy si\u0119 w g\u0142ow\u0119 popukali.Tylko nie za mocno, bo kto\u015b pomy\u015bli, \u017ce bija w tarabany.<\/p>\n\n\n\n<p>To powiedzenie Marysi &#8211; sk\u0105d Ty to Anio\u0142ku ju\u017c wtedy wiedzia\u0142a\u015b?<\/p>\n\n\n\n<p>By\u0142 1987 rok, Marysia w Polsce terroryzm w zarodku likwidowa\u0142a, nuncjusza apostolskiego Francesco Colasuonno s\u0142ucha\u0142a, a genera\u0142a Wojciecha Jaruzelskiego szanowa\u0142a &#8211; czym bardzo Polsce pomaga\u0142a. Dzi\u015b Papie\u017ca nie s\u0142uchamy, a prezydenta RP wy\u015bmiewamy. Kiedy wreszcie si\u0119 w g\u0142ow\u0119 popukamy.<\/p>\n\n\n\n<p>Po tym jak Ma\u0142gorzata Kidawa-B\u0142o\u0144ska zrezygnowa\u0142a ze startu w wyborach prezydenckich. Platforma Obywatelska wystawi\u0142a Rafa\u0142a Trzaskowskiego, prezydenta Warszawy. PiS-owycy si\u0119 go boj\u0105 &#8211; pami\u0119taj\u0105 jak w wyborach samorz\u0105dowych pokona\u0142 Patryka Jakiego i to ju\u017c w pierwszej turze. Pan Kaczy\u0144ski nie wymy\u015bli\u0142 jeszcze jednolitego przekazu i Trzaskowski jest atakowany bez rozkazu. Opisz\u0119 taki atak pos\u0142a z Sandomierza, Marka Kwitka PiS. Jest to bowiem kwintesencja dzia\u0142a\u0144 Zjednoczonej Prawicy. Pan pose\u0142 podobnie jak jego partyjni koledzy nic nie rozumie, bo sam my\u015ble\u0107 nie umie.  Znalaz\u0142 w internecie zdj\u0119cie (kiepski fotomonta\u017c) Rafa\u0142a Trzaskowskiego, obok Wojciecha Jaruzelskiego i skomentowa\u0142, \u017ce to mistrz i ucze\u0144 jego <img loading=\"lazy\" decoding=\"async\" width=\"150\" height=\"171\" class=\"wp-image-23666\" style=\"width: 150px;\" src=\"https:\/\/htb.com.pl\/wp-content\/uploads\/2020\/05\/bis.jpg\" alt=\"\" srcset=\"https:\/\/htb.com.pl\/wp-content\/uploads\/2020\/05\/bis.jpg 316w, https:\/\/htb.com.pl\/wp-content\/uploads\/2020\/05\/bis-263x300.jpg 263w\" sizes=\"auto, (max-width: 150px) 100vw, 150px\" \/>. Zobaczy\u0142a to Pani Monika, c\u00f3rka Jaruzelskiego i pochwali\u0142a  urod\u0119 Trzaskowskiego. Nie podzielam tego ale podzielam opini\u0119 pos\u0142a PiS-owskiego &#8211; co do Jaruzelskiego. Te\u017c chcia\u0142bym mie\u0107 prezydenta takiego. Spokojnie panie po\u015ble, kiedy\u015b wybierzemy Pani\u0105 Monik\u0119, c\u00f3rk\u0119 Jaruzelskiego, prosz\u0119 popatrze\u0107, tu na oryginalnym zdj\u0119ciu stoi obok Taty swojego <img loading=\"lazy\" decoding=\"async\" width=\"150\" height=\"111\" class=\"wp-image-23667\" style=\"width: 150px;\" src=\"https:\/\/htb.com.pl\/wp-content\/uploads\/2020\/05\/bis1.jpg\" alt=\"\" srcset=\"https:\/\/htb.com.pl\/wp-content\/uploads\/2020\/05\/bis1.jpg 900w, https:\/\/htb.com.pl\/wp-content\/uploads\/2020\/05\/bis1-300x221.jpg 300w, https:\/\/htb.com.pl\/wp-content\/uploads\/2020\/05\/bis1-768x567.jpg 768w, https:\/\/htb.com.pl\/wp-content\/uploads\/2020\/05\/bis1-600x443.jpg 600w\" sizes=\"auto, (max-width: 150px) 100vw, 150px\" \/> . Teraz nie startuje, bo pana kolega pose\u0142 W\u0142odzimierz Czarzasty j\u0105 marginalizuje ale kiedy\u015b obaj zrozumiecie, \u017ce to jedyna osoba na \u015bwiecie, kt\u00f3ra nasz\u0105 polityk\u0119 czuje, bo jako polityk Oper\u0119 Manrau Paderewskiego dobrze interpretuje, <a href=\"https:\/\/pl.wikipedia.org\/wiki\/Manru\"><img loading=\"lazy\" decoding=\"async\" width=\"150\" height=\"216\" class=\"wp-image-23680\" style=\"width: 150px;\" src=\"https:\/\/htb.com.pl\/wp-content\/uploads\/2020\/05\/Manru-afisz.jpg\" alt=\"\"><\/a>  Ona kl\u0105tw\u0119 Pi\u0142sudskiego skasuje. Trudno b\u0119dzie w obecnej kampanii prezydenckiej wskaza\u0107 kogo\u015b takiego, bo musia\u0142by si\u0119 przyzna\u0107, \u017ce kocha bli\u017aniego, a tak okre\u015blamy kogo\u015b naiwnego. Tukidydes  pisa\u0142, co mo\u017ce by\u0107 z tego. <a href=\"https:\/\/htb.com.pl\/?p=852\"><img loading=\"lazy\" decoding=\"async\" width=\"119\" height=\"160\" class=\"wp-image-856\" style=\"width: 119px;\" src=\"https:\/\/htb.com.pl\/wp-content\/uploads\/2018\/06\/Tukidydes.jpg\" alt=\"\"><\/a> Nie doprowad\u017amy do tego, wybierzmy najlepszego. Niech to b\u0119dzie wybieranie, a nie nabieranie &#8211;<strong> bo naprawd\u0119 co\u015b si\u0119 stanie.<\/strong><\/p>\n\n\n\n<p><\/p>\n\n\n\n<figure class=\"wp-block-image size-large\"><a href=\"https:\/\/htb.com.pl\/?product=dlaczego-przegramy-wojne-z-rosja\"><img loading=\"lazy\" decoding=\"async\" width=\"200\" height=\"294\" src=\"https:\/\/htb.com.pl\/wp-content\/uploads\/2020\/05\/Wojna.jpg\" alt=\"\" class=\"wp-image-23726\"\/><\/a><\/figure>\n","protected":false},"excerpt":{"rendered":"<p>Demokracja polega na wybieraniu, mo\u017cemy wybra\u0107 polityka dobrego albo z\u0142ego. W Polsce jest problem, bo trudno wybra\u0107 dobrego. Na moim blogu pisz\u0119 dlaczego ale \u017ceby nie czyta\u0107 wszystkiego, w skr\u00f3cie odpowiem. Nasi politycy w wi\u0119kszo\u015bci nie maj\u0105 wyobra\u017ani i wzoruj\u0105 si\u0119 na polityce Pi\u0142sudskiego zamiast Paderewskiego. A to Ignacy Jan Paderewski, roku pami\u0119tnego 1918, wygra\u0142 [&hellip;]<\/p>\n","protected":false},"author":1,"featured_media":218,"comment_status":"open","ping_status":"open","sticky":false,"template":"","format":"standard","meta":{"_jetpack_memberships_contains_paid_content":false,"footnotes":""},"categories":[4],"tags":[589],"class_list":["post-23552","post","type-post","status-publish","format-standard","has-post-thumbnail","hentry","category-daty-i-fakty-blog","tag-wybory-prezydenckie"],"jetpack_sharing_enabled":true,"jetpack_featured_media_url":"https:\/\/htb.com.pl\/wp-content\/uploads\/2018\/04\/pa\u0142ac.jpg","_links":{"self":[{"href":"https:\/\/htb.com.pl\/index.php?rest_route=\/wp\/v2\/posts\/23552","targetHints":{"allow":["GET"]}}],"collection":[{"href":"https:\/\/htb.com.pl\/index.php?rest_route=\/wp\/v2\/posts"}],"about":[{"href":"https:\/\/htb.com.pl\/index.php?rest_route=\/wp\/v2\/types\/post"}],"author":[{"embeddable":true,"href":"https:\/\/htb.com.pl\/index.php?rest_route=\/wp\/v2\/users\/1"}],"replies":[{"embeddable":true,"href":"https:\/\/htb.com.pl\/index.php?rest_route=%2Fwp%2Fv2%2Fcomments&post=23552"}],"version-history":[{"count":24,"href":"https:\/\/htb.com.pl\/index.php?rest_route=\/wp\/v2\/posts\/23552\/revisions"}],"predecessor-version":[{"id":23739,"href":"https:\/\/htb.com.pl\/index.php?rest_route=\/wp\/v2\/posts\/23552\/revisions\/23739"}],"wp:featuredmedia":[{"embeddable":true,"href":"https:\/\/htb.com.pl\/index.php?rest_route=\/wp\/v2\/media\/218"}],"wp:attachment":[{"href":"https:\/\/htb.com.pl\/index.php?rest_route=%2Fwp%2Fv2%2Fmedia&parent=23552"}],"wp:term":[{"taxonomy":"category","embeddable":true,"href":"https:\/\/htb.com.pl\/index.php?rest_route=%2Fwp%2Fv2%2Fcategories&post=23552"},{"taxonomy":"post_tag","embeddable":true,"href":"https:\/\/htb.com.pl\/index.php?rest_route=%2Fwp%2Fv2%2Ftags&post=23552"}],"curies":[{"name":"wp","href":"https:\/\/api.w.org\/{rel}","templated":true}]}}