{"id":23889,"date":"2020-05-29T06:43:40","date_gmt":"2020-05-29T06:43:40","guid":{"rendered":"https:\/\/htb.com.pl\/?p=23889"},"modified":"2020-06-28T07:51:14","modified_gmt":"2020-06-28T07:51:14","slug":"sad-najwyzszy","status":"publish","type":"post","link":"https:\/\/htb.com.pl\/?p=23889","title":{"rendered":"S\u0105d Najwy\u017cszy"},"content":{"rendered":"\n<p>S\u0105d Najwy\u017cszy ma d\u0142u\u017csz\u0105 histori\u0119 ni\u017c niepodleg\u0142a Polska, powsta\u0142 bowiem ju\u017c w 1917 roku. Nosi\u0142 wtedy nazw\u0119 Kr\u00f3lewsko-Cesarski S\u0105d Najwy\u017cszy. Po zamachu stanu w 2015 roku jest jedyn\u0105 instancja w\u0142adzy, kt\u00f3ra opar\u0142a si\u0119 zamachowcom &#8211; w\u0142adza wykonawcza i ustawodawcza poleg\u0142y. W 2017 roku zamachowcy pr\u00f3bowali rozwali\u0107 s\u0105downictwo przenosz\u0105c s\u0119dzi\u00f3w w stan spoczynku i zostawiaj\u0105c jedynie tych, kt\u00f3rych wskaza\u0142 minister sprawiedliwo\u015bci Zbigniew Ziobro i oczywi\u015bcie prezydent Andrzej Duda. Nie wiem jak to si\u0119 sta\u0142o ale prezydent ustaw\u0119 zawetowa\u0142. Przysz\u0142o mi nawet do g\u0142owy, \u017ce co\u015b zrozumia\u0142. To by\u0142o bardzo dziwne, bo Marysia (wcze\u015bniejsze wpisy) m\u00f3wi\u0142a, \u017ce kto\u015b kto popiera polityk\u0119 Pi\u0142sudskiego nie ma wyobra\u017ani i nic nie mo\u017ce zrozumie\u0107 &#8211; mo\u017ce jedynie wykonywa\u0107 czyje\u015b polecenia. I tak si\u0119 sta\u0142o. Kolejny raz si\u0119 okaza\u0142o, \u017ce mia\u0142a racj\u0119. Kto\u015b prezydentowi straszn\u0105 g\u0142upot\u0119 podpowiedzia\u0142 &#8211; i ja chyba wiem kto.<\/p>\n\n\n\n<p> Prezydent z\u0142o\u017cy\u0142 &#8220;sw\u00f3j&#8221; projekt ustawy, gdzie zawar\u0142 kilka niesamowitych bzdur; Skarga nadzwyczajna, kt\u00f3ra mo\u017ce uniewa\u017cnia\u0107 prawomocne wyroki i &#8220;egzekutywa&#8221;, czyli Izba Dyscyplinarna. Kiedy\u015b by\u0142o co\u015b takiego &#8211;  sekretarz PZPR m\u00f3g\u0142 uniewa\u017cni\u0107 ka\u017cdy wyrok, a egzekutywa partyjna by\u0142a w\u0142adz\u0105 najwy\u017csz\u0105. Mog\u0142a np. uratowa\u0107 cz\u0142onka PZPR przed wiezieniem, daj\u0105c mu najwy\u017cszy wymiar kary, czyli wywalaj\u0105c z partii. <\/p>\n\n\n\n<p>Jest pewnym nadu\u017cyciem nazywanie tego co si\u0119 sta\u0142o w 2015 roku zamachem stanu, taki zamach zwykle robi si\u0119 dla przej\u0119cia w\u0142adzy. W Polsce dokonano go dla przej\u0119cia pa\u0144stwowej kasy i to si\u0119 praktycznie uda\u0142o &#8211; jak chodzi o kas\u0119 nic nie zosta\u0142o, \u017cyjemy z tego co da Unia Europejska ale premier Mateusz Morawiecki m\u00f3wi, \u017ce to ma\u0142o. Rz\u0105dz\u0105cy pr\u00f3bowali rolowa\u0107 Amerykan\u00f3w ale tam jest Donald Trump, prezydent &#8211; rolowa\u0107 to on, a nie jego i tak to dobili\u015bmy do dna &#8211; naszego.<\/p>\n\n\n\n<p>Marysia wyobra\u017anie mia\u0142a ale czego\u015b takiego si\u0119 nie spodziewa\u0142a. <a href=\"https:\/\/htb.com.pl\/?p=2699\">Pami\u0119tam jak ch\u0142opaka co by\u0142 w PZPR w swoje szeregi przyjmowa\u0142a<\/a> i opracowanie &#8220;Ostatnia szansa PZPR&#8221; profesora Andrzeja Zybertowicza, dzisiejszego doradcy prezydenta Dudy mu pokaza\u0142. Ten si\u0119 roze\u015bmia\u0142 &#8211; powiedzia\u0142, \u017ce Zybertowicz to komunista, w Sigmie by\u0142, a oni nawet socjalizmu nie zbudowali. <\/p>\n\n\n\n<p>To prawda &#8211; oni tylko Polsk\u0119 po wojnie odbudowali, a dzi\u015b politycy s\u0142uchaj\u0105c rad komunisty i jakiego\u015b z\u0142odzieja &#8220;artysty&#8221;, t\u0105 Polsk\u0119 zrabowali.<\/p>\n\n\n\n<p>25.05.2020. &#8211; Prezydent RP Andrzej Duda<strong> wybra\u0142<\/strong> s\u0119dzi\u0119 Ma\u0142gorzat\u0119 Manowsk\u0105 na Pierwszego Prezesa S\u0105du Najwy\u017cszego i to mo\u017ce by\u0107 koniec pa\u0144stwa polskiego. Prezesa SN si\u0119 powo\u0142uje, a nie wybiera. To musi by\u0107 s\u0119dzia tego s\u0105du, a prezydent ma go tylko <strong>powo\u0142a\u0107<\/strong>. Wybiera go Zgromadzenie Og\u00f3lne S\u0119dzi\u00f3w Sadu Najwy\u017cszego i przedstawia prezydentowi w formie uchwa\u0142y. Tu nie by\u0142o uchwa\u0142y &#8211; prezydent zamiast powo\u0142a\u0107 wybranego przez zgromadzenie s\u0119dziego S\u0105du Najwy\u017cszego prof. W\u0142odzimierza Wr\u00f3bla, <strong>wybra\u0142<\/strong> s\u0119dzi\u0119 Manowsk\u0105, kt\u00f3ra nie jest S\u0119dzi\u0105 S\u0105du Najwy\u017cszego, bo jako by\u0142y polityk nie mo\u017ce by\u0107. Kiedy\u015b mieli\u015bmy Konstytucj\u0119, a tam sta\u0142o: <\/p>\n\n\n\n<p class=\"has-text-align-center\">Art. 183.<\/p>\n\n\n\n<ol class=\"wp-block-list\"><li><em>S\u0105d Najwy\u017cszy sprawuje nadz\u00f3r nad dzia\u0142alno\u015bci\u0105 s\u0105d\u00f3w powszechnych i wojskowych w zakresie orzekania.<\/em><\/li><li><em>S\u0105d Najwy\u017cszy wykonuje tak\u017ce inne czynno\u015bci okre\u015blone w Konstytucji i ustawach.<\/em><\/li><li><em>Pierwszego Prezesa S\u0105du Najwy\u017cszego<strong> powo\u0142uje<\/strong> Prezydent Rzeczypospolitej na sze\u015bcioletni\u0105 kadencj\u0119 spo\u015br\u00f3d kandydat\u00f3w przedstawionych przez Zgromadzenie Og\u00f3lne S\u0119dzi\u00f3w S\u0105du Najwy\u017cszego.<\/em><\/li><\/ol>\n\n\n\n<p>Prezydent powo\u0142uje prezesa SN, nie wybiera, Zgromadzenie Og\u00f3lne S\u0119dzi\u00f3w SN podejmuje tu uchwa\u0142\u0119, czyli kandydaci przedstawieni prezydentowi musz\u0105 mie\u0107 poparcie wi\u0119kszo\u015bci. \u017beby zrozumie\u0107 co tu napisa\u0142em, potrzebna jest nie tylko wyobra\u017ania ale i narracja w czwartej osobie.  Konstytucji si\u0119 nie pilnowa\u0142o, Olgi Tokarczuk <a href=\"https:\/\/htb.com.pl\/?product=ksiegi-jakubowe-dodruk\"><img loading=\"lazy\" decoding=\"async\" width=\"150\" height=\"221\" class=\"wp-image-12680\" style=\"width: 150px;\" src=\"https:\/\/htb.com.pl\/wp-content\/uploads\/2019\/11\/Ksi\u0119gi-Jakubowe.jpg\" alt=\"\"><\/a> nie czyta\u0142o i wszystko si\u0119 poki\u0107ka\u0142o. <\/p>\n\n\n\n<p>Rozpoczynaj\u0105c ten wpis napisa\u0142em, \u017ce S\u0105d Najwy\u017cszy jest ostatni\u0105 instancj\u0105 w\u0142adzy, kt\u00f3ra opar\u0142a si\u0119 zamachowcom &#8211;<strong> by\u0142 !<\/strong> Nie wiem co teraz s\u0119dziowie zrobi\u0105, wiem co by Marysia zrobi\u0142a. Pi\u0119\u015bci\u0105 w st\u00f3\u0142 by pi&#8230;.ln\u0119\u0142a i PANOWIE OFICEROWIE &#8211; rykn\u0119\u0142a. Ona by to za\u0142atwi\u0142a.<\/p>\n\n\n\n<h2 class=\"wp-block-heading\">Pedofilia w ko\u015bciele<\/h2>\n\n\n\n<p>To kolejny problem, z kt\u00f3rym Marysia ju\u017c w 1986 roku walczy\u0142a. Opisa\u0142em <a href=\"https:\/\/htb.com.pl\/?p=1692\">trening karate<\/a>, kt\u00f3ry dla m\u0142odych ksi\u0119\u017cy zrobi\u0142a &#8211; to by tak nie wygl\u0105da\u0142o, gdyby \u017cy\u0142a.<\/p>\n\n\n\n<p> Ale problem jest o wiele wi\u0119kszy. Wsp\u00f3lnota ko\u015bcio\u0142a rzymskokatolickiego si\u0119 podzieli\u0142a. Ci co prymasa Polski abp Wojciecha Polaka s\u0142uchaj\u0105, s\u0105 w mniejszo\u015bci. Wi\u0119kszo\u015b\u0107 stanowi\u0105 ci, co o. Tadeusza Rydzyka swym zwierzchnikiem nazywaj\u0105 i biskup\u00f3w takich jak biskup  kaliski Edward Janiak s\u0142uchaj\u0105. Bp. Janiak to &#8220;bohater zabawy w chowanego&#8221;, ostatniego filmu o pedofilii w\u015br\u00f3d ksi\u0119\u017cy braci Sekielskich. <\/p>\n\n\n\n<figure class=\"wp-block-embed-youtube wp-block-embed is-type-video is-provider-youtube wp-embed-aspect-16-9 wp-has-aspect-ratio\"><div class=\"wp-block-embed__wrapper\">\n<iframe loading=\"lazy\" title=\"ZABAWA W CHOWANEGO (2020) - ca\u0142y film braci Sekielskich (napisy PL)\" width=\"848\" height=\"477\" src=\"https:\/\/www.youtube.com\/embed\/T0ym5kPf3Vc?feature=oembed\" frameborder=\"0\" allow=\"accelerometer; autoplay; encrypted-media; gyroscope; picture-in-picture\" allowfullscreen><\/iframe>\n<\/div><\/figure>\n\n\n\n<p> Po premierze tego filmu prymas abp Wojciech Polak poprosi\u0142 proboszcz\u00f3w, aby w ko\u015bcielnych gablotach powiesi\u0107 numer telefonu zaufania, dla poszkodowanych przez ksi\u0119\u017cy pedofil\u00f3w. Teraz mo\u017cna sprawdzi\u0107 jakiego dany proboszcz jest &#8220;wyznania&#8221;, bo numer ten nie wisi w ka\u017cdej parafii &#8211;<strong> 800 280 900<\/strong>\u00a0dzia\u0142a w ka\u017cdy wtorek mi\u0119dzy godzin\u0105 19, a 22. Dy\u017cury pe\u0142ni\u0105 wykwalifikowani psychoterapeuci z Fundacji Pomocy Psychologicznej Pracownia Dialogu. Telefon jest wsp\u00f3ln\u0105 inicjatyw\u0105 katolickich \u015bwieckich: Klubu Inteligencji Katolickiej w Warszawie, Laboratorium \u201eWi\u0119zi\u201d oraz Fundacji Pomocy Psychologicznej Pracownia Dialogu. Wszyscy dzia\u0142aj\u0105 pro bono. Plakat w mojej Parafii pw. Ducha \u015awi\u0119tego w Mielcu.<\/p>\n\n\n\n<figure class=\"wp-block-gallery columns-1 is-cropped wp-block-gallery-1 is-layout-flex wp-block-gallery-is-layout-flex\"><ul class=\"blocks-gallery-grid\"><li class=\"blocks-gallery-item\"><figure><img loading=\"lazy\" decoding=\"async\" width=\"480\" height=\"640\" src=\"https:\/\/htb.com.pl\/wp-content\/uploads\/2020\/05\/plakat.jpg\" alt=\"\" data-id=\"25841\" data-full-url=\"https:\/\/htb.com.pl\/wp-content\/uploads\/2020\/05\/plakat.jpg\" data-link=\"https:\/\/htb.com.pl\/?attachment_id=25841\" class=\"wp-image-25841\" srcset=\"https:\/\/htb.com.pl\/wp-content\/uploads\/2020\/05\/plakat.jpg 480w, https:\/\/htb.com.pl\/wp-content\/uploads\/2020\/05\/plakat-225x300.jpg 225w\" sizes=\"auto, (max-width: 480px) 100vw, 480px\" \/><\/figure><\/li><\/ul><\/figure>\n\n\n\n<p>Kto\u015b zapyta, a kim jest abp Wojciech Polak, \u017ce ka\u017ce wiesza\u0107 taki numer w ko\u015bcielnej gablocie? To prawda, Prymas Polski abp Wojciech Polak, to nie to co kardyna\u0142 J\u00f3zef Glemp, Prymas i jednocze\u015bnie przewodnicz\u0105cy Konferencji Episkopatu Polski z czas\u00f3w Marysi &#8211; nawet Ona go s\u0142ucha\u0142a. Dzi\u015b to funkcja honorowa, ko\u015bci\u00f3\u0142 toru\u0144ski twierdzi, \u017ce to obecny przewodnicz\u0105cy Konferencji Biskup\u00f3w Polskich abp Stanis\u0142aw Gondecki rz\u0105dzi. Bzdura &#8211; ko\u015bcio\u0142em rzymskokatoolickim w Polsce rz\u0105dzi Papie\u017c poprzez swojego nuncjusza abp Salvatore Penacchio, tylko \u017ce w Polsce obydwaj z Prymasem s\u0105 w mniejszo\u015bci, jak chodzi o zwalczanie &#8220;takiej mi\u0142o\u015bci&#8221;.To jest nasza wina. Pami\u0119tajmy o tym bij\u0105c si\u0119 w piersi. Bo mo\u017ce wy\u017cej trzeba si\u0119 pukn\u0105\u0107.<\/p>\n\n\n\n<h2 class=\"wp-block-heading\">Nauczyciele do roboty &#8211; w polu<\/h2>\n\n\n\n<p>Minister od p\u00f3l Jan Krzysztof Ardanowski jest przyk\u0142adem polityka ca\u0142kowicie pozbawionego wyobra\u017ani i bardzo ale to bardzo wpisuje si\u0119 w obecny system rz\u0105d\u00f3w w Polsce. Na jego przyk\u0142adzie mo\u017cna pokaza\u0107 do czego prowadzi brak wyobra\u017ani &#8211; mo\u017ce nawet rolnicy to zauwa\u017c\u0105. Bo to ich minister zaproponowa\u0142, aby nauczyciele u nich robili &#8211; to mo\u017ce zostan\u0105 przebadani na COVID-19 &#8211; w ramach bada\u0144 pracownik\u00f3w sezonowych z zagranicy. Ale to jest tylko niewinna bzdura, wypowiedziana podczas wywiadu w RMF FM, z kt\u00f3rej minister szybko si\u0119 wycofa\u0142. Jednak jego poprzednich decyzji nie da si\u0119 cofn\u0105\u0107; <a href=\"https:\/\/htb.com.pl\/?p=1184\"> 9 lipca 2018 roku zdecydowa\u0142,<\/a> \u017ce rolnicy b\u0119d\u0105 nas truli pestycydami z grupy neonikotynoid\u00f3w, kt\u00f3re w Europie s\u0105 zabronione. Doko\u0144czy\u0142 po swoim poprzedniku Krzysztofie Jurgielu niszczenie stadnin koni w Micha\u0142owie i Janowie Podlaskim. Jednak najwi\u0119kszym b\u0142\u0119dem ministra jest brak planu rozwoju polskiego rolnictwa. To \u017ce mo\u017cemy si\u0119 pochwali\u0107 w UE polsk\u0105 \u017cywno\u015bci\u0105, to zas\u0142uga przetw\u00f3rni, nie rolnik\u00f3w. Odk\u0105d pami\u0119tam zawsze si\u0119 m\u00f3wi\u0142o, \u017ce polskie gospodarstwa rolne s\u0105 rozdrobnione. Marysia broni\u0142a tego &#8211; twierdzi\u0142a, \u017ce takie s\u0105 uwarunkowania kulturowe i lepiej tego nie zmienia\u0107, tylko to wykorzysta\u0107. <a href=\"https:\/\/htb.com.pl\/?p=921\">Zwykle dawa\u0142a przyk\u0142ad tartak\u00f3w<\/a>, kt\u00f3re cho\u0107 rozdrobnione, to  dzi\u0119ki niezwyk\u0142emu systemowi handlu sprzedawa\u0142y tarcic\u0119 ze znakiem L ORZE\u0141 P  na ca\u0142y \u015bwiat. Dzi\u015b nie ma ju\u017c takich tartak\u00f3w, ani kogo\u015b takiego jak Marysia, my z\u0142ych polityk\u00f3w s\u0142uchamy, elity wy\u015bmiewamy i dlatego niemieckie \u015bwinie zjadamy.<\/p>\n\n\n\n<p>Moja \u017bona jest nauczycielk\u0105, teraz uczy zdalnie &#8211; od rana do p\u00f3\u017anej nocy sprawdza prace przysy\u0142ane jej przez uczni\u00f3w poczt\u0105 e-mail. S\u0105 to zwykle zdj\u0119cia zapisanych kartek.  Cieszy si\u0119 gdy ju\u017c wszystko odszyfruje, a czasem si\u0119 martwi. Cz\u0119\u015b\u0107 uczni\u00f3w bowiem gdzie\u015b si\u0119 zapodzia\u0142a i nie ma z nimi kontaktu, a dla cz\u0119\u015bci prace robi\u0105 rodzice. Co z nimi b\u0119dzie, pyta. Nie martw si\u0119 Dorotko &#8211; p\u00f3jd\u0105 w polityk\u0119. B\u0119d\u0105 jak Jacek Sasin minister aktyw\u00f3w pa\u0144stwowych. Te aktywa jeszcze przed pandemi\u0105 koronawirusa <a href=\"https:\/\/htb.com.pl\/?p=19428\">bardzo si\u0119 skurczy\u0142y<\/a>, a ostatnia sesja GPW by\u0142a wr\u0119cz tragiczna. Sp\u00f3\u0142ki  kontrolowanych przez Skarb Pa\u0144stwa zanotowa\u0142y historyczne minima. By\u0142y to kolejno: Enea (-5,0 proc.), Bogdanka (-15,4 proc.), PGE (-2,6 proc.), PKP Cargo (-4,4 proc.) oraz Tauron (-2,2 proc.), natomiast &#8220;gwiazda&#8221; w\u015br\u00f3d pa\u0144stwowych firm JSW (-3,8 proc.) <\/p>\n\n\n\n<p>28.05.2020 &#8211; Sejm pr\u00f3bowa\u0142 odwo\u0142a\u0107 Jacka Sasina, a  to \u017ce si\u0119 nie uda\u0142o, to wina prawnik\u00f3w. To oni z\u0142odziejom zasiadanie w \u0142awach poselskich umo\u017cliwili, a teraz si\u0119 dziwi\u0105, \u017ce S\u0105d Najwy\u017cszy wyko\u0144czyli.<\/p>\n","protected":false},"excerpt":{"rendered":"<p>S\u0105d Najwy\u017cszy ma d\u0142u\u017csz\u0105 histori\u0119 ni\u017c niepodleg\u0142a Polska, powsta\u0142 bowiem ju\u017c w 1917 roku. Nosi\u0142 wtedy nazw\u0119 Kr\u00f3lewsko-Cesarski S\u0105d Najwy\u017cszy. Po zamachu stanu w 2015 roku jest jedyn\u0105 instancja w\u0142adzy, kt\u00f3ra opar\u0142a si\u0119 zamachowcom &#8211; w\u0142adza wykonawcza i ustawodawcza poleg\u0142y. W 2017 roku zamachowcy pr\u00f3bowali rozwali\u0107 s\u0105downictwo przenosz\u0105c s\u0119dzi\u00f3w w stan spoczynku i zostawiaj\u0105c jedynie [&hellip;]<\/p>\n","protected":false},"author":1,"featured_media":1220,"comment_status":"open","ping_status":"open","sticky":false,"template":"","format":"standard","meta":{"_jetpack_memberships_contains_paid_content":false,"footnotes":""},"categories":[4],"tags":[620],"class_list":["post-23889","post","type-post","status-publish","format-standard","has-post-thumbnail","hentry","category-daty-i-fakty-blog","tag-sad-najwyzszy"],"jetpack_sharing_enabled":true,"jetpack_featured_media_url":"https:\/\/htb.com.pl\/wp-content\/uploads\/2018\/08\/S\u0105d-N.jpg","_links":{"self":[{"href":"https:\/\/htb.com.pl\/index.php?rest_route=\/wp\/v2\/posts\/23889","targetHints":{"allow":["GET"]}}],"collection":[{"href":"https:\/\/htb.com.pl\/index.php?rest_route=\/wp\/v2\/posts"}],"about":[{"href":"https:\/\/htb.com.pl\/index.php?rest_route=\/wp\/v2\/types\/post"}],"author":[{"embeddable":true,"href":"https:\/\/htb.com.pl\/index.php?rest_route=\/wp\/v2\/users\/1"}],"replies":[{"embeddable":true,"href":"https:\/\/htb.com.pl\/index.php?rest_route=%2Fwp%2Fv2%2Fcomments&post=23889"}],"version-history":[{"count":46,"href":"https:\/\/htb.com.pl\/index.php?rest_route=\/wp\/v2\/posts\/23889\/revisions"}],"predecessor-version":[{"id":25842,"href":"https:\/\/htb.com.pl\/index.php?rest_route=\/wp\/v2\/posts\/23889\/revisions\/25842"}],"wp:featuredmedia":[{"embeddable":true,"href":"https:\/\/htb.com.pl\/index.php?rest_route=\/wp\/v2\/media\/1220"}],"wp:attachment":[{"href":"https:\/\/htb.com.pl\/index.php?rest_route=%2Fwp%2Fv2%2Fmedia&parent=23889"}],"wp:term":[{"taxonomy":"category","embeddable":true,"href":"https:\/\/htb.com.pl\/index.php?rest_route=%2Fwp%2Fv2%2Fcategories&post=23889"},{"taxonomy":"post_tag","embeddable":true,"href":"https:\/\/htb.com.pl\/index.php?rest_route=%2Fwp%2Fv2%2Ftags&post=23889"}],"curies":[{"name":"wp","href":"https:\/\/api.w.org\/{rel}","templated":true}]}}