{"id":24374,"date":"2020-06-05T06:29:54","date_gmt":"2020-06-05T06:29:54","guid":{"rendered":"https:\/\/htb.com.pl\/?p=24374"},"modified":"2020-06-05T09:23:51","modified_gmt":"2020-06-05T09:23:51","slug":"wybory-prezydenckie-podejscie-drugie","status":"publish","type":"post","link":"https:\/\/htb.com.pl\/?p=24374","title":{"rendered":"Wybory prezydenckie &#8211; podej\u015bcie drugie"},"content":{"rendered":"\n<p><\/p>\n\n\n\n<figure class=\"wp-block-image size-large\"><img loading=\"lazy\" decoding=\"async\" width=\"500\" height=\"350\" src=\"https:\/\/htb.com.pl\/wp-content\/uploads\/2020\/06\/Przekop-dwa.png\" alt=\"\" class=\"wp-image-24576\" srcset=\"https:\/\/htb.com.pl\/wp-content\/uploads\/2020\/06\/Przekop-dwa.png 500w, https:\/\/htb.com.pl\/wp-content\/uploads\/2020\/06\/Przekop-dwa-300x210.png 300w\" sizes=\"auto, (max-width: 500px) 100vw, 500px\" \/><\/figure>\n\n\n\n<p>Po tym jak nikt z polityk\u00f3w nie da\u0142 rady przekona\u0107 pana Jaros\u0142awa Kaczy\u0144skiego, do wprowadzenia stanu nadzwyczajnego, zrobi\u0142 si\u0119 niesamowity ba\u0142agan. Wszystko si\u0119 poki\u0107ka\u0142o, wszelkie zasady si\u0119 po\u0142ama\u0142o &#8211; a prezydenta wybra\u0107 trzeba. <\/p>\n\n\n\n<p>Zastanawiam si\u0119, na kogo postawi\u0142aby Marysia (wcze\u015bniejsze wpisy). Gdy \u017cy\u0142a, du\u017co o wybieraniu prezydenta m\u00f3wi\u0142a. Przez Zgromadzenie Narodowe wybiera\u0107 radzi\u0142a, bo w demokracj\u0119 bezpo\u015bredni\u0105 nie wierzy\u0142a. <a href=\"https:\/\/htb.com.pl\/?p=21780\">Opisuj\u0105c taki system<\/a> poda\u0142em przyk\u0142ad konklawe i wybory pierwszego prezydenta II RP, z grudnia 1922 roku. Wydaje mi si\u0119, \u017ce w takim systemie Szymon Ho\u0142ownia mia\u0142by najwi\u0119ksze szanse. Nie jest politykiem i wi\u0119kszo\u015b\u0107 parlamentarzyst\u00f3w w nim mog\u0142oby widzie\u0107 prezydenta, kt\u00f3ry umo\u017cliwi realizacj\u0119 ich obietnic wyborczych. Mamy jednak inny system  i ten mechanizm nie dzia\u0142a. Pos\u0142a, czy senatora nie mo\u017cna z niczego rozlicza\u0107, bo on ma g\u0142osowa\u0107 jak mu ka\u017ce lider ugrupowania, a ten zarz\u0105dza takie g\u0142osowania, \u017ceby nie sko\u0144czy\u0142a si\u0119 dla polityk\u00f3w era bumbania. <\/p>\n\n\n\n<p>Ta smutna prawda o naszej polityce uwidoczni\u0142a si\u0119 2 czerwca 2020. Tu\u017c przed p\u00f3\u0142noc\u0105 senatorowie zgodzili si\u0119 na z\u0142amanie Konstytucji, kt\u00f3ra jak jeszcze obowi\u0105zywa\u0142a prezydenta ju\u017c wybiera\u0107 nie pozwala\u0142a. Nale\u017ca\u0142by zaczeka\u0107 na opr\u00f3\u017cnienie stanowiska prezydenta RP, wtedy marsza\u0142ek Sejmu przejmuje obowi\u0105zki g\u0142owy pa\u0144stwa i og\u0142asza  wybory. Tak by\u0142o po katastrofie Smole\u0144skiej. Teraz te\u017c mamy katastrof\u0119 ale teraz nie mamy Konstytucji.<\/p>\n\n\n\n<p>Ja mam nadziej\u0119, \u017ce nowy prezydent to zmieni i nasz los odmieni &#8211; bo jak tak d\u0142u\u017cej b\u0119dzie, Polski nie b\u0119dzie. Ju\u017c tak by\u0142o, wtedy te\u017c kilku z\u0142ych polityk\u00f3w si\u0119 pok\u0142\u00f3ci\u0142o, na z\u0142ego konia postawi\u0142o i 123 lata Polski nie by\u0142o.<\/p>\n\n\n\n<div class=\"wp-block-group\"><div class=\"wp-block-group__inner-container is-layout-flow wp-block-group-is-layout-flow\">\n<p>Szymon Ho\u0142ownia to dziennikarz &#8211; Marysia dziennikarzy nienawidzi\u0142a, wiec raczej na niego by nie postawi\u0142a. Ja tu si\u0119 z Ni\u0105 nie zgadza\u0142em i wcze\u015bniej na niego stawia\u0142em. A\u017c raz us\u0142ysza\u0142em, jak Ma\u0142gorzat\u0119 Kidaw\u0119-B\u0142o\u0144ska <strong>ciotk\u0105<\/strong> nazywa, a ludzi. kt\u00f3rzy przeszli z jej obozu do niego <strong>truch\u0142em<\/strong>. No &#8211; kolejny raz si\u0119 okaza\u0142o, \u017ce Marysia racj\u0119 mia\u0142a &#8211; Ona czego\u015b takiego nie wybacza\u0142a. Mo\u017cliwe, \u017ce  na kogo\u015b takiego jak Jacek Ja\u015bkowiak &#8211; prezydent Poznania by postawi\u0142a. Platforma Obywatelska na niego nie postawi\u0142a, lecz Kidaw\u0119-B\u0142o\u0144sk\u0105 do wybor\u00f3w wystawi\u0142a &#8211; teraz jednak do samorz\u0105dowca wr\u00f3ci\u0142a i Rafa\u0142a Trzaskowskiego &#8211; prezydenta Warszawy wystawi\u0142a. Kolejny raz si\u0119 okaza\u0142o, \u017ce Marysi s\u0142ucha\u0107 nale\u017ca\u0142o. Chyba, \u017ce wpisu<a href=\"https:\/\/htb.com.pl\/?p=13160\"> &#8220;Normalno\u015b\u0107&#8221;<\/a> si\u0119 nie czyta\u0142o.<\/p>\n\n\n\n<div class=\"wp-block-group\"><div class=\"wp-block-group__inner-container is-layout-flow wp-block-group-is-layout-flow\">\n<div class=\"wp-block-group\"><div class=\"wp-block-group__inner-container is-layout-flow wp-block-group-is-layout-flow\">\n<p>Ludzie bez wyobra\u017ani nie mog\u0105 rz\u0105dzi\u0107 Jasiu &#8211; bo doprowadz\u0105 do katastrofy. Jak\u017ce cz\u0119sto wspominam to jej zdanie &#8211; ci\u0105gle brzmi mi ono w uszach. To rzeczywi\u015bcie jest problem &#8211; zacz\u0119\u0142o si\u0119 od Lenina. To on zauwa\u017cy\u0142, \u017ce ka\u017cdy ma taki sam \u017co\u0142\u0105dek ale rozum ju\u017c nie i wielu ludzi cierpi bied\u0119, a to daj ogromne mo\u017cliwo\u015bci &#8211; zdobycia politycznej popularno\u015bci. Komuni\u015bci to tacy dzisiejsi populi\u015bci ch\u0119tnie to wykorzystuj\u0105. Zabieraj\u0105 bogatym i odbieraj\u0105 biednym &#8211; nadziej\u0119. W Polsce wymy\u015blili, \u017ce przekopi\u0105 Mierzej\u0119. Gdyby to m\u0105dre by\u0142o, ci z kas\u0105 dawno by to zrobili i  kas\u0119 \u0142upili. Populi\u015bci inaczej dzia\u0142aj\u0105, bzdury wyborcom  opowiadaj\u0105, w\u0142adz\u0119 zdobywaj\u0105 i kas\u0119 maj\u0105. Teraz przekr\u0119t\u00f3w narobili, lew\u0105 kas\u0119 zdobyli i sobie u mafii nagrabili. Ci ich wystraszyli, \u017ce jak nie b\u0119d\u0105 tak jak oni chc\u0105 robili, to naprawd\u0119 b\u0119d\u0105 pracowali albo kar\u0119 wi\u0119zienia odbywali. \u0179li politycy si\u0119 wystraszyli, prezydenta i premiera na rozkopanej mierzei postawili, <img loading=\"lazy\" decoding=\"async\" width=\"150\" height=\"100\" class=\"wp-image-24443\" style=\"width: 150px;\" src=\"https:\/\/htb.com.pl\/wp-content\/uploads\/2020\/06\/prezydent-i-premier.jpg\" alt=\"\" srcset=\"https:\/\/htb.com.pl\/wp-content\/uploads\/2020\/06\/prezydent-i-premier.jpg 1200w, https:\/\/htb.com.pl\/wp-content\/uploads\/2020\/06\/prezydent-i-premier-300x200.jpg 300w, https:\/\/htb.com.pl\/wp-content\/uploads\/2020\/06\/prezydent-i-premier-1024x683.jpg 1024w, https:\/\/htb.com.pl\/wp-content\/uploads\/2020\/06\/prezydent-i-premier-768x512.jpg 768w, https:\/\/htb.com.pl\/wp-content\/uploads\/2020\/06\/prezydent-i-premier-600x400.jpg 600w\" sizes=\"auto, (max-width: 150px) 100vw, 150px\" \/> \u017ceby bzdury gadali i g\u0142osy dla panna Andrzeja Dudy zdobywali. Programem zdobywania profit\u00f3w to nazwali, tylko nie dodali, \u017ce te profity ju\u017c wydali, a reszt\u0119 mafiozi zabrali i ka\u017c\u0105, \u017ceby dalej dawali. Gdyby\u015bmy ponownie pana Andrzeja Dud\u0119 prezydentem RP wybrali, ponownie z\u0142ych polityk\u00f3w by\u015bmy uratowali. Opisa\u0142em ju\u017c takie ratowanie, wtedy o Andrzeju Lepperze pisa\u0142em, tu cytat: <\/p>\n\n\n\n<div class=\"wp-block-group\"><div class=\"wp-block-group__inner-container is-layout-flow wp-block-group-is-layout-flow\">\n<blockquote class=\"wp-block-quote is-style-default is-layout-flow wp-block-quote-is-layout-flow\"><p>&#8220;<a href=\"https:\/\/htb.com.pl\/?p=208\">Postanowili go zamkn\u0105\u0107. Afera gruntowa. To si\u0119 nie uda\u0142o, s\u0105dy wtedy by\u0142y normalne. Do wi\u0119zienia mieli trafi\u0107 tw\u00f3rcy prowokacji; Mariusz Kami\u0144ski, Maciej W\u0105sik, Grzegorz Postka, i Krzysztof Bernadaela. Uratowali\u015bmy ich w ostatniej chwili. Wybrali\u015bmy pana Andrzeja Dud\u0119 prezydentem RP (6 sierpnia 2015. Ten ju\u017c 16 listopada 2015 roku u\u0142askawi obwinionych i skazanych za prowokacj\u0119 przeciwko Panu Lepperowi&#8221;.<\/a><\/p><\/blockquote>\n<\/div><\/div>\n<\/div><\/div>\n<\/div><\/div>\n<\/div><\/div>\n\n\n\n<p>Tamto po\u0142o\u017cenie Andrzeja Leppera, w pewnym stopniu  przypomina  dzisiejsz\u0105 sytuacj\u0119 ministra zdrowia \u0141ukasz Szumowskiego. Dop\u00f3ki dziennikarze si\u0119 do niego nie dobrali,  wszyscy \u017ce\u015bmy na Szumowskiego stawiali i pandemii si\u0119 opierali.  Gdy wysz\u0142o to czym mafiozi ministra szanta\u017cowali, inicjatyw\u0119 dziennikarzom i politykom \u017ce\u015bmy oddali i bez wodza w bitwie z pandemi\u0105 koronaiwrusa zostali. W lata osiemdziesi\u0105tych w Hiszpanii, walczono z terrorystami z ETA, tam agenci GAL do dziennikarzy pisz\u0105cych g\u0142upoty strzelali i terroryst\u00f3w pokonali.  Dobrze by by\u0142o, \u017ceby dzi\u015b nasi dziennikarze o tym pami\u0119tali.<\/p>\n\n\n\n<p>\u0141ukasz Szumski, to nie jest cz\u0142owiek przeci\u0119tny. Zacz\u0105\u0142 tworzy\u0107 co\u015b, co dla Marysi by\u0142o niezwykle wa\u017cne. <strong>Centrum Frakcjonowania Osocza.<\/strong> <a href=\"https:\/\/htb.com.pl\/?p=1307\">Opisa\u0142em jak jej pomaga\u0142em w spotkaniu ze Szwajcarami w tej sprawie<\/a>  w 1987 roku roku, gdy ju\u017c by\u0142a bardzo chora i nie mia\u0142a swoich ludzi. Pisa\u0142em o tym jak w 1999 roku robi\u0142em ofert\u0119 dla Mieleckiego Centrum Frakcjonowania Osocza. Wtedy w bardzo podobny spos\u00f3b jak dzi\u015b Szumowskiego, wyko\u0144czono cz\u0142owieka, kt\u00f3ry budowa\u0142 Osocze w Mielcu. Dzi\u015b  w dobie koronawirusa jego centrum stoi niedoko\u0144czone &#8211; <img loading=\"lazy\" decoding=\"async\" width=\"150\" height=\"200\" class=\"wp-image-24529\" style=\"width: 150px;\" src=\"https:\/\/htb.com.pl\/wp-content\/uploads\/2020\/06\/Osocze-dzi\u015b.jpg\" alt=\"\" srcset=\"https:\/\/htb.com.pl\/wp-content\/uploads\/2020\/06\/Osocze-dzi\u015b.jpg 480w, https:\/\/htb.com.pl\/wp-content\/uploads\/2020\/06\/Osocze-dzi\u015b-225x300.jpg 225w\" sizes=\"auto, (max-width: 150px) 100vw, 150px\" \/> ja mam  nadziej\u0119, \u017ce kiedy\u015b ruszy. Mam nadziej\u0119, \u017ce kto\u015b wreszcie da rad\u0119 zachodnim koncernom farmaceutycznym. Pan Szumowski dobrze wie, \u017ce brak takiego frakcjonowania w Polsce to nie tylko ogromne koszty, ok 500 ml z\u0142 rocznie. To r\u00f3wnie\u017c brak mo\u017cliwo\u015bci negocjowanie cen lek\u00f3w z zachodnimi firmami farmaceutycznymi. Utajni\u0142 swoje dzia\u0142ania jak chodzi o osocze ale sprawa wyciek\u0142a i zachodni biznes postanowi\u0142 go sko\u0144czy\u0107. Brak s\u0142u\u017cb, politycy bez wyobra\u017ani i beznadziejni dziennikarze &#8211; kto mu pomo\u017ce? Marysia nie mo\u017ce &#8211; mo\u017ce nowy prezydent pomo\u017ce?<\/p>\n\n\n\n<p>04.06.2020. prezydent Andrzej Duda ci\u0105gle ma nadziej\u0119 na reelekcj\u0119. Te\u017c mam co\u015b co daje nadziej\u0119, jak ze zdrowiem \u017ale si\u0119 dzieje &#8211; taki olejek. <a href=\"https:\/\/htb.com.pl\/?product=cbd-5-ekstrakt-10ml\"><img loading=\"lazy\" decoding=\"async\" width=\"150\" height=\"150\" class=\"wp-image-24515\" style=\"width: 150px;\" src=\"https:\/\/htb.com.pl\/wp-content\/uploads\/2020\/06\/CBD_5_ekstraktma\u0142y.png\" alt=\"\" srcset=\"https:\/\/htb.com.pl\/wp-content\/uploads\/2020\/06\/CBD_5_ekstraktma\u0142y.png 1050w, https:\/\/htb.com.pl\/wp-content\/uploads\/2020\/06\/CBD_5_ekstraktma\u0142y-300x300.png 300w, https:\/\/htb.com.pl\/wp-content\/uploads\/2020\/06\/CBD_5_ekstraktma\u0142y-1024x1024.png 1024w, https:\/\/htb.com.pl\/wp-content\/uploads\/2020\/06\/CBD_5_ekstraktma\u0142y-150x150.png 150w, https:\/\/htb.com.pl\/wp-content\/uploads\/2020\/06\/CBD_5_ekstraktma\u0142y-768x768.png 768w, https:\/\/htb.com.pl\/wp-content\/uploads\/2020\/06\/CBD_5_ekstraktma\u0142y-600x600.png 600w, https:\/\/htb.com.pl\/wp-content\/uploads\/2020\/06\/CBD_5_ekstraktma\u0142y-100x100.png 100w\" sizes=\"auto, (max-width: 150px) 100vw, 150px\" \/><\/a>  Razem z premierem Mateuszem Morawieckim prowadzili w Sejmie kampani\u0119 prezydenck\u0105. Wotum zaufanie dla rz\u0105du to nazwali i ca\u0142y dzie\u0144 g\u0142upoty gadali. Na koniec, gdy ju\u017c wszyscy spali, pos\u0142owie odwo\u0142a\u0107 ministra Szumowskiego pr\u00f3bowali. Ale zanim go nie odwo\u0142ali, wszyscy niezwyk\u0142y prezent od pana Jaros\u0142awa Kaczy\u0144skiego \u017ce\u015bmy dostali. &#8220;Wielki&#8221; strateg, jak na stratega przysta\u0142o, kolejny raz zrobi\u0142 co\u015b, \u017ceby z\u0142o wyhamowa\u0142o. Nazwa\u0142 pos\u0142\u00f3w  chamsk\u0105 band\u0105 i notowania prezydenta Dudy spadn\u0105. Brawo panie Jaros\u0142awie &#8211; od lat to w\u0142a\u015bnie u pana s\u0142awi\u0119.<\/p>\n\n\n\n<p><\/p>\n\n\n\n<p><\/p>\n","protected":false},"excerpt":{"rendered":"<p>Po tym jak nikt z polityk\u00f3w nie da\u0142 rady przekona\u0107 pana Jaros\u0142awa Kaczy\u0144skiego, do wprowadzenia stanu nadzwyczajnego, zrobi\u0142 si\u0119 niesamowity ba\u0142agan. Wszystko si\u0119 poki\u0107ka\u0142o, wszelkie zasady si\u0119 po\u0142ama\u0142o &#8211; a prezydenta wybra\u0107 trzeba. Zastanawiam si\u0119, na kogo postawi\u0142aby Marysia (wcze\u015bniejsze wpisy). Gdy \u017cy\u0142a, du\u017co o wybieraniu prezydenta m\u00f3wi\u0142a. Przez Zgromadzenie Narodowe wybiera\u0107 radzi\u0142a, bo w [&hellip;]<\/p>\n","protected":false},"author":1,"featured_media":24576,"comment_status":"open","ping_status":"open","sticky":false,"template":"","format":"standard","meta":{"_jetpack_memberships_contains_paid_content":false,"footnotes":""},"categories":[4],"tags":[625],"class_list":["post-24374","post","type-post","status-publish","format-standard","has-post-thumbnail","hentry","category-daty-i-fakty-blog","tag-wybory-prezydenckie-podejscie-drugie"],"jetpack_sharing_enabled":true,"jetpack_featured_media_url":"https:\/\/htb.com.pl\/wp-content\/uploads\/2020\/06\/Przekop-dwa.png","_links":{"self":[{"href":"https:\/\/htb.com.pl\/index.php?rest_route=\/wp\/v2\/posts\/24374","targetHints":{"allow":["GET"]}}],"collection":[{"href":"https:\/\/htb.com.pl\/index.php?rest_route=\/wp\/v2\/posts"}],"about":[{"href":"https:\/\/htb.com.pl\/index.php?rest_route=\/wp\/v2\/types\/post"}],"author":[{"embeddable":true,"href":"https:\/\/htb.com.pl\/index.php?rest_route=\/wp\/v2\/users\/1"}],"replies":[{"embeddable":true,"href":"https:\/\/htb.com.pl\/index.php?rest_route=%2Fwp%2Fv2%2Fcomments&post=24374"}],"version-history":[{"count":30,"href":"https:\/\/htb.com.pl\/index.php?rest_route=\/wp\/v2\/posts\/24374\/revisions"}],"predecessor-version":[{"id":24585,"href":"https:\/\/htb.com.pl\/index.php?rest_route=\/wp\/v2\/posts\/24374\/revisions\/24585"}],"wp:featuredmedia":[{"embeddable":true,"href":"https:\/\/htb.com.pl\/index.php?rest_route=\/wp\/v2\/media\/24576"}],"wp:attachment":[{"href":"https:\/\/htb.com.pl\/index.php?rest_route=%2Fwp%2Fv2%2Fmedia&parent=24374"}],"wp:term":[{"taxonomy":"category","embeddable":true,"href":"https:\/\/htb.com.pl\/index.php?rest_route=%2Fwp%2Fv2%2Fcategories&post=24374"},{"taxonomy":"post_tag","embeddable":true,"href":"https:\/\/htb.com.pl\/index.php?rest_route=%2Fwp%2Fv2%2Ftags&post=24374"}],"curies":[{"name":"wp","href":"https:\/\/api.w.org\/{rel}","templated":true}]}}