{"id":2438,"date":"2018-12-01T07:42:19","date_gmt":"2018-12-01T07:42:19","guid":{"rendered":"https:\/\/htb.com.pl\/?p=2438"},"modified":"2018-12-02T09:33:44","modified_gmt":"2018-12-02T09:33:44","slug":"co-to-jest","status":"publish","type":"post","link":"https:\/\/htb.com.pl\/?p=2438","title":{"rendered":"Co to jest?"},"content":{"rendered":"<p><img loading=\"lazy\" decoding=\"async\" class=\"alignnone size-medium wp-image-2471\" src=\"https:\/\/htb.com.pl\/wp-content\/uploads\/2018\/11\/europam-300x300.jpg\" alt=\"\" width=\"300\" height=\"300\" srcset=\"https:\/\/htb.com.pl\/wp-content\/uploads\/2018\/11\/europam-300x300.jpg 300w, https:\/\/htb.com.pl\/wp-content\/uploads\/2018\/11\/europam-150x150.jpg 150w, https:\/\/htb.com.pl\/wp-content\/uploads\/2018\/11\/europam-600x600.jpg 600w, https:\/\/htb.com.pl\/wp-content\/uploads\/2018\/11\/europam-100x100.jpg 100w, https:\/\/htb.com.pl\/wp-content\/uploads\/2018\/11\/europam.jpg 762w\" sizes=\"auto, (max-width: 300px) 100vw, 300px\" \/><\/p>\n<p>Coraz cz\u0119\u015bciej zadaj\u0119 sobie to pytanie\u00a0 ogl\u0105daj\u0105c wiadomo\u015bci w telewizji. Nie ogl\u0105dem re\u017cim\u00f3wki ale ju\u017c i wolne media pokazuj\u0105 takie g\u0142upoty, \u017ce strach w\u0142\u0105cza\u0107 telewizor. Ostatnio widzia\u0142em przekaz jak Lech Wa\u0142\u0119sa i Jaros\u0142aw Kaczy\u0144ski s\u0105dz\u0105 si\u0119 o jakie\u015b pom\u00f3wienia. Ten pierwszy chce uchodzi\u0107 za tw\u00f3rc\u0119 naszej wolno\u015bci. Wymazuje si\u0119 wi\u0119c Jana Paw\u0142a II z historii tworzenia naszej demokracji. Ten drugi, przej\u0105\u0142 media publiczne &#8211; teraz chce wymaza\u0107 Wa\u0142\u0119s\u0119 i sam zrobi\u0107 si\u0119 zbawc\u0105 narodu polskiego. Gdy zobaczy\u0142em ich przywitanie na s\u0105dowym korytarzu, za\u0142ama\u0142em si\u0119&#8230;<\/p>\n<p>Pami\u0119tam Marysi\u0119, moj\u0105 dziewczyn\u0119, kt\u00f3ra w 1986 roku musia\u0142a czasem rozmawia\u0107 z takimi lud\u017ami. Lud\u017ami, kt\u00f3rzy nie maj\u0105 szacunku dla drugiego cz\u0142owieka, kt\u00f3rzy uwa\u017caj\u0105, \u017ce s\u0105 najm\u0105drzejsi. Pami\u0119tam sytuacj\u0119, gdzie argumenty Marysi nie trafia\u0142y do takiego w\u0142a\u015bnie adwersarza. Ten nie potrafi\u0142 stworzy\u0107 w\u0142a\u015bciwej riposty i pos\u0142a\u0142 jej wi\u0105zank\u0119 obelg. Majka mia\u0142a specjalnego ochroniarza, kt\u00f3ry w takiej sytuacji mia\u0142 broni\u0107 przed ni\u0105 nieszcz\u0119\u015bnika, bo to grozi\u0142o utrat\u0105 cz\u0119\u015bci\u00a0 uz\u0119bienia &#8211; w najlepszym wypadku. Jednak gdy go\u015b\u0107 Julka (ochroniarza) oplu\u0142, Julkowi rozwi\u0105za\u0142 si\u0119 but. Chwil\u0119 zasz\u0142o zanim zawi\u0105za\u0142 &#8211; Majka w tym czasie wystawi\u0142a napastnikowi skierowanie na chirurgi\u0119. Chirurgia urazowo-szcz\u0119kowa, tam ostatecznie wyl\u0105dowa\u0142 nieszcz\u0119\u015bnik. Opowiedzia\u0142a mi to,\u00a0 gdy przyjecha\u0142em do niej\u00a0 w sobot\u0119, dzie\u0144 po incydencie. Powiedzia\u0142a, \u017ce ja jestem grzeczny ch\u0142opak, mnie nikt\u00a0 nie b\u0119dzie si\u0119 ba\u0142 i to ja musz\u0119 zanie\u015b\u0107 pobitemu czekoladki do szpitala. Jej ochroniarz prosi\u0142 \u017ceby tak zrobi\u0107, bo nie mo\u017ce za\u0142atwi\u0107 \u017ceby Marysia nie wyl\u0105dowa\u0142a w kolejny raz w pierdlu. T\u0105 du\u017c\u0105 daj piel\u0119gniarkom, g\u0142upio mi, \u017ce musz\u0105 si\u0119 zajmowa\u0107 tym cymba\u0142em. A cymba\u0142owi wyja\u015bnij co mu zrobi\u0119 jak z\u0142o\u017cy zawiadomienie. Pojechali\u015bmy do szpitala &#8211; wolna sobota, cisza i spok\u00f3j. Odnalaz\u0142em pok\u00f3j piel\u0119gniarek, zapuka\u0142em &#8211; cisza. Ju\u017c mia\u0142em odej\u015b\u0107 a tu drzwi si\u0119 otworzy\u0142y i \u015bliczna pani\u00a0 poprosi\u0142a mnie do \u015brodka. Wyja\u015bni\u0142em po co przylaz\u0142em, przeprosi\u0142em, \u017ce obudzi\u0142em. Nie spa\u0142em powiedzia\u0142a, ch\u0142opak\u00f3w ogl\u0105da\u0142am. Tu pokaza\u0142a mi zachodni magazyn z kulturystami. Te\u017c tak wygl\u0105dam powiedzia\u0142em &#8211; no prawie. Ch\u0119tnie zobacz\u0119 r\u00f3\u017cnice.\u00a0 Gdy da\u0142em piel\u0119gniarce czekoladki, ta powiedzia\u0142a, \u017ce przy \u0142\u00f3\u017cku pobitego siedzi piel\u0119gniarz, on boi si\u0119, \u017ce jaka\u015b pani mo\u017ce przyj\u015b\u0107. Ja nie jestem pani prosz\u0119 pani, mnie nie trzeba si\u0119 ba\u0107. Widz\u0119 &#8211; dobra id\u017a ale przyjd\u017a tu jak sko\u0144czysz. Odpakujemy czekoladki. Lepiej niech pani odpakuje z kim\u015b innym, ta co si\u0119 jej boi chory, to moja dziewczyna. Trudno &#8211; id\u017a ale pami\u0119taj o mnie, ja a\u017c tak mocno nie bij\u0119 &#8211; a ciebie to bym&#8230; Wola\u0142em nie\u00a0 s\u0142ysze\u0107 co pani by mi zrobi\u0142a. Przycisn\u0105\u0142em palcem leciutko jej usta\u00a0 a ta wzi\u0119\u0142a m\u00f3j palec do ust i obliza\u0142a, a\u017c mi si\u0119\u00a0 gor\u0105co zrobi\u0142o. Zawo\u0142am piel\u0119gniarza ale tylko na pi\u0119\u0107 minut, powiedzia\u0142a. Wszed\u0142em do chorego, da\u0142em czekoladki i m\u00f3wi\u0119. To Pani Maria dla pana poda\u0142a. Przeprosz\u0119 j\u0105, wyst\u0119ka\u0142. Ona nie chce przeprosin, jeste\u015b nikim, obra\u017casz ludzi, bijesz kobiety a to wyklucza ci\u0119 z grona ludzi honoru. Ludzi, kt\u00f3rzy mogliby ewentualnie Pani\u0105 Mari\u0119 przeprosi\u0107.\u00a0 Chc\u0119, \u017ceby\u015b wiedzia\u0142, \u017ce gdyby ci przysz\u0142o do \u0142ba przed S\u0105d Pani\u0105 Mari\u0119 zaci\u0105gn\u0105\u0107, ty staniesz przed S\u0105dem wcze\u015bniej &#8211; tym ostatecznym. Rozumiem prosz\u0119 pana &#8211; ju\u017c nigdy nie b\u0119d\u0119 nikogo wyzywa\u0142, ani pa\u0144, ani pan\u00f3w, ani nikogo, mam do\u015b\u0107 polityki. Jestem tokarzem, porz\u0105dnym cz\u0142owiekiem, po co mi to by\u0142o. W oczach tego cz\u0142owieka zobaczy\u0142em \u0142zy. Boli Pana? Ma bole\u0107!.. Prosz\u0119 Pani\u0105 Mari\u0119 przeprosi\u0107. Zrobi\u0119 to, powiedzia\u0142em \u017cegnaj\u0105c cierpi\u0105cego cz\u0142owieka. Wiedzia\u0142em, \u017ce jego cierpienie wynika zupe\u0142nie z czego\u015b innego ni\u017c rozbita szcz\u0119ka.<\/p>\n<p>Dzi\u015b gdy patrz\u0119 na naszych z\u0142ych polityk\u00f3w, to tak sobie my\u015bl\u0119 &#8211; szkodo go\u015bciu, \u017ce nie spotka\u0142e\u015b mojej Marysi. Teraz ta Polska musi cierpie\u0107 przez ciebie.<\/p>\n<p>Marysia m\u00f3wi\u0142a &#8211; trzeba zabezpieczy\u0107 gospodark\u0119 przed politykami, potem edukacja i dopiero demokracja. A co si\u0119 sta\u0142o? Politycy okradaj\u0105 pa\u0144stwo, edukacja &#8220;le\u017cy&#8221; i raczej niepr\u0119dko stanie. 25 listopada 2015 roku dokonano zamachu stanu. Sejm podczas nocnych obrad uniewa\u017cni\u0142 wyb\u00f3r pi\u0119ciu S\u0119dzi\u00f3w do Trybuna\u0142u Konstytucyjnego. Gdy pisz\u0119 te s\u0142owa mamy trzeci\u0105 rocznic\u0119 tego wydarzenia. To by\u0142 pocz\u0105tek nieszcz\u0119\u015b\u0107, kt\u00f3re trwaj\u0105 do dzi\u015b. Czasem si\u0119 zastanawiam &#8211; jak to mo\u017cliwe, \u017ce w \u015brodku Europy narodzi\u0142 si\u0119 totalitaryzm.<\/p>\n<p><a href=\"https:\/\/htb.com.pl\/?p=243\">W mediach nie b\u0119dzie si\u0119 m\u00f3wi\u0142o \u017ale o nieobecnych, m\u00f3wi\u0142a Marysia w 1976 roku<\/a>, gdy mi t\u0142umaczy\u0142a co to jest wolno\u015b\u0107. Dziesi\u0119\u0107\u00a0 lat p\u00f3\u017aniej by\u0142a jednak przeciwna aby t\u0105 wolno\u015b\u0107 wprowadzi\u0107 &#8211; <a href=\"https:\/\/htb.com.pl\/?p=1575\">za wcze\u015bnie krzycza\u0142a<\/a>. Dzi\u015b wiem dlaczego. Tamte media nie by\u0142y wolne ale broni\u0142y Polsk\u0119 przed z\u0142em, Sanacj\u0105. Dzi\u015b media re\u017cimowe promuj\u0105 z\u0142o i to jest ta r\u00f3\u017cnica, kt\u00f3rej nie rozumie Pan Jaros\u0142aw Kaczy\u0144ski. On my\u015bli, \u017ce zrobi tak jak na W\u0119grzech &#8211; Fidesz to nie Sanacja a W\u0119gry to nie Polska. Czym to si\u0119 sko\u0144czy, zale\u017cy od nas. Pierwszy krok zosta\u0142 zrobiony we w\u0142a\u015bciwym kierunku, (wybory samorz\u0105dowe). Teraz b\u0119d\u0105 kolejne, wybory do Parlamentu Europejskiego. \u0179li politycy b\u0119d\u0105\u00a0 przybiera\u0107\u00a0 &#8220;anielskie szaty&#8221;. W\u0142a\u015bnie przywr\u00f3cili S\u0119dzi\u00f3w S\u0105du Najwy\u017cszego do orzekania, co nakazywa\u0142 Trybuna\u0142 Sprawiedliwo\u015bci Unii Europejskiej. \u0179li politycy s\u0105 zdziwieni, \u017ce ich ust\u0119pstwo nie za\u0142atwi\u0142o sprawy i ci\u0105gle grozi nam post\u0119powania w trybie art. 7. <em>&#8220;Stwierdzenie przez Rad\u0119\u00a0 ryzyka powa\u017cnego naruszenia przez Pa\u0144stwo Cz\u0142onkowskie warto\u015bci Unii&#8221;<\/em>. Konstytucja to zasady, kt\u00f3re nie podlegaj\u0105 negocjacjom.<\/p>\n<p>S\u0142ucha\u0142em komentarza do tego wydarzenia Pana Zbigniewa Janasa &#8211; opozycjonisty. Bardzo ceni\u0119 tego cz\u0142owieka. Stwierdzi\u0142, \u017ce dziwi si\u0119, \u017ce ludzie z tytu\u0142ami naukowymi nie rozumiej\u0105 prostych zasad wynikaj\u0105cych z naszej Konstytucji a on, zwyk\u0142y robotnik, ze \u015brednim wykszta\u0142ceniem, nie ma z tym problemu. Wtedy przypomnia\u0142 mi si\u0119 ten pobity przez Majk\u0119 tokarz. Mo\u017ce to \u017ale, \u017ce zrezygnowa\u0142 z polityki? <a href=\"https:\/\/htb.com.pl\/?p=2035\">By\u0142 te\u017c inny podobny incydent. Opisa\u0142em go.<\/a> Tam ochroniarz wyratowa\u0142 nieszcz\u0119\u015bnika, kt\u00f3ry chcia\u0142 zerwa\u0107 obrady w sprawie doko\u0144czenia budowy Elektrowni J\u0105drowej w \u017barnowcu. Ten pozosta\u0142 w polityce, rozpierdzielono \u017barnowiec. W\u0142a\u015bnie si\u0119 dowiedzia\u0142em, \u017ce wszystkie nasze elektrownie wiatrowe maj\u0105 by\u0107 zez\u0142omowane. W\u0119giel, w\u0119giel i jeszcze raz w\u0119giel. Wytruj\u0105 nas cholery. Do z\u0142ych polityk\u00f3w si\u0119 wi\u0119c zwracam &#8211; kochani, z prawnikami nie dali\u015bcie sobie rady i za przedsi\u0119biorc\u00f3w si\u0119 bierzecie? Puknijcie si\u0119 w czo\u0142o, tylko nie za mocno, bo kto\u015b pomy\u015bli, \u017ce bij\u0105 w tarabany.<\/p>\n<p><img loading=\"lazy\" decoding=\"async\" class=\"size-medium wp-image-2457 alignleft\" src=\"https:\/\/htb.com.pl\/wp-content\/uploads\/2018\/11\/Most-c-300x179.jpg\" alt=\"\" width=\"300\" height=\"179\" srcset=\"https:\/\/htb.com.pl\/wp-content\/uploads\/2018\/11\/Most-c-300x179.jpg 300w, https:\/\/htb.com.pl\/wp-content\/uploads\/2018\/11\/Most-c-768x459.jpg 768w, https:\/\/htb.com.pl\/wp-content\/uploads\/2018\/11\/Most-c-600x359.jpg 600w, https:\/\/htb.com.pl\/wp-content\/uploads\/2018\/11\/Most-c.jpg 800w\" sizes=\"auto, (max-width: 300px) 100vw, 300px\" \/><\/p>\n<p>Most nad Cie\u015bnin\u0105 Karcze\u0144sk\u0105, \u0142\u0105cz\u0105cy P\u00f3\u0142wysepy Krymski i Tama\u0144ski. Cie\u015bnina\u00a0 \u0142\u0105czy Morze Czarne i Morze Azowskie.\u00a0 To, \u017ce trzeba by\u0142o budowa\u0107 ten most, to wina z\u0142ych polityk\u00f3w. Teraz ci w\u0142a\u015bnie politycy w swojej durnej grze, postanowili sprowokowa\u0107 w tym miejscu incydent. Rosyjski okr\u0119t staranowa\u0142 ukrai\u0144ski holownik. Trzech Ukrai\u0144c\u00f3w zosta\u0142o ranni a ich trzy okr\u0119ty zatrzymane wraz z za\u0142ogami. Tu dzia\u0142a\u0142o rosyjskie FSB (si\u0142y specjalne), <a href=\"https:\/\/htb.com.pl\/?p=2099\">Ja opisa\u0142em jak w 1986 roku, ich GRU (wywiad wojskowy) zatrzyma\u0142 nas z Majk\u0105 przy Cie\u015bninie Pilawskiej<\/a>. Majka\u00a0 zareagowa\u0142a natychmiast\u00a0 &#8211; wyci\u0105gn\u0119\u0142a p\u00f3\u0142 litra i zrobi\u0142o si\u0119 mi\u0142o. Kochani &#8211; tu te\u017c tak trzeba. Do Rosjan i Ukrai\u0144c\u00f3w si\u0119 zwracam. Nie dajcie si\u0119 podpuszcza\u0107 z\u0142ym politykom, b\u0119dziecie bowiem musieli strzela\u0107 do swoich braci &#8211; w waszym przypadku mo\u017ce si\u0119 zdarzy\u0107, \u017ce w sensie dos\u0142ownym. Nie dajcie si\u0119 por\u00f3\u017cni\u0107, nie dajcie si\u0119 z\u0142u. Wiem jakie to trudne, <a href=\"https:\/\/htb.com.pl\/?p=2447\">Igor<\/a> i Marysia przegrali walcz\u0105c z ludzk\u0105 g\u0142upot\u0105, ze z\u0142em. Igor by\u0142 Przyjacielem Marysi, <a href=\"https:\/\/htb.com.pl\/?p=1307\">opisa\u0142em go gdy przyni\u00f3s\u0142 Majce giwer\u0119 do szpitala<\/a>. Majka pisa\u0142a wtedy \u015bci\u0105gi dla ministr\u00f3w rz\u0105du Zbigniewa Messnera. By\u0142 1987 rok, mia\u0142 przyby\u0107 do Polski wiceprezydent Stan\u00f3w Zjednoczonych George Bush. Majka w swych materia\u0142ach\u00a0 \u017ale ocenia\u0142a Busha jako kandydata na prezydenta USA. Pilot, bohater wojenny, przedsi\u0119biorca naftowy,<strong>szef CIA<\/strong> i polityk to z\u0142a konfiguracja, wr\u00f3\u017cy wojn\u0119, pisa\u0142a &#8211; (interwencja zbrojna w Panamie, wojna w Zatoce). Dzi\u015b 30 listopada 2018 roku, w wieku 94 lat zmar\u0142 George Bush<a href=\"https:\/\/www.youtube.com\/watch?v=1_oH2cSUg-Q\">.Pos\u0142uchajmy &#8220;Ciszy&#8221; &#8211; oddajmy cze\u015b\u0107 temu nieprzeci\u0119tnemu cz\u0142owiekowi, kt\u00f3ry tak szanowa\u0142 genera\u0142a Wojciecha Jaruzelskiego.<\/a><a href=\"https:\/\/htb.com.pl\/?product=krym-znikajacy-polwysep\"><img loading=\"lazy\" decoding=\"async\" class=\"size-medium wp-image-2475 alignright\" src=\"https:\/\/htb.com.pl\/wp-content\/uploads\/2018\/11\/Krym-197x300.jpg\" alt=\"\" width=\"197\" height=\"300\" srcset=\"https:\/\/htb.com.pl\/wp-content\/uploads\/2018\/11\/Krym-197x300.jpg 197w, https:\/\/htb.com.pl\/wp-content\/uploads\/2018\/11\/Krym.jpg 200w\" sizes=\"auto, (max-width: 197px) 100vw, 197px\" \/><\/a><\/p>\n<p><a href=\"https:\/\/htb.com.pl\/?p=258\">Pisa\u0142em jak wa\u017cny jest\u00a0 g\u0142os kobiet w polityce.<\/a> To co m\u00f3wi\u0105 niekt\u00f3rzy politycy m\u0119\u017cczy\u017ani, to zbi\u00f3r bzdur. Puszy si\u0119 taki jeden z drugim &#8211; wojna mu si\u0119 marzy. Ju\u017c widzi siebie w\u015br\u00f3d \u017co\u0142nierzy w jakiej\u015b g\u0142upiej czopce i wojskowym uniformie. Gdyby\u015b ty siebie pajacu widzia\u0142 oczami \u017co\u0142nierza&#8230;<\/p>\n<p>Angela Merkel Kanclerz Niemiec z niezwyk\u0142\u0105 wytrwa\u0142o\u015bci\u0105 pracuje nad wprowadzeniem w \u017cycie uzgodnie\u0144\u00a0 z Mi\u0144ska. Rosja musi wykona\u0107 swoj\u0105 dzia\u0142k\u0119 &#8211; powiedzia\u0142a na Konferencji Bezpiecze\u0144stwa w Monachiu. I ona i szefowa dyplomacji UE Federica Mogherini wiedz\u0105, \u017ce tego konfliktu si\u0142owo rozwi\u0105za\u0107 si\u0119 nie da.<\/p>\n<p>Pisz\u0119 te s\u0142owa 28 listopada 2018 roku. Dok\u0142adnie sto lat temu Tymczasowy Naczelnik Pa\u0144stwa J\u00f3zef Pi\u0142sudski dekretem zr\u00f3wna\u0142 Kobiety i m\u0119\u017cczyzn. Historia pokaza\u0142a, \u017ce by\u0142 z tym k\u0142opot, Panie nie da\u0142y rady zapobiec II wojnie \u015bwiatowej.\u00a0 \u00a0Oby dzi\u015b\u00a0 to si\u0119 nie powt\u00f3rzy\u0142o, \u017cycz\u0119 Paniom wytrwa\u0142o\u015bci, w polityk\u00f3w m\u0119\u017cczyzn zw\u0105tpi\u0142em bowiem ju\u017c dawno. Pozosta\u0142a mi wiara w oficer\u00f3w. PANOWIE OFICEROWIE &#8211; Marysia tak bardzo w was wierzy\u0142a&#8230; <a href=\"https:\/\/www.youtube.com\/watch?v=yFj7gGPWlKI\">Co &#8211; co? Wy wiecie co!\u00a0<\/a><\/p>\n<p>&nbsp;<\/p>\n<p>&nbsp;<\/p>\n","protected":false},"excerpt":{"rendered":"<p>Coraz cz\u0119\u015bciej zadaj\u0119 sobie to pytanie\u00a0 ogl\u0105daj\u0105c wiadomo\u015bci w telewizji. Nie ogl\u0105dem re\u017cim\u00f3wki ale ju\u017c i wolne media pokazuj\u0105 takie g\u0142upoty, \u017ce strach w\u0142\u0105cza\u0107 telewizor. Ostatnio widzia\u0142em przekaz jak Lech Wa\u0142\u0119sa i Jaros\u0142aw Kaczy\u0144ski s\u0105dz\u0105 si\u0119 o jakie\u015b pom\u00f3wienia. Ten pierwszy chce uchodzi\u0107 za tw\u00f3rc\u0119 naszej wolno\u015bci. Wymazuje si\u0119 wi\u0119c Jana Paw\u0142a II z historii [&hellip;]<\/p>\n","protected":false},"author":1,"featured_media":2471,"comment_status":"open","ping_status":"open","sticky":false,"template":"","format":"standard","meta":{"_jetpack_memberships_contains_paid_content":false,"footnotes":""},"categories":[4],"tags":[334,332,333],"class_list":["post-2438","post","type-post","status-publish","format-standard","has-post-thumbnail","hentry","category-daty-i-fakty-blog","tag-elektrownie-weglowe","tag-rosja","tag-ukraina"],"jetpack_sharing_enabled":true,"jetpack_featured_media_url":"https:\/\/htb.com.pl\/wp-content\/uploads\/2018\/11\/europam.jpg","_links":{"self":[{"href":"https:\/\/htb.com.pl\/index.php?rest_route=\/wp\/v2\/posts\/2438","targetHints":{"allow":["GET"]}}],"collection":[{"href":"https:\/\/htb.com.pl\/index.php?rest_route=\/wp\/v2\/posts"}],"about":[{"href":"https:\/\/htb.com.pl\/index.php?rest_route=\/wp\/v2\/types\/post"}],"author":[{"embeddable":true,"href":"https:\/\/htb.com.pl\/index.php?rest_route=\/wp\/v2\/users\/1"}],"replies":[{"embeddable":true,"href":"https:\/\/htb.com.pl\/index.php?rest_route=%2Fwp%2Fv2%2Fcomments&post=2438"}],"version-history":[{"count":46,"href":"https:\/\/htb.com.pl\/index.php?rest_route=\/wp\/v2\/posts\/2438\/revisions"}],"predecessor-version":[{"id":2503,"href":"https:\/\/htb.com.pl\/index.php?rest_route=\/wp\/v2\/posts\/2438\/revisions\/2503"}],"wp:featuredmedia":[{"embeddable":true,"href":"https:\/\/htb.com.pl\/index.php?rest_route=\/wp\/v2\/media\/2471"}],"wp:attachment":[{"href":"https:\/\/htb.com.pl\/index.php?rest_route=%2Fwp%2Fv2%2Fmedia&parent=2438"}],"wp:term":[{"taxonomy":"category","embeddable":true,"href":"https:\/\/htb.com.pl\/index.php?rest_route=%2Fwp%2Fv2%2Fcategories&post=2438"},{"taxonomy":"post_tag","embeddable":true,"href":"https:\/\/htb.com.pl\/index.php?rest_route=%2Fwp%2Fv2%2Ftags&post=2438"}],"curies":[{"name":"wp","href":"https:\/\/api.w.org\/{rel}","templated":true}]}}