{"id":2447,"date":"2018-11-26T15:54:59","date_gmt":"2018-11-26T15:54:59","guid":{"rendered":"https:\/\/htb.com.pl\/?p=2447"},"modified":"2025-05-04T12:43:36","modified_gmt":"2025-05-04T12:43:36","slug":"zmarl-igor-korbow","status":"publish","type":"post","link":"https:\/\/htb.com.pl\/?p=2447","title":{"rendered":"Zmar\u0142 Igor Korbow"},"content":{"rendered":"<p>Genera\u0142, pu\u0142kownik, pilot Igor Walentinowicz Korbow &#8211; zmar\u0142 21 listopada 2018 roku. od stycznia 2016 roku szef GRU. Wielokrotnie wyst\u0119puje w moich wpisach na blogu. To by\u0142 znajomy Marysi. Urodzili si\u0119 w tym samym 1956 roku, oboje byli prymusami i oboje zmarli na nowotw\u00f3r.<\/p>\n<p>Koniec \u017cart\u00f3w Igor &#8211; obiecuj\u0119&#8230; \u017bEGNAJ &#8211; SPOCZYWAJ W SPOKOJU.<\/p>\n<p><em>Jan Chmura<\/em><\/p>\n","protected":false},"excerpt":{"rendered":"<p>Genera\u0142, pu\u0142kownik, pilot Igor Walentinowicz Korbow &#8211; zmar\u0142 21 listopada 2018 roku. od stycznia 2016 roku szef GRU. Wielokrotnie wyst\u0119puje w moich wpisach na blogu. To by\u0142 znajomy Marysi. Urodzili si\u0119 w tym samym 1956 roku, oboje byli prymusami i oboje zmarli na nowotw\u00f3r. Koniec \u017cart\u00f3w Igor &#8211; obiecuj\u0119&#8230; \u017bEGNAJ &#8211; SPOCZYWAJ W SPOKOJU. Jan [&hellip;]<\/p>\n","protected":false},"author":1,"featured_media":2450,"comment_status":"open","ping_status":"open","sticky":false,"template":"","format":"standard","meta":{"_jetpack_memberships_contains_paid_content":false,"footnotes":""},"categories":[4],"tags":[328,330,329],"class_list":["post-2447","post","type-post","status-publish","format-standard","has-post-thumbnail","hentry","category-daty-i-fakty-blog","tag-general","tag-pilot-igor-walentinowicz-korbow","tag-pulkownik"],"jetpack_sharing_enabled":true,"jetpack_featured_media_url":"https:\/\/htb.com.pl\/wp-content\/uploads\/2018\/11\/Korbow.jpg","_links":{"self":[{"href":"https:\/\/htb.com.pl\/index.php?rest_route=\/wp\/v2\/posts\/2447","targetHints":{"allow":["GET"]}}],"collection":[{"href":"https:\/\/htb.com.pl\/index.php?rest_route=\/wp\/v2\/posts"}],"about":[{"href":"https:\/\/htb.com.pl\/index.php?rest_route=\/wp\/v2\/types\/post"}],"author":[{"embeddable":true,"href":"https:\/\/htb.com.pl\/index.php?rest_route=\/wp\/v2\/users\/1"}],"replies":[{"embeddable":true,"href":"https:\/\/htb.com.pl\/index.php?rest_route=%2Fwp%2Fv2%2Fcomments&post=2447"}],"version-history":[{"count":4,"href":"https:\/\/htb.com.pl\/index.php?rest_route=\/wp\/v2\/posts\/2447\/revisions"}],"predecessor-version":[{"id":120793,"href":"https:\/\/htb.com.pl\/index.php?rest_route=\/wp\/v2\/posts\/2447\/revisions\/120793"}],"wp:featuredmedia":[{"embeddable":true,"href":"https:\/\/htb.com.pl\/index.php?rest_route=\/wp\/v2\/media\/2450"}],"wp:attachment":[{"href":"https:\/\/htb.com.pl\/index.php?rest_route=%2Fwp%2Fv2%2Fmedia&parent=2447"}],"wp:term":[{"taxonomy":"category","embeddable":true,"href":"https:\/\/htb.com.pl\/index.php?rest_route=%2Fwp%2Fv2%2Fcategories&post=2447"},{"taxonomy":"post_tag","embeddable":true,"href":"https:\/\/htb.com.pl\/index.php?rest_route=%2Fwp%2Fv2%2Ftags&post=2447"}],"curies":[{"name":"wp","href":"https:\/\/api.w.org\/{rel}","templated":true}]}}