{"id":24821,"date":"2020-06-10T14:59:30","date_gmt":"2020-06-10T14:59:30","guid":{"rendered":"https:\/\/htb.com.pl\/?p=24821"},"modified":"2020-06-14T10:54:33","modified_gmt":"2020-06-14T10:54:33","slug":"kuzyn-marysi","status":"publish","type":"post","link":"https:\/\/htb.com.pl\/?p=24821","title":{"rendered":"Kuzyn Marysi"},"content":{"rendered":"\n<p><\/p>\n\n\n\n<p><\/p>\n\n\n\n<p><\/p>\n\n\n\n<figure class=\"wp-block-image size-large\"><img loading=\"lazy\" decoding=\"async\" width=\"259\" height=\"194\" src=\"https:\/\/htb.com.pl\/wp-content\/uploads\/2020\/06\/Krajobraz.jpg\" alt=\"\" class=\"wp-image-24893\"\/><\/figure>\n\n\n\n<p>W roku  1995 zajmowa\u0142em si\u0119 produkcj\u0105 p\u0142yty klejonej z drewna litego. Pr\u00f3bowa\u0142em j\u0105 produkowa\u0107 z buka bieszczadzkiego ale odbiorca mia\u0142 zbyt du\u017ce wymagania i nic nie wysz\u0142o z tego. By\u0142o to w zak\u0142adzie ORTIS Rudenka &#8211; miejscowo\u015b\u0107 w rejonie Leska, Uherc. Odwiedzi\u0142 mnie tam kuzyn Marysi z Tarnopola na Ukrainie, wspomina\u0142em ju\u017c o nim. Pojechali\u015bmy do Zatwartnicy, do miejsca, sk\u0105d Rodzice Marysi zostali wysiedleni w 1947 roku w ramach Akcji Wis\u0142a. Mia\u0142 ze sob\u0105 dokumenty, mapy. Okaza\u0142o si\u0119, \u017ce po wojnie cz\u0119\u015b\u0107 ich p\u00f3l le\u017ca\u0142a w ZSRR. Dopiero umowa o zmianie granic z 15 lutego 1951 roku <img loading=\"lazy\" decoding=\"async\" width=\"150\" height=\"237\" class=\"wp-image-24823\" style=\"width: 150px;\" src=\"https:\/\/htb.com.pl\/wp-content\/uploads\/2020\/06\/mapa.jpg\" alt=\"\" srcset=\"https:\/\/htb.com.pl\/wp-content\/uploads\/2020\/06\/mapa.jpg 382w, https:\/\/htb.com.pl\/wp-content\/uploads\/2020\/06\/mapa-190x300.jpg 190w\" sizes=\"auto, (max-width: 150px) 100vw, 150px\" \/> umo\u017cliwi\u0142aby scalenie tych grunt\u00f3w ale \u0141emk\u00f3w ju\u017c tam nie by\u0142o. Rozmawiali\u015bmy o tym w Siekierezadzie <img loading=\"lazy\" decoding=\"async\" width=\"150\" height=\"113\" class=\"wp-image-24824\" style=\"width: 150px;\" src=\"https:\/\/htb.com.pl\/wp-content\/uploads\/2020\/06\/Siekierezada.jpg\" alt=\"\" srcset=\"https:\/\/htb.com.pl\/wp-content\/uploads\/2020\/06\/Siekierezada.jpg 1000w, https:\/\/htb.com.pl\/wp-content\/uploads\/2020\/06\/Siekierezada-300x225.jpg 300w, https:\/\/htb.com.pl\/wp-content\/uploads\/2020\/06\/Siekierezada-768x576.jpg 768w, https:\/\/htb.com.pl\/wp-content\/uploads\/2020\/06\/Siekierezada-600x450.jpg 600w\" sizes=\"auto, (max-width: 150px) 100vw, 150px\" \/> , to kultowe miejsce i nie mo\u017cna tam nie by\u0107. Troch\u0119 &#8220;pobyli\u015bmy&#8221; i si\u0119 pobili\u015bmy. Stan\u0119\u0142o o ziemie, kt\u00f3re zamienili\u015bmy. Ja uwa\u017ca\u0142em, \u017ce ruscy ko\u0142o Zamo\u015bcia w\u0119giel nam zabrali, a tu pustkowie dali. A co Marysia o w\u0119glu M\u00f3wi\u0142a!? Wydar\u0142 si\u0119 na mnie kuzyn Maiki i z\u0142apa\u0142 mnie za fraki. Gdy ju\u017c po razie \u017ce\u015bmy sobie dali i si\u0119 wys\u0142uchali &#8211; zrozumia\u0142em co\u015b, czego dzisiejsza w\u0142adza nie jest w stanie poj\u0105\u0107. W\u0119giel to czarna \u015bmier\u0107, a nie czarne z\u0142oto. To by\u0142o te\u017c po to, \u017ceby doko\u0144czy\u0107 rozpocz\u0119ty przed wojn\u0105 kompleks elektrowni wodnych Solina-Myczkowce. <img loading=\"lazy\" decoding=\"async\" width=\"150\" height=\"65\" class=\"wp-image-24825\" style=\"width: 150px;\" src=\"https:\/\/htb.com.pl\/wp-content\/uploads\/2020\/06\/Solina.jpg\" alt=\"\" srcset=\"https:\/\/htb.com.pl\/wp-content\/uploads\/2020\/06\/Solina.jpg 512w, https:\/\/htb.com.pl\/wp-content\/uploads\/2020\/06\/Solina-300x129.jpg 300w\" sizes=\"auto, (max-width: 150px) 100vw, 150px\" \/> Wtedy rz\u0105dz\u0105cy przewidywali i nie gadali, tylko Polsk\u0119 po wojnie odbudowywali. Wiele inwestycji &#8211; jak COP, czy wspomnian\u0105 Solin\u0119 kontynuowali, a nie jak wspomniane w poprzednim wpisie Mieleckie Osocze upie&#8230;lali. <a href=\"https:\/\/htb.com.pl\/?product=siekierezada\"><img loading=\"lazy\" decoding=\"async\" width=\"150\" height=\"224\" class=\"wp-image-24844\" style=\"width: 150px;\" src=\"https:\/\/htb.com.pl\/wp-content\/uploads\/2020\/06\/sekierezada.jpg\" alt=\"\"><\/a><\/p>\n\n\n\n<p>Gdy s\u0142ucham pana prezydenta Andrzeja Dudy, jak obiecuje co ju\u017c jutro b\u0119d\u0105 budowali &#8211; to wiem, \u017ce chodzi jedynie o to, \u017ceby\u015bmy go ponownie wybrali. Mo\u017ce czas, \u017ceby\u015bmy wszyscy na raz nie gadali, tylko si\u0119 nawzajem wys\u0142uchali.<\/p>\n\n\n\n<p><a href=\"https:\/\/htb.com.pl\/?p=3871\">Pisa\u0142em o polskiej energetyce j\u0105drowej w latach osiemdziesi\u0105tych.<\/a> Po przej\u0119ciu w\u0142adzy przez premiera Tadeusza Mazowieckiego, we wrze\u015bniu 1989,  powr\u00f3cili\u015bmy do w\u0119gla kamiennego i do dzi\u015b nie zmienili\u015bmy tego. W\u0142a\u015bnie dlatego, g\u00f3rnicy na postojowym dostaj\u0105 100 procent zarobku swojego &#8211; inaczej mo\u017ce zabrakn\u0105\u0107 pr\u0105du elektrycznego.<\/p>\n\n\n\n<p>Znowu pochwale Pana Jaros\u0142awa Kaczy\u0144skiego &#8211; a to z powodu listu  jego, do  towarzystwa pisowskiego. Ostrzega, \u017ceby kolejny raz nie wybrali kogo\u015b, kto pog\u0142\u0119bi to, czego dokonali &#8211; w sferze polityki gospodarczej, zagranicznej i bezpiecze\u0144stwa. Z tre\u015bci wynika, \u017ce Pan Kaczy\u0144skie nie wierzy, \u017ce wszystko to le\u017cy, dlatego miedzy wierszami czyta\u0107 nale\u017cy.<\/p>\n","protected":false},"excerpt":{"rendered":"<p>W roku 1995 zajmowa\u0142em si\u0119 produkcj\u0105 p\u0142yty klejonej z drewna litego. Pr\u00f3bowa\u0142em j\u0105 produkowa\u0107 z buka bieszczadzkiego ale odbiorca mia\u0142 zbyt du\u017ce wymagania i nic nie wysz\u0142o z tego. By\u0142o to w zak\u0142adzie ORTIS Rudenka &#8211; miejscowo\u015b\u0107 w rejonie Leska, Uherc. Odwiedzi\u0142 mnie tam kuzyn Marysi z Tarnopola na Ukrainie, wspomina\u0142em ju\u017c o nim. Pojechali\u015bmy [&hellip;]<\/p>\n","protected":false},"author":1,"featured_media":24893,"comment_status":"open","ping_status":"open","sticky":false,"template":"","format":"standard","meta":{"_jetpack_memberships_contains_paid_content":false,"footnotes":""},"categories":[4],"tags":[628],"class_list":["post-24821","post","type-post","status-publish","format-standard","has-post-thumbnail","hentry","category-daty-i-fakty-blog","tag-kuzyn-marysi"],"jetpack_sharing_enabled":true,"jetpack_featured_media_url":"https:\/\/htb.com.pl\/wp-content\/uploads\/2020\/06\/Krajobraz.jpg","_links":{"self":[{"href":"https:\/\/htb.com.pl\/index.php?rest_route=\/wp\/v2\/posts\/24821","targetHints":{"allow":["GET"]}}],"collection":[{"href":"https:\/\/htb.com.pl\/index.php?rest_route=\/wp\/v2\/posts"}],"about":[{"href":"https:\/\/htb.com.pl\/index.php?rest_route=\/wp\/v2\/types\/post"}],"author":[{"embeddable":true,"href":"https:\/\/htb.com.pl\/index.php?rest_route=\/wp\/v2\/users\/1"}],"replies":[{"embeddable":true,"href":"https:\/\/htb.com.pl\/index.php?rest_route=%2Fwp%2Fv2%2Fcomments&post=24821"}],"version-history":[{"count":15,"href":"https:\/\/htb.com.pl\/index.php?rest_route=\/wp\/v2\/posts\/24821\/revisions"}],"predecessor-version":[{"id":25103,"href":"https:\/\/htb.com.pl\/index.php?rest_route=\/wp\/v2\/posts\/24821\/revisions\/25103"}],"wp:featuredmedia":[{"embeddable":true,"href":"https:\/\/htb.com.pl\/index.php?rest_route=\/wp\/v2\/media\/24893"}],"wp:attachment":[{"href":"https:\/\/htb.com.pl\/index.php?rest_route=%2Fwp%2Fv2%2Fmedia&parent=24821"}],"wp:term":[{"taxonomy":"category","embeddable":true,"href":"https:\/\/htb.com.pl\/index.php?rest_route=%2Fwp%2Fv2%2Fcategories&post=24821"},{"taxonomy":"post_tag","embeddable":true,"href":"https:\/\/htb.com.pl\/index.php?rest_route=%2Fwp%2Fv2%2Ftags&post=24821"}],"curies":[{"name":"wp","href":"https:\/\/api.w.org\/{rel}","templated":true}]}}