{"id":2504,"date":"2018-12-08T16:03:41","date_gmt":"2018-12-08T16:03:41","guid":{"rendered":"https:\/\/htb.com.pl\/?p=2504"},"modified":"2020-02-24T09:10:55","modified_gmt":"2020-02-24T09:10:55","slug":"szczyt-klimatyczny-coop24","status":"publish","type":"post","link":"https:\/\/htb.com.pl\/?p=2504","title":{"rendered":"Szczyt Klimatyczny COOP24"},"content":{"rendered":"<p>Ocieplanie klimatu to ju\u017c nie jakie\u015b mrzonki, to fakt. Porozumienia Paryskie z 12 grudnia 2015 roku by\u0142y jak\u0105\u015b iskierk\u0105 nadziei na uratowanie naszej planety. Niestety &#8211; wyb\u00f3r Donalda Trumpa na prezydenta USA oraz przej\u0119cie w\u0142adzy przez populist\u00f3w w wielu krajach w tym\u00a0 Polsce,\u00a0 bardzo utrudnia kontynuowanie pozytywnych zmian. Jakby tych nieszcz\u0119\u015b\u0107 by\u0142o ma\u0142o, kolejny Szczyt Klimatyczny odbywa si\u0119 w Polsce, w Katowicach. Rozbawi\u0142 mnie Pan Prezydent Andrzej Duda, kt\u00f3ry otwieraj\u0105c obrady pochwali\u0142 si\u0119, \u017ce mamy w\u0119gla na 200 lat, tak mu kto\u015b policzy\u0142 &#8211; mo\u017ce 20? Gdyby tak wszyscy my\u015bleli to za 200 lat na ziemi b\u0119dzie Mars.\u00a0<img loading=\"lazy\" decoding=\"async\" class=\"size-medium wp-image-2505 alignright\" src=\"https:\/\/htb.com.pl\/wp-content\/uploads\/2018\/12\/Mars-300x245.jpeg\" alt=\"\" width=\"300\" height=\"245\" srcset=\"https:\/\/htb.com.pl\/wp-content\/uploads\/2018\/12\/Mars-300x245.jpeg 300w, https:\/\/htb.com.pl\/wp-content\/uploads\/2018\/12\/Mars-768x628.jpeg 768w, https:\/\/htb.com.pl\/wp-content\/uploads\/2018\/12\/Mars-600x491.jpeg 600w, https:\/\/htb.com.pl\/wp-content\/uploads\/2018\/12\/Mars.jpeg 800w\" sizes=\"auto, (max-width: 300px) 100vw, 300px\" \/><\/p>\n<p>Mam nadziej\u0119, \u017ce wielcy nieobecni na szczycie w Katowicach, czyli Angela Merkel, Emmanuel Macron, Donald Trump, Xi Jinping czy W\u0142adimir Putin jednak co\u015b zrobi\u0105 i nie dojdzie do zag\u0142ady naszej planety. Pani\u0105 Kanclerz Niemiec wymieni\u0142em na pocz\u0105tku, bo ja wierz\u0119 w kobiety. Bardzo zasmuci\u0142o mnie to, \u017ce delegaci, kt\u00f3rzy przybyli do Katowic reprezentuj\u0105 tylko 30 % naszego \u015bwiata. Gdy my\u015bla\u0142em co jest tego przyczyn\u0105, otrzyma\u0142em odpowied\u017a. Premier Mateusz Morawiecki zosta\u0142 pokazany u Ojca Tadeusza Rydzyka. By\u0142a jaka\u015b impreza &#8211; musia\u0142o by\u0107 nie\u017ale, bo premier powiedzia\u0142, \u017ce ta ich garstka, kt\u00f3ra Matk\u0119 Boga Mari\u0119 nazywa Maryj\u0105, to s\u0105 prawdziwi Polacy. Ich jest w\u0142a\u015bnie oko\u0142o 30% i teraz to oni reprezentuj\u0105 Polsk\u0119 na arenie mi\u0119dzynarodowej. Reprezentuj\u0105 adekwatnie do swojej si\u0142y, czyli tak na s\u0142abe jedna trzecia. Ja mam szcz\u0119\u015bcie, w Ko\u015bciele \u015awi\u0119tego Ducha w Mielcu jak odmawiamy r\u00f3\u017caniec, tylko Ksi\u0105dz Matk\u0119 Boga nazywa Maryj\u0105, wierni odpowiadaj\u0105 Maria. To wa\u017cne, \u017ceby wiar\u0119 Naszych Ojc\u00f3w zachowa\u0107 dla nast\u0119pnych pokole\u0144. Trzymanie si\u0119 zasad, rezygnacja z nadmiernego konsumpcjonizmu, mo\u017ce uratowa\u0107 nasz\u0105 ziemi\u0119.<img loading=\"lazy\" decoding=\"async\" class=\"size-full wp-image-2506 alignleft\" src=\"https:\/\/htb.com.pl\/wp-content\/uploads\/2018\/12\/ziemia.gif\" alt=\"\" width=\"200\" height=\"191\" \/>Trzeba jednak odsun\u0105\u0107 ludzi bez wyobra\u017ani od ster\u00f3w, trzeba to zrobi\u0107 szybko. Ponad 130 os\u00f3b dziennie, umiera w Polsce z powodu smogu, zanieczyszczenia powietrza. Nasi rz\u0105dz\u0105cy za\u015b maja to w d&#8230;e. Szumid\u0142a im nie zadzia\u0142a\u0142y i teraz maj\u0105 problem. Dziennikarzy pr\u00f3buj\u0105 zastraszy\u0107, \u017ceby nie pisali prawdy, bo oni nie mog\u0105 spokojnie kra\u015b\u0107, rabowa\u0107, mordowa\u0107. Obro\u0144cy \u017cycia ch&#8230;ra j&#8230;a.<\/p>\n<p>Troch\u0119 mnie martwi, \u017ce Pana Jaros\u0142awa Kaczy\u0144skiego schowano przed wyborami do Parlamentu Europejskiego. Jego udzia\u0142 gwarantowa\u0142 kl\u0119sk\u0119 eurosceptyk\u00f3w. Ca\u0142e szcz\u0119\u015bcie, \u017ce premier Mateusz Morawiecki pozosta\u0142 twarz\u0105 z\u0142ych polityk\u00f3w. Te\u017c m\u00f3wi z g\u0142owy, czyli z niczego a to daje nadziej\u0119 na ich kl\u0119sk\u0119. Marysia m\u00f3wi\u0142a &#8211; je\u017celi musisz gin\u0105\u0107, gi\u0144 z nadziej\u0105. B\u0119dzie \u0142atwiej i mo\u017ce si\u0119 uda\u0107. Odsuni\u0119cie od w\u0142adzy z\u0142ych polityk\u00f3w jest nasz\u0105 jedyna nadziej\u0105, ju\u017c nie na lepsz\u0105 przysz\u0142o\u015b\u0107 ale na prze\u017cycie. Zmiany klimatyczne post\u0119puj\u0105 szybciej ni\u017c si\u0119 spodziewano. Wzrost \u015bredniej temperatury na ziemi trzeba zatrzyma\u0107 na poziomie uznawanym za bezpieczny, czyli\u00a0 poni\u017cej 2 stopni w skali Celsiusza wzgl\u0119dem czas\u00f3w przedprzemys\u0142owych &#8211; powiedzmy rok 1750.\u00a0 Za\u0142\u00f3\u017cmy, \u017ce wtedy w Polsce \u015brednia roczna temperatura wynosi\u0142a 7 stopni Celsiusza.\u00a0 Gdy ta temperatura na terenie Polski by\u0142a o 2 stopnie ni\u017csza, mieli\u015bmy zlodowacenie, kt\u00f3re by\u0142o 18 000 lat wcze\u015bniej. Dzi\u015b grozi nam wzrost \u015bredniej temperatury na ziemi o 4 stopnie Celsjusza!<\/p>\n<p><a href=\"https:\/\/htb.com.pl\/?p=18549\"><img loading=\"lazy\" decoding=\"async\" class=\"size-full wp-image-2516 alignright\" src=\"https:\/\/htb.com.pl\/wp-content\/uploads\/2018\/12\/efekt.jpg\" alt=\"\" width=\"200\" height=\"282\" \/><\/a>Kolejne szczyty klimatyczne, tak\u017ce ten w Katowicach s\u0105 po to, \u017ceby zatrzyma\u0107 ten wzrost na poziomie bezpiecznym. To podobno jest realne &#8211; \u015bmiem w\u0105tpi\u0107. Nasi politycy traktuj\u0105 ten katowicki szczyt jak kampanie wyborcz\u0105. Naszym nieszcz\u0119\u015bciem jest te\u017c to, \u017ce na polskiej scenie politycznej s\u0105 tylko ci, kt\u00f3rzy popieraj\u0105 Sanacj\u0119, Pi\u0142sudskiego, czyli ludzie bez wyobra\u017ani. Z nimi nie ma o czym rozmawia\u0107. Zmiany klimatu s\u0105 powolne, bez wyobra\u017ani nie da si\u0119 ich zauwa\u017cy\u0107. Kto\u015b powie &#8211; mo\u017cna przeczyta\u0107 to zdanie powy\u017cej o temperaturach. Tak ale trzeba umie\u0107 czyta\u0107 ze zrozumieniem a tu te\u017c potrzebna jest wyobra\u017ania.<\/p>\n<p>I to tej w\u0142asnie wyobra\u017ani zabrak\u0142o, gdy 17.12.1990 roku, budowan\u0105 Elektrowni\u0119 J\u0105drow\u0105 \u017barnowiec postawiono w stan likwidacji. Termin likwidacji zaplanowano na 31.12 1992 rok. Uda\u0142o si\u0119 &#8211; rozpierdzielanie idzie im, czyli z\u0142ym politykom doskonale. Dzi\u015b chce si\u0119 powr\u00f3ci\u0107 do idei budowy Elektrowni J\u0105drowej w Polsce. W ustach z\u0142ych polityk\u00f3w brzmi to jak jaka\u015b paranoja. \u017beby powsta\u0142a Elektrownia J\u0105drowa trzeba j\u0105 wybudowa\u0107. Jak wy to chcecie zrobi\u0107? Wy nie macie poj\u0119cia o\u00a0 budowaniu czegokolwiek. Wy wszystko niszczycie&#8230;<\/p>\n<p>Astaldi &#8211; w\u0142oska firma &#8211; my\u015bl\u0119, \u017ce jeszcze o niej us\u0142yszymy. Realizuje ona w Polsce wiele kluczowych inwestycji. Po tym jak popracowa\u0142a dla Wenezueli i Grecji ma k\u0142opoty. \u017beby jako\u015b je przezwyci\u0119\u017cy\u0107 musia\u0142a wej\u015b\u0107 do podobnego kraju jak wymieni bankruci. Nikt inny nie podpisa\u0142by z nimi \u017cadnego kontraktu. Polska by\u0142a idealnym kontrahentem, tu te\u017c rz\u0105dz\u0105 \u017ali politycy. W\u0142osi nie p\u0142ac\u0105 polskim podwykonawcom, wycofuj\u0105 si\u0119 z realizacji wielu inwestycji, nawet tunel na zakopiance ma op\u00f3\u017anienia.<\/p>\n<p>Aresztowano by\u0142ego szefa KNF Andrzeja Jakubiaka, jego zast\u0119pc\u0119 Wojciecha Kwa\u015bniaka ich pi\u0119ciu wsp\u00f3\u0142pracownik\u00f3w. Widzia\u0142em jak prokurator o\u015bmielony obecno\u015bci\u0105 Zbigniewa Ziobry &#8211; trzy razy powt\u00f3rzy\u0142 zarzuty wobec zatrzymanych. To taka formu\u0142a &#8211; oznacza, \u017ce obwinieni s\u0105 winni i tyle. \u0179li politycy nie dali rady S\u0119dziom, ci nadal s\u0105 niezale\u017cni. Trzeba mie\u0107 nadziej\u0119, \u017ce ludzie ci wyjd\u0105 na wolno\u015b\u0107. Szczeg\u00f3lnie \u017cal mi \u017cony pana Wojciecha Kwa\u015bniaka, ju\u017c raz przechodzi\u0142a traum\u0119, gdy jej m\u0119\u017ca pobito za zlikwidowanie z\u0142odziejstwa w SKOK-ach. Teraz za to samo zosta\u0142 aresztowany razem z innymi. To nasza wina. Wybrali\u015bmy Pana Andrzeja Dud\u0119 Prezydentem a ten u\u0142askawi\u0142 Mariusza Kami\u0144skiego skazanego\u00a0 za prowokacj\u0119 przeciwko Andrzejowi Lepperowi. Po zamachu stanu w 2015 roku, Kami\u0144ski zosta\u0142 ministrem bez teki w gabinecie pani Beaty Szyd\u0142o i zaj\u0105\u0142 si\u0119 s\u0142u\u017cbami specjalnymi. Jestem pewien, \u017ce gdyby nie pan Kami\u0144ski nie by\u0142oby tych aresztowa\u0144. A tak &#8211; b\u0119d\u0105 nast\u0119pne. Prosz\u0119 przeczyta\u0107 m\u00f3j wpis <a href=\"https:\/\/htb.com.pl\/?p=208\">Grypsera<\/a> i czeka\u0107 na swoj\u0105 kolej.<\/p>\n<p>Z \u017calem patrzy\u0142em na Pana Jaros\u0142awa Kaczy\u0144skiego jak przemawia\u0142 w Jachrance do swych zwolennik\u00f3w. Ka\u017cdy chce go jako\u015b wykorzysta\u0107. Lech Wa\u0142\u0119sa dla jakich\u015b swoich cel\u00f3w wmawia mu, \u017ce katastrofa Smole\u0144ska to jego wina, Antoni Macierewicz ma interes aby ci\u0105gle przekonywa\u0107 Pana Kaczy\u0144skiego, \u017ce to nieprawda. Jeszcze inni za kibicowanie tej paranoi bior\u0105 kas\u0119 jako Pos\u0142owie, czy cz\u0142onkowie Rad Nadzorczych Sp\u00f3\u0142ek Skarbu Pa\u0144stwa. Pogo\u0144 pan Panie Jaros\u0142awie to towarzystwo do roboty, niech nie my\u015bl\u0105, \u017ce ich s\u0142u\u017cba Krajowi polega na nieustannej kampanii wyborczej.<\/p>\n<p>Polska, kt\u00f3r\u0105 pokazuje Panu Jacek Kurski w tej wasze telewizji to \u015bciema &#8211;<a href=\"https:\/\/www.youtube.com\/watch?v=Bfhced4f3c4\"> TRZYMAJ SI\u0118 PAN PANIE JAROS\u0141AWIE&#8230;<\/a><\/p>\n","protected":false},"excerpt":{"rendered":"<p>Ocieplanie klimatu to ju\u017c nie jakie\u015b mrzonki, to fakt. Porozumienia Paryskie z 12 grudnia 2015 roku by\u0142y jak\u0105\u015b iskierk\u0105 nadziei na uratowanie naszej planety. Niestety &#8211; wyb\u00f3r Donalda Trumpa na prezydenta USA oraz przej\u0119cie w\u0142adzy przez populist\u00f3w w wielu krajach w tym\u00a0 Polsce,\u00a0 bardzo utrudnia kontynuowanie pozytywnych zmian. Jakby tych nieszcz\u0119\u015b\u0107 by\u0142o ma\u0142o, kolejny Szczyt [&hellip;]<\/p>\n","protected":false},"author":1,"featured_media":2519,"comment_status":"open","ping_status":"open","sticky":false,"template":"","format":"standard","meta":{"_jetpack_memberships_contains_paid_content":false,"footnotes":""},"categories":[4],"tags":[337],"class_list":["post-2504","post","type-post","status-publish","format-standard","has-post-thumbnail","hentry","category-daty-i-fakty-blog","tag-szczyt-klimatyczny-coop24"],"jetpack_sharing_enabled":true,"jetpack_featured_media_url":"https:\/\/htb.com.pl\/wp-content\/uploads\/2018\/12\/Nied\u017awied\u017a.jpg","_links":{"self":[{"href":"https:\/\/htb.com.pl\/index.php?rest_route=\/wp\/v2\/posts\/2504","targetHints":{"allow":["GET"]}}],"collection":[{"href":"https:\/\/htb.com.pl\/index.php?rest_route=\/wp\/v2\/posts"}],"about":[{"href":"https:\/\/htb.com.pl\/index.php?rest_route=\/wp\/v2\/types\/post"}],"author":[{"embeddable":true,"href":"https:\/\/htb.com.pl\/index.php?rest_route=\/wp\/v2\/users\/1"}],"replies":[{"embeddable":true,"href":"https:\/\/htb.com.pl\/index.php?rest_route=%2Fwp%2Fv2%2Fcomments&post=2504"}],"version-history":[{"count":29,"href":"https:\/\/htb.com.pl\/index.php?rest_route=\/wp\/v2\/posts\/2504\/revisions"}],"predecessor-version":[{"id":18585,"href":"https:\/\/htb.com.pl\/index.php?rest_route=\/wp\/v2\/posts\/2504\/revisions\/18585"}],"wp:featuredmedia":[{"embeddable":true,"href":"https:\/\/htb.com.pl\/index.php?rest_route=\/wp\/v2\/media\/2519"}],"wp:attachment":[{"href":"https:\/\/htb.com.pl\/index.php?rest_route=%2Fwp%2Fv2%2Fmedia&parent=2504"}],"wp:term":[{"taxonomy":"category","embeddable":true,"href":"https:\/\/htb.com.pl\/index.php?rest_route=%2Fwp%2Fv2%2Fcategories&post=2504"},{"taxonomy":"post_tag","embeddable":true,"href":"https:\/\/htb.com.pl\/index.php?rest_route=%2Fwp%2Fv2%2Ftags&post=2504"}],"curies":[{"name":"wp","href":"https:\/\/api.w.org\/{rel}","templated":true}]}}