{"id":25083,"date":"2020-06-14T06:14:34","date_gmt":"2020-06-14T06:14:34","guid":{"rendered":"https:\/\/htb.com.pl\/?p=25083"},"modified":"2020-06-14T06:31:17","modified_gmt":"2020-06-14T06:31:17","slug":"apel-jasnogoreki","status":"publish","type":"post","link":"https:\/\/htb.com.pl\/?p=25083","title":{"rendered":"Apel Jasnog\u00f3rski"},"content":{"rendered":"\n<p>Po tym jak pan Jaros\u0142aw Kaczy\u0144ski <a href=\"https:\/\/htb.com.pl\/?p=24821\">o\u015bmieszy\u0142 prezydenta Andrzeja Dud\u0119<\/a> swym listem &#8211; bp Antoni D\u0142ugosz podczas Apelu Jasnog\u00f3rskiego &#8220;chwali\u0142&#8221; premiera Mateusza Morawieckiego i ministra zdrowia \u0141ukasza Szumowskieo.\u00a0Cytat: <em>&#8220;Obecnie, dwaj przedstawiciele naszej w\u0142adzy, wybranej przez wi\u0119kszo\u015b\u0107 Polak\u00f3w uobecniaj\u0105 charyzmat dw\u00f3ch Ewangelist\u00f3w (&#8230;)Ewangelista Mateusz (premier Morawiecki)pochyla si\u0119 nad egzystencj\u0105 naszego narodu, by \u017cy\u0142o si\u0119 lepiej. Z kolei Ewangelista \u0141ukasz (prof. Szumowski) jest przed\u0142u\u017ceniem syn\u00f3w Jezusa, troszcz\u0105c si\u0119 o nasze \u017cycie i zdrowie. Dzi\u0119kujemy Bo\u017ca Matko za ich pos\u0142ug\u0119&#8221;.\u00a0<\/em>\u00a0Bp D\u0142ugosz wypowiedzia\u0142 te s\u0142owa przed obrazem Czarnej Madonny. Pisz\u0119 to pod rozwag\u0119 tym, co twierdz\u0105, \u017ce Marysia (wcze\u015bniejsze wpisy) by\u0142a agentem SB i zajmowa\u0142a si\u0119 zwalczaniem ko\u015bcio\u0142a katolickiego.<\/p>\n\n\n\n<p>Czym wi\u0119c jest ta modlitwa!? Marysia G\u0142ow\u0119 Pa\u0144stwa i Wiar\u0119 szanowa\u0142a ale osobno traktowa\u0142a &#8211; \u0142\u0105czy\u0142a, gdy Wam Czarna Madonn\u0119 \u015bpiewa\u0142a. To wtedy Was nawr\u00f3ci\u0142a. Dzi\u015b nikt nikogo by tak nie obra\u017ca\u0142 &#8211; gdyby \u017cy\u0142a.<\/p>\n\n\n\n<figure class=\"wp-block-embed-youtube wp-block-embed is-type-video is-provider-youtube wp-embed-aspect-4-3 wp-has-aspect-ratio\"><div class=\"wp-block-embed__wrapper\">\n<iframe loading=\"lazy\" title=\"Czarna Madonna by Brittany Mruczek\" width=\"848\" height=\"636\" src=\"https:\/\/www.youtube.com\/embed\/ZeSB9hm59Ls?feature=oembed\" frameborder=\"0\" allow=\"accelerometer; autoplay; encrypted-media; gyroscope; picture-in-picture\" allowfullscreen><\/iframe>\n<\/div><\/figure>\n\n\n\n<p>Ps. Spraw\u0119 pobicia sprzedawcy wizerunku Matki Boskiej Cz\u0119stochowskiej wyja\u015bni\u0119, zbieram materia\u0142y. Mam dla Was olej z CBD w du\u017cym st\u0119\u017ceniu, nie wyleczy ale pomo\u017ce w leczeniu.<\/p>\n\n\n\n<figure class=\"wp-block-image size-large\"><a href=\"https:\/\/htb.com.pl\/?product=cbd-20-ekstrakt-10ml\"><img loading=\"lazy\" decoding=\"async\" width=\"1024\" height=\"1024\" src=\"https:\/\/htb.com.pl\/wp-content\/uploads\/2020\/06\/CBD_20_ekstraktma\u0142y-1024x1024.png\" alt=\"\" class=\"wp-image-24521\" srcset=\"https:\/\/htb.com.pl\/wp-content\/uploads\/2020\/06\/CBD_20_ekstraktma\u0142y-1024x1024.png 1024w, https:\/\/htb.com.pl\/wp-content\/uploads\/2020\/06\/CBD_20_ekstraktma\u0142y-300x300.png 300w, https:\/\/htb.com.pl\/wp-content\/uploads\/2020\/06\/CBD_20_ekstraktma\u0142y-150x150.png 150w, https:\/\/htb.com.pl\/wp-content\/uploads\/2020\/06\/CBD_20_ekstraktma\u0142y-768x768.png 768w, https:\/\/htb.com.pl\/wp-content\/uploads\/2020\/06\/CBD_20_ekstraktma\u0142y-600x600.png 600w, https:\/\/htb.com.pl\/wp-content\/uploads\/2020\/06\/CBD_20_ekstraktma\u0142y-100x100.png 100w, https:\/\/htb.com.pl\/wp-content\/uploads\/2020\/06\/CBD_20_ekstraktma\u0142y.png 1050w\" sizes=\"auto, (max-width: 1024px) 100vw, 1024px\" \/><\/a><\/figure>\n","protected":false},"excerpt":{"rendered":"<p>Po tym jak pan Jaros\u0142aw Kaczy\u0144ski o\u015bmieszy\u0142 prezydenta Andrzeja Dud\u0119 swym listem &#8211; bp Antoni D\u0142ugosz podczas Apelu Jasnog\u00f3rskiego &#8220;chwali\u0142&#8221; premiera Mateusza Morawieckiego i ministra zdrowia \u0141ukasza Szumowskieo.\u00a0Cytat: &#8220;Obecnie, dwaj przedstawiciele naszej w\u0142adzy, wybranej przez wi\u0119kszo\u015b\u0107 Polak\u00f3w uobecniaj\u0105 charyzmat dw\u00f3ch Ewangelist\u00f3w (&#8230;)Ewangelista Mateusz (premier Morawiecki)pochyla si\u0119 nad egzystencj\u0105 naszego narodu, by \u017cy\u0142o si\u0119 lepiej. Z [&hellip;]<\/p>\n","protected":false},"author":1,"featured_media":25089,"comment_status":"open","ping_status":"open","sticky":false,"template":"","format":"standard","meta":{"_jetpack_memberships_contains_paid_content":false,"footnotes":""},"categories":[4],"tags":[631],"class_list":["post-25083","post","type-post","status-publish","format-standard","has-post-thumbnail","hentry","category-daty-i-fakty-blog","tag-apel-jasnogoreki"],"jetpack_sharing_enabled":true,"jetpack_featured_media_url":"https:\/\/htb.com.pl\/wp-content\/uploads\/2020\/06\/Apel.png","_links":{"self":[{"href":"https:\/\/htb.com.pl\/index.php?rest_route=\/wp\/v2\/posts\/25083","targetHints":{"allow":["GET"]}}],"collection":[{"href":"https:\/\/htb.com.pl\/index.php?rest_route=\/wp\/v2\/posts"}],"about":[{"href":"https:\/\/htb.com.pl\/index.php?rest_route=\/wp\/v2\/types\/post"}],"author":[{"embeddable":true,"href":"https:\/\/htb.com.pl\/index.php?rest_route=\/wp\/v2\/users\/1"}],"replies":[{"embeddable":true,"href":"https:\/\/htb.com.pl\/index.php?rest_route=%2Fwp%2Fv2%2Fcomments&post=25083"}],"version-history":[{"count":7,"href":"https:\/\/htb.com.pl\/index.php?rest_route=\/wp\/v2\/posts\/25083\/revisions"}],"predecessor-version":[{"id":25094,"href":"https:\/\/htb.com.pl\/index.php?rest_route=\/wp\/v2\/posts\/25083\/revisions\/25094"}],"wp:featuredmedia":[{"embeddable":true,"href":"https:\/\/htb.com.pl\/index.php?rest_route=\/wp\/v2\/media\/25089"}],"wp:attachment":[{"href":"https:\/\/htb.com.pl\/index.php?rest_route=%2Fwp%2Fv2%2Fmedia&parent=25083"}],"wp:term":[{"taxonomy":"category","embeddable":true,"href":"https:\/\/htb.com.pl\/index.php?rest_route=%2Fwp%2Fv2%2Fcategories&post=25083"},{"taxonomy":"post_tag","embeddable":true,"href":"https:\/\/htb.com.pl\/index.php?rest_route=%2Fwp%2Fv2%2Ftags&post=25083"}],"curies":[{"name":"wp","href":"https:\/\/api.w.org\/{rel}","templated":true}]}}