{"id":25148,"date":"2020-06-19T06:00:45","date_gmt":"2020-06-19T06:00:45","guid":{"rendered":"https:\/\/htb.com.pl\/?p=25148"},"modified":"2020-07-09T13:55:19","modified_gmt":"2020-07-09T13:55:19","slug":"lgbt","status":"publish","type":"post","link":"https:\/\/htb.com.pl\/?p=25148","title":{"rendered":"LGBT"},"content":{"rendered":"\n<p>Skr\u00f3t odnosz\u0105cy si\u0119 do mniejszo\u015bci seksualnych; (Lesbian, Gay, Bisexual, Transgender). W Polsce s\u0142u\u017cy do sk\u0142\u00f3cania ludzi &#8211; ma wywo\u0142a\u0107 polaryzacj\u0119 i jest tematem zast\u0119pczym. Nikt nie m\u00f3wi o tragedii w walce z pandemi\u0105, czy o kryzysie gospodarczym. Ten kryzys w Polsce pojawi\u0142 si\u0119 przed koronawirusem, kt\u00f3ry jedynie go pog\u0142\u0119bi\u0142. Je\u017celi politycy nie zaczn\u0105 wreszcie patrze\u0107 dalekosi\u0119\u017cnie, tylko b\u0119d\u0105 prowadzi\u0107 dzia\u0142ania dora\u017ane&#8230; Znowu postawi\u0142em trzy kropki, nie wiem co Marysia (wcze\u015bniejsze wpisy)  by tu powiedzia\u0142a ale wiem, \u017ce Ona by wiedzia\u0142a.<\/p>\n\n\n\n<p>Pose\u0142 Jacek \u017balek  Klub PiS, Porozumienie w rozmowie z Katarzyn\u0105 Kolend\u0105-Zalewsk\u0105 na antenie TVN stwierdzi\u0142, \u017ce LGBT to nie s\u0105 ludzie &#8211; to ideologia. Dziennikarka nie wytrzyma\u0142a i wywali\u0142a pos\u0142a z programu. Dobrze zrobi\u0142a. Nie mo\u017cna legitymizowa\u0107 tak potwornych bzdur &#8211; nawet jak jest to stanowisko prezydenta RP Andrzeja Dudy, kt\u00f3ry ubiega si\u0119 o reelekcj\u0119. Jego najgro\u017aniejszy rywal Rafa\u0142 Trzaskowski troch\u0119 \u017cartobliwie podszed\u0142 do tego tematu i jego sztab skr\u00f3t LGBT rozszyfrowa\u0142 tak; <strong>L<\/strong>epiej <strong>B<\/strong>\u0119dzie <strong>G<\/strong>dy <strong>T<\/strong>rzaskowski b\u0119dzie. Ja nie jestem przekonany &#8211; Marysia na niego by nie zag\u0142osowa\u0142a. Zlikwidowa\u0142 w Warszawie ul. 17 Stycznia, Ona tego by nie darowa\u0142a, bo czym jest \u015bmiertelny b\u00f3j wiedzia\u0142a &#8211; a tak I Armia Wojska Polskiego 17 stycznia 1945 roku Warszaw\u0119 wyzwala\u0142a. Pan Trzaskowski to kontynuator polityki premiera Tadeusza Mazowieckiego, czyli zniszczenia energetyki j\u0105drowej, przemys\u0142u ci\u0119\u017ckiego i wyprzeda\u017cy maj\u0105tku polskiego. Jego opowiadania o zielonej energii to bajki. Na jego wiecach pojawia si\u0119 transparent MAM DO\u015a\u0106, brzmi jak kiedy\u015b SOLIDARNO\u015a\u0106 &#8211; dla Marysi to by\u0142aby Sanacja, kt\u00f3rej nienawidzi\u0142a. Ale jest co\u015b co by pochwali\u0142a. Jej powiedzenie PANOWIE OFICEROWIE zabrzmia\u0142o 16 czerwca 2020 na wiecu Rafa\u0142a Trzaskowskiego w Warszawie. Kandydat na prezydenta RP m\u00f3wi\u0142 o zniszczeniu Polskiej Armii; Antoniego Macierewicza przed Trybuna\u0142 Stanu postawi\u0119, doda\u0142. Stali za nim jego doradcy w sprawach wojskowych, tak ich przedstawi\u0142.  <em>(Zdj\u0119cie przenosi do Twittera)<\/em><\/p>\n\n\n\n<figure class=\"wp-block-image\"><a href=\"https:\/\/twitter.com\/trzaskowski_\/status\/1272849791865761792\/photo\/1\"><img decoding=\"async\" src=\"https:\/\/pbs.twimg.com\/media\/EaoSIcPXkAMGAch?format=jpg&amp;name=360x360\" alt=\"View image on Twitter\" title=\"View image on Twitter\"\/><\/a><\/figure>\n\n\n\n<p>W zespole znale\u017ali si\u0119:<\/p>\n\n\n\n<p>&#8211; Jacek Najder &#8211; by\u0142y wiceminister Spraw Zagranicznych i ambasador przy NATO;<\/p>\n\n\n\n<p>&#8211; genera\u0142 Mieczys\u0142aw Cieniuch &#8211; by\u0142y szef Sztabu Generalnego;<\/p>\n\n\n\n<p>&#8211;&nbsp; genera\u0142 broni Anatol Wojtan &#8211; by\u0142y zast\u0119pca Szefa Sztabu Generalnego;<\/p>\n\n\n\n<p>&#8211;&nbsp; genera\u0142 brygady Rados\u0142aw Kujawa &#8211; by\u0142y szef S\u0142u\u017cby Wywiadu Wojskowego;<\/p>\n\n\n\n<p>&#8211; genera\u0142 brygady Piotr Pytel &#8211; by\u0142y szef S\u0142u\u017cby Kontrwywiadu Wojskowego;<\/p>\n\n\n\n<p>&#8211;&nbsp;genera\u0142 brygady&nbsp;Jaros\u0142aw Str\u00f3\u017cyk &#8211;&nbsp;by\u0142y z-ca szefa wywiadu NATO, attach\u00e9 wojskowy w Waszyngtonie;<\/p>\n\n\n\n<p>&#8211;&nbsp;genera\u0142 broni&nbsp;Zbigniew G\u0142owienka &#8211;&nbsp;by\u0142y dow\u00f3dca wojsk l\u0105dowych<\/p>\n\n\n\n<p>&#8211; pu\u0142kownik Piotr G\u0105st\u0105\u0142, by\u0142y dow\u00f3dca JW GROM.<\/p>\n\n\n\n<p>My\u015bl\u0119, \u017ce to pierwsza polityczna decyzja od naszego wej\u015bcia do Unii Europejskiej (01.05.2004), kt\u00f3r\u0105 Marysia by pochwali\u0142a. Jeszcze o emeryturach by\u0142a ale d\u0142ugo si\u0119 nie naby\u0142a.<\/p>\n\n\n\n<p>Rosyjskiego GRU nie pokonamy, wi\u0119c raczej si\u0119 nie dogadamy &#8211; mo\u017ce cho\u0107 Wiar\u0119 Naszych Ojc\u00f3w na nowo uznamy. Prymas Polski abp Wojciech Polak ci\u0105gle jest atakowany. <a href=\"http:\/\/radiomaria.com.pl\/\"><img loading=\"lazy\" decoding=\"async\" width=\"150\" height=\"75\" class=\"wp-image-25345\" style=\"width: 150px;\" src=\"https:\/\/htb.com.pl\/wp-content\/uploads\/2020\/06\/Beethoven_top2-1-1200x600-1.jpg\" alt=\"\" srcset=\"https:\/\/htb.com.pl\/wp-content\/uploads\/2020\/06\/Beethoven_top2-1-1200x600-1.jpg 1200w, https:\/\/htb.com.pl\/wp-content\/uploads\/2020\/06\/Beethoven_top2-1-1200x600-1-300x150.jpg 300w, https:\/\/htb.com.pl\/wp-content\/uploads\/2020\/06\/Beethoven_top2-1-1200x600-1-1024x512.jpg 1024w, https:\/\/htb.com.pl\/wp-content\/uploads\/2020\/06\/Beethoven_top2-1-1200x600-1-768x384.jpg 768w, https:\/\/htb.com.pl\/wp-content\/uploads\/2020\/06\/Beethoven_top2-1-1200x600-1-600x300.jpg 600w\" sizes=\"auto, (max-width: 150px) 100vw, 150px\" \/><\/a><strong>   <a href=\"http:\/\/radiomaria.com.pl\/\"> Radio Maria ju\u017c nadaje i w obronie wiary staje.<\/a> <\/strong>Marysia by si\u0119 cieszy\u0142a, Ona o takie radio walczy\u0142a.<\/p>\n\n\n\n<p>18.06.2020. Pan Jaros\u0142aw Kaczy\u0144ski obchodzi urodziny, uko\u0144czy\u0142 71 lat. \u017bycz\u0119, aby z perspektywy Marysi popatrzy\u0142 na \u015bwiat &#8211; bo to ujmuje lat. M\u00f3j prezent, herbatka z drobin\u0105 THC (ilo\u015b\u0107 legalna) pomo\u017ce.<\/p>\n\n\n\n<figure class=\"wp-block-image size-large\"><a href=\"https:\/\/htb.com.pl\/?product=herbatka-nocne-upojenie-10-g\"><img loading=\"lazy\" decoding=\"async\" width=\"1000\" height=\"1000\" src=\"https:\/\/htb.com.pl\/wp-content\/uploads\/2020\/05\/herbatka_nocne_upojenie.png\" alt=\"\" class=\"wp-image-24046\" srcset=\"https:\/\/htb.com.pl\/wp-content\/uploads\/2020\/05\/herbatka_nocne_upojenie.png 1000w, https:\/\/htb.com.pl\/wp-content\/uploads\/2020\/05\/herbatka_nocne_upojenie-300x300.png 300w, https:\/\/htb.com.pl\/wp-content\/uploads\/2020\/05\/herbatka_nocne_upojenie-150x150.png 150w, https:\/\/htb.com.pl\/wp-content\/uploads\/2020\/05\/herbatka_nocne_upojenie-768x768.png 768w, https:\/\/htb.com.pl\/wp-content\/uploads\/2020\/05\/herbatka_nocne_upojenie-600x600.png 600w, https:\/\/htb.com.pl\/wp-content\/uploads\/2020\/05\/herbatka_nocne_upojenie-100x100.png 100w\" sizes=\"auto, (max-width: 1000px) 100vw, 1000px\" \/><\/a><\/figure>\n","protected":false},"excerpt":{"rendered":"<p>Skr\u00f3t odnosz\u0105cy si\u0119 do mniejszo\u015bci seksualnych; (Lesbian, Gay, Bisexual, Transgender). W Polsce s\u0142u\u017cy do sk\u0142\u00f3cania ludzi &#8211; ma wywo\u0142a\u0107 polaryzacj\u0119 i jest tematem zast\u0119pczym. Nikt nie m\u00f3wi o tragedii w walce z pandemi\u0105, czy o kryzysie gospodarczym. Ten kryzys w Polsce pojawi\u0142 si\u0119 przed koronawirusem, kt\u00f3ry jedynie go pog\u0142\u0119bi\u0142. Je\u017celi politycy nie zaczn\u0105 wreszcie patrze\u0107 [&hellip;]<\/p>\n","protected":false},"author":1,"featured_media":25351,"comment_status":"open","ping_status":"open","sticky":false,"template":"","format":"standard","meta":{"_jetpack_memberships_contains_paid_content":false,"footnotes":""},"categories":[4],"tags":[],"class_list":["post-25148","post","type-post","status-publish","format-standard","has-post-thumbnail","hentry","category-daty-i-fakty-blog"],"jetpack_sharing_enabled":true,"jetpack_featured_media_url":"https:\/\/htb.com.pl\/wp-content\/uploads\/2020\/06\/LGBT-duza.png","_links":{"self":[{"href":"https:\/\/htb.com.pl\/index.php?rest_route=\/wp\/v2\/posts\/25148","targetHints":{"allow":["GET"]}}],"collection":[{"href":"https:\/\/htb.com.pl\/index.php?rest_route=\/wp\/v2\/posts"}],"about":[{"href":"https:\/\/htb.com.pl\/index.php?rest_route=\/wp\/v2\/types\/post"}],"author":[{"embeddable":true,"href":"https:\/\/htb.com.pl\/index.php?rest_route=\/wp\/v2\/users\/1"}],"replies":[{"embeddable":true,"href":"https:\/\/htb.com.pl\/index.php?rest_route=%2Fwp%2Fv2%2Fcomments&post=25148"}],"version-history":[{"count":19,"href":"https:\/\/htb.com.pl\/index.php?rest_route=\/wp\/v2\/posts\/25148\/revisions"}],"predecessor-version":[{"id":25349,"href":"https:\/\/htb.com.pl\/index.php?rest_route=\/wp\/v2\/posts\/25148\/revisions\/25349"}],"wp:featuredmedia":[{"embeddable":true,"href":"https:\/\/htb.com.pl\/index.php?rest_route=\/wp\/v2\/media\/25351"}],"wp:attachment":[{"href":"https:\/\/htb.com.pl\/index.php?rest_route=%2Fwp%2Fv2%2Fmedia&parent=25148"}],"wp:term":[{"taxonomy":"category","embeddable":true,"href":"https:\/\/htb.com.pl\/index.php?rest_route=%2Fwp%2Fv2%2Fcategories&post=25148"},{"taxonomy":"post_tag","embeddable":true,"href":"https:\/\/htb.com.pl\/index.php?rest_route=%2Fwp%2Fv2%2Ftags&post=25148"}],"curies":[{"name":"wp","href":"https:\/\/api.w.org\/{rel}","templated":true}]}}