{"id":25560,"date":"2020-06-25T13:03:30","date_gmt":"2020-06-25T13:03:30","guid":{"rendered":"https:\/\/htb.com.pl\/?p=25560"},"modified":"2020-06-28T18:44:02","modified_gmt":"2020-06-28T18:44:02","slug":"sondaz-prezydencki","status":"publish","type":"post","link":"https:\/\/htb.com.pl\/?p=25560","title":{"rendered":"Sonda\u017c prezydencki"},"content":{"rendered":"\n<p><\/p>\n\n\n\n<figure class=\"wp-block-image size-large\"><img loading=\"lazy\" decoding=\"async\" width=\"300\" height=\"168\" src=\"https:\/\/htb.com.pl\/wp-content\/uploads\/2020\/06\/Cerkiew-Owczary.jpg\" alt=\"\" class=\"wp-image-25690\"\/><\/figure>\n\n\n\n<figure class=\"wp-block-image size-thumbnail\"><a href=\"https:\/\/htb.com.pl\/wp-content\/uploads\/2020\/06\/Sonda\u017c-prezydencki.mp3\"><img loading=\"lazy\" decoding=\"async\" width=\"150\" height=\"150\" src=\"https:\/\/htb.com.pl\/wp-content\/uploads\/2018\/04\/posluchaj-150x150.jpg\" alt=\"\" class=\"wp-image-2020\" srcset=\"https:\/\/htb.com.pl\/wp-content\/uploads\/2018\/04\/posluchaj-150x150.jpg 150w, https:\/\/htb.com.pl\/wp-content\/uploads\/2018\/04\/posluchaj-300x300.jpg 300w, https:\/\/htb.com.pl\/wp-content\/uploads\/2018\/04\/posluchaj-100x100.jpg 100w\" sizes=\"auto, (max-width: 150px) 100vw, 150px\" \/><\/a><\/figure>\n\n\n\n<p>Po wpisie <a href=\"https:\/\/htb.com.pl\/?p=21780\">&#8220;G\u0142osowanie tajne&#8221;<\/a>, z kt\u00f3rego wynika, \u017ce prezydenta RP powinno wybiera\u0107 Zgromadzenie Narodowe, w\u015br\u00f3d czytelnik\u00f3w mojego bloga oraz s\u0142uchaczy<a href=\"http:\/\/radiomaria.com.pl\/\"> RADIA MARIA<\/a> rozgorza\u0142a dyskusja &#8211; kto zosta\u0142by prezydentem RP, w takim g\u0142osowaniu, gdzie wybieraj\u0105 pos\u0142owie i senatorowie. Podj\u0105\u0142em wyzwanie &#8211; od poniedzia\u0142ku kontaktowa\u0142em si\u0119 z biurami parlamentarzyst\u00f3w, zadaj\u0105c takie  pytanie; <em>&#8220;Szanowni Pa\u0144stwo &#8211; zwracam si\u0119 do Was w imieniu s\u0142uchaczy <a href=\"http:\/\/radiomaria.com.pl\/\">Radia Maria<\/a>. To zwykle starsi ludzie, kt\u00f3rzy cz\u0119sto nie s\u0105 w stanie s\u0142ucha\u0107 innych medi\u00f3w. Powody s\u0105 r\u00f3\u017cne &#8211; nie zawsze zdrowotne. Chcieliby\u015bmy wiedzie\u0107, kto zosta\u0142by prezydentem RP, gdyby wyboru dokonywa\u0142o <a href=\"https:\/\/htb.com.pl\/?p=21780\">Zgromadzenie Narodowe<\/a> &#8211; tak jak jest to w naszej tradycji. Prosz\u0119 napisa\u0107 na kogo zag\u0142osowaliby\u015bcie w takich wyborach, gdyby Wasz kandydat wcze\u015bniej odpad\u0142. Przypominam, \u017ce by\u0142oby to tajne g\u0142osowanie.<\/em> <em>Brak odpowiedzi, to te\u017c odpowied\u017a<\/em>&#8221; i mam wynik.<\/p>\n\n\n\n<h2 class=\"wp-block-heading\">Wygra\u0142 Szymon Ho\u0142ownia<\/h2>\n\n\n\n<ul class=\"wp-block-list\"><li>do\u0142\u0105czam kopi\u0119 &#8220;protoko\u0142u&#8221; z mojego sondowania <img loading=\"lazy\" decoding=\"async\" width=\"150\" height=\"200\" class=\"wp-image-25682\" style=\"width: 150px;\" src=\"https:\/\/htb.com.pl\/wp-content\/uploads\/2020\/06\/protok\u00f3\u0142.jpg\" alt=\"\" srcset=\"https:\/\/htb.com.pl\/wp-content\/uploads\/2020\/06\/protok\u00f3\u0142.jpg 480w, https:\/\/htb.com.pl\/wp-content\/uploads\/2020\/06\/protok\u00f3\u0142-225x300.jpg 225w\" sizes=\"auto, (max-width: 150px) 100vw, 150px\" \/> &#8211; mo\u017ce trzeba to wzi\u0105\u0107 pod uwag\u0119, podczas niedzielnego g\u0142osowania?<\/li><\/ul>\n\n\n\n<p>Bardzo  trudno by\u0142o uzyska\u0107 te dane. Wykona\u0142em mn\u00f3stwo telefon\u00f3w, wys\u0142a\u0142em ogromn\u0105 ilo\u015b\u0107 e-maili, a otrzyma\u0142em tylko kilkadziesi\u0105t odpowiedzi. Parlamentarzy\u015bci boj\u0105 si\u0119 w\u0142asnego cienia &#8211; gdy zobaczyli nazw\u0119 RADIO MARIA woleli si\u0119 nie miesza\u0107, uznali to za prowokacj\u0119. Ja rzeczywi\u015bcie nawi\u0105zuj\u0119 do istniej\u0105cego ju\u017c radia, kt\u00f3re nosi tak\u0105 nazw\u0119 ale to jest <a href=\"https:\/\/onlineradiobox.com\/it\/maria\/?cs=it.maria&amp;lang=pl\">W\u0141OSKIE RADIO MARIA<\/a> &#8211; powsta\u0142o prawie dziesi\u0119\u0107 lat przed RADIEM MARYJA. Na moim blogu nigdy nie napisa\u0142em niczego z\u0142ego o s\u0142uchaczach radia toru\u0144skiego i zawsze b\u0119d\u0119 trzyma\u0142 si\u0119 tego.<\/p>\n\n\n\n<p>Pose\u0142 to powinien by\u0107 by\u0107 kto\u015b &#8211; wybrali\u015bmy go,  ma nas reprezentowa\u0107, nie mo\u017ce si\u0119 chowa\u0107. Moim zdaniem by\u0142oby tak, gdyby w Sejmie i Senacie cz\u0119\u015bciej si\u0119 tajnie g\u0142osowa\u0142o i w takim g\u0142osowaniu prezydenta RP wybiera\u0142o. To jednak wymaga zmiany Konstytucji &#8211; wiem, \u017ce kiedy\u015b taka zmiana nast\u0105pi ale my\u015bl\u0119, \u017ce presti\u017c parlamentarzysty mo\u017cna podnie\u015b\u0107 ju\u017c teraz, bez zmiany Konstytucji. Wystarczy zmieni\u0107 regulamin Sejmu i zapisa\u0107, \u017ce marsza\u0142ek zawsze w <strong>tajnym g\u0142osowaniu<\/strong> poddaje pod g\u0142osowanie &#8211; czy ma by\u0107 tajne g\u0142osowanie. To zako\u0144czy &#8220;wodzowanie&#8221;, a pose\u0142, czy senator wreszcie b\u0119dzie m\u00f3g\u0142 mie\u0107 w\u0142asne zdanie &#8211; z kt\u00f3rego przez wyborc\u00f3w rozliczony zostanie.<\/p>\n\n\n\n<p>Na t\u0105 kampani\u0119 prezydencka mam te\u017c inn\u0105 rymowank\u0119 &#8211; \u017ceby zrozumie\u0107 jej przes\u0142anie, trzeba poczyta\u0107 poprzednie wpisy &#8211; tu pozaznaczane.<\/p>\n\n\n\n<figure class=\"wp-block-image size-large\"><a href=\"http:\/\/www.drzeworoku.pl\/\"><img loading=\"lazy\" decoding=\"async\" width=\"480\" height=\"640\" src=\"https:\/\/htb.com.pl\/wp-content\/uploads\/2020\/06\/Lipa.jpg\" alt=\"\" class=\"wp-image-24942\" srcset=\"https:\/\/htb.com.pl\/wp-content\/uploads\/2020\/06\/Lipa.jpg 480w, https:\/\/htb.com.pl\/wp-content\/uploads\/2020\/06\/Lipa-225x300.jpg 225w\" sizes=\"auto, (max-width: 480px) 100vw, 480px\" \/><\/a><\/figure>\n\n\n\n<h2 class=\"wp-block-heading\">Na ludzi<\/h2>\n\n\n\n<p><a href=\"https:\/\/htb.com.pl\/?p=18169\">Tr\u00f3jmorze<\/a> wybieracie, a o mnie <a href=\"https:\/\/drzeworoku.pl\/\">zapominacie.<\/a><br>Kiedy\u015b Mi\u0119dzymorze wybrali, a potem pod moimi li\u015b\u0107mi p\u0142akali.<br>Lipa \u015bw Jana Nepomucena z Dulczy Wielkiej.<\/p>\n\n\n\n<p>Mo\u017ce ju\u017c czas, \u017ceby\u015bmy starej lipy pos\u0142uchali i dobrze prezydenta RP wybrali &#8211; takiego co nas pogodzi, \u017ceby\u015bmy potem nie p\u0142akali.<\/p>\n\n\n\n<p>Donald Trum prezydent USA i nasz prezydent pan Andrzej Duda ubiegaj\u0105 si\u0119 o reelekcj\u0119. Du\u017co ich \u0142\u0105czy, obydwaj nie maj\u0105 szans na kolejn\u0105 kadencj\u0119, nie maj\u0105 politycznych przyjaci\u00f3\u0142 (tylko siebie) ale \u0142\u0105czy ich te\u017c Tr\u00f3jmorze. Kiedy\u015b Mi\u0119dzymorze mia\u0142o rozwali\u0107 koalicje antyhitlerowsk\u0105, dzi\u015b Tr\u00f3jmorze ma rozwali\u0107 Uni\u0119 Europejsk\u0105. Ciekawy jest argument, kt\u00f3ry ma legitymizowa\u0107 ten projekt. Ot\u00f3\u017c nowe pa\u0144stwa w UE zyska\u0142y na wej\u015bciu w jej struktury ale nie dogoni\u0142y starych cz\u0142onk\u00f3w. Podobno dogonimy, jak Rosjan wyko\u0144czymy. Plan jest taki &#8211; <em>Nord Stream<\/em>&nbsp;2 im uwalimy, a potem zobaczymy. Do z\u0142ych polityk\u00f3w &#8211; Kochani, gdyby\u015bcie wyobra\u017ani\u0119 mieli, ju\u017c dzi\u015b by\u015bcie to wiedzieli. Tukidydes to opisa\u0142.<\/p>\n\n\n\n<figure class=\"wp-block-image size-large\"><a href=\"https:\/\/htb.com.pl\/?p=852\"><img loading=\"lazy\" decoding=\"async\" width=\"119\" height=\"160\" src=\"https:\/\/htb.com.pl\/wp-content\/uploads\/2018\/06\/Tukidydes.jpg\" alt=\"\" class=\"wp-image-856\"\/><\/a><\/figure>\n\n\n\n<p><strong>Gratuluj\u0119 Panu Szymonowi Ho\u0142owni<\/strong> zwyci\u0119stwa w moim sonda\u017cu &#8211; nagrod\u0105 jest ta herbatka <a href=\"https:\/\/htb.com.pl\/?product=herbatka-nocne-upojenie-10-g\"><img loading=\"lazy\" decoding=\"async\" width=\"150\" height=\"150\" class=\"wp-image-24046\" style=\"width: 150px;\" src=\"https:\/\/htb.com.pl\/wp-content\/uploads\/2020\/05\/herbatka_nocne_upojenie.png\" alt=\"\" srcset=\"https:\/\/htb.com.pl\/wp-content\/uploads\/2020\/05\/herbatka_nocne_upojenie.png 1000w, https:\/\/htb.com.pl\/wp-content\/uploads\/2020\/05\/herbatka_nocne_upojenie-300x300.png 300w, https:\/\/htb.com.pl\/wp-content\/uploads\/2020\/05\/herbatka_nocne_upojenie-150x150.png 150w, https:\/\/htb.com.pl\/wp-content\/uploads\/2020\/05\/herbatka_nocne_upojenie-768x768.png 768w, https:\/\/htb.com.pl\/wp-content\/uploads\/2020\/05\/herbatka_nocne_upojenie-600x600.png 600w, https:\/\/htb.com.pl\/wp-content\/uploads\/2020\/05\/herbatka_nocne_upojenie-100x100.png 100w\" sizes=\"auto, (max-width: 150px) 100vw, 150px\" \/><\/a> oraz wycieczka niespodzianka &#8211; do tego obrazu <img loading=\"lazy\" decoding=\"async\" width=\"150\" height=\"204\" class=\"wp-image-19972\" style=\"width: 150px;\" src=\"https:\/\/htb.com.pl\/wp-content\/uploads\/2020\/03\/Matka-Boska.jpg\" alt=\"\">. Pana Jaros\u0142awa Kaczy\u0144skiego zaprosimy, o kt\u00f3rym w poprzednim wpisie wspomnia\u0142em i te\u017c tak\u0105 herbatk\u0105 obdarowa\u0142em. Mo\u017ce razem si\u0119 pomodlimy i kraj z perspektywy Marysi zobaczymy. Ona by si\u0119 cieszy\u0142a &#8211; Ona si\u0119 nie myli\u0142a.<\/p>\n","protected":false},"excerpt":{"rendered":"<p>Po wpisie &#8220;G\u0142osowanie tajne&#8221;, z kt\u00f3rego wynika, \u017ce prezydenta RP powinno wybiera\u0107 Zgromadzenie Narodowe, w\u015br\u00f3d czytelnik\u00f3w mojego bloga oraz s\u0142uchaczy RADIA MARIA rozgorza\u0142a dyskusja &#8211; kto zosta\u0142by prezydentem RP, w takim g\u0142osowaniu, gdzie wybieraj\u0105 pos\u0142owie i senatorowie. Podj\u0105\u0142em wyzwanie &#8211; od poniedzia\u0142ku kontaktowa\u0142em si\u0119 z biurami parlamentarzyst\u00f3w, zadaj\u0105c takie pytanie; &#8220;Szanowni Pa\u0144stwo &#8211; zwracam si\u0119 [&hellip;]<\/p>\n","protected":false},"author":1,"featured_media":25690,"comment_status":"open","ping_status":"open","sticky":false,"template":"","format":"standard","meta":{"_jetpack_memberships_contains_paid_content":false,"footnotes":""},"categories":[4],"tags":[633],"class_list":["post-25560","post","type-post","status-publish","format-standard","has-post-thumbnail","hentry","category-daty-i-fakty-blog","tag-sondaz-prezydencki"],"jetpack_sharing_enabled":true,"jetpack_featured_media_url":"https:\/\/htb.com.pl\/wp-content\/uploads\/2020\/06\/Cerkiew-Owczary.jpg","_links":{"self":[{"href":"https:\/\/htb.com.pl\/index.php?rest_route=\/wp\/v2\/posts\/25560","targetHints":{"allow":["GET"]}}],"collection":[{"href":"https:\/\/htb.com.pl\/index.php?rest_route=\/wp\/v2\/posts"}],"about":[{"href":"https:\/\/htb.com.pl\/index.php?rest_route=\/wp\/v2\/types\/post"}],"author":[{"embeddable":true,"href":"https:\/\/htb.com.pl\/index.php?rest_route=\/wp\/v2\/users\/1"}],"replies":[{"embeddable":true,"href":"https:\/\/htb.com.pl\/index.php?rest_route=%2Fwp%2Fv2%2Fcomments&post=25560"}],"version-history":[{"count":26,"href":"https:\/\/htb.com.pl\/index.php?rest_route=\/wp\/v2\/posts\/25560\/revisions"}],"predecessor-version":[{"id":25865,"href":"https:\/\/htb.com.pl\/index.php?rest_route=\/wp\/v2\/posts\/25560\/revisions\/25865"}],"wp:featuredmedia":[{"embeddable":true,"href":"https:\/\/htb.com.pl\/index.php?rest_route=\/wp\/v2\/media\/25690"}],"wp:attachment":[{"href":"https:\/\/htb.com.pl\/index.php?rest_route=%2Fwp%2Fv2%2Fmedia&parent=25560"}],"wp:term":[{"taxonomy":"category","embeddable":true,"href":"https:\/\/htb.com.pl\/index.php?rest_route=%2Fwp%2Fv2%2Fcategories&post=25560"},{"taxonomy":"post_tag","embeddable":true,"href":"https:\/\/htb.com.pl\/index.php?rest_route=%2Fwp%2Fv2%2Ftags&post=25560"}],"curies":[{"name":"wp","href":"https:\/\/api.w.org\/{rel}","templated":true}]}}