{"id":25887,"date":"2020-07-03T07:33:11","date_gmt":"2020-07-03T07:33:11","guid":{"rendered":"https:\/\/htb.com.pl\/?p=25887"},"modified":"2020-07-07T12:35:17","modified_gmt":"2020-07-07T12:35:17","slug":"i-po-wyborach-2","status":"publish","type":"post","link":"https:\/\/htb.com.pl\/?p=25887","title":{"rendered":"I po wyborach"},"content":{"rendered":"\n<figure class=\"wp-block-image size-thumbnail\"><a href=\"https:\/\/htb.com.pl\/wp-content\/uploads\/2020\/07\/I-po-wyborach.mp3\"><img loading=\"lazy\" decoding=\"async\" width=\"150\" height=\"150\" src=\"https:\/\/htb.com.pl\/wp-content\/uploads\/2018\/04\/posluchaj-150x150.jpg\" alt=\"\" class=\"wp-image-2020\" srcset=\"https:\/\/htb.com.pl\/wp-content\/uploads\/2018\/04\/posluchaj-150x150.jpg 150w, https:\/\/htb.com.pl\/wp-content\/uploads\/2018\/04\/posluchaj-300x300.jpg 300w, https:\/\/htb.com.pl\/wp-content\/uploads\/2018\/04\/posluchaj-100x100.jpg 100w\" sizes=\"auto, (max-width: 150px) 100vw, 150px\" \/><\/a><\/figure>\n\n\n\n<p>Zako\u0144czy\u0142o si\u0119 g\u0142osowanie w pierwszej turze wybor\u00f3w prezydenckich oraz na DRZEWO ROKU 2020. w wyborach prezydenckich b\u0119dzie druga tura, urz\u0119duj\u0105cy prezydent pan Andrzej Duda nie uzyska\u0142 wi\u0119kszo\u015bci i zmierzy si\u0119 w drugiej turze z Panem Rafa\u0142em Trzaskowskim. Ale to Szymon Ho\u0142ownia, kt\u00f3ry wygra\u0142 m\u00f3j sonda\u017c (poprzedni wpis) jest dla mnie zwyci\u0119zc\u0105. Zaj\u0105\u0142 trzecie miejsce ale ja wiem, \u017ce gdyby wybiera\u0142o Zgromadzenie Narodowe, to w\u0142asnie on &#8211; bezpartyjny kandydat stan\u0105\u0142by przeciwko urz\u0119duj\u0105cemu prezydentowi. To w\u0142a\u015bnie w nim parlamentarzy\u015bci dostrzegliby tego, co mo\u017ce uspokoi\u0107 nastroje i umo\u017cliwi\u0107 realizacj\u0119 ich obietnic wyborczych. Ju\u017c tak by\u0142o w naszej historii, w pierwszych wyborach prezydenckich w grudniu 1922 roku, wybrano kogo\u015b takiego. Wybrano Gabriela Narutowicza, za kt\u00f3rym nie sta\u0142a \u017cadna partia polityczna. \u017bycz\u0119 powodzenia Panu Ho\u0142owni, bo jak uczy historia &#8211; b\u0119dzie mu potrzebne, Narutowicz zgina\u0142 w zamachu. Teraz nastroje s\u0105 podobne. Prosz\u0119, aby sztab Pana Rafa\u0142a Trzaskowskiego pami\u0119ta\u0142, \u017ce wtedy w ko\u0144cu wybrano Wojciechowskiego, popieranego przez Pi\u0142sudskiego &#8211; nie powt\u00f3rzmy tego. Wtedy doprowadzi\u0142o to do kl\u0119ski wrze\u015bniowej &#8211; tragedii <strong>NARODU POLSKIEGO<\/strong>.<\/p>\n\n\n\n<p>DRZEWO ROKU 2020<\/p>\n\n\n\n<figure class=\"wp-block-image size-large\"><img loading=\"lazy\" decoding=\"async\" width=\"480\" height=\"640\" src=\"https:\/\/htb.com.pl\/wp-content\/uploads\/2020\/06\/Lipa.jpg\" alt=\"\" class=\"wp-image-24942\" srcset=\"https:\/\/htb.com.pl\/wp-content\/uploads\/2020\/06\/Lipa.jpg 480w, https:\/\/htb.com.pl\/wp-content\/uploads\/2020\/06\/Lipa-225x300.jpg 225w\" sizes=\"auto, (max-width: 480px) 100vw, 480px\" \/><\/figure>\n\n\n\n<p>Lipa \u015bw. Jana Nepomucena z Dulczy Wielkiej zosta\u0142a drzewem roku 2020. Opisa\u0142em jej histori\u0119 i ciesz\u0119 si\u0119, \u017ce ma przed sob\u0105 \u015bwietlana przysz\u0142o\u015b\u0107 &#8211; mo\u017ce zostanie pomnikiem przyrody? Gorzej ma jej &#8220;kuzynka&#8221;, kt\u00f3ra ro\u015bnie przy trasie Mielec-Chorzel\u00f3w &#8211; wylot z Mielca, obok nowego ronda. Nad tym rondem b\u0119dzie budowany wiadukt &#8211; przepi\u0119kna lipa zostanie wyci\u0119ta.<\/p>\n\n\n\n<figure class=\"wp-block-gallery columns-1 is-cropped wp-block-gallery-1 is-layout-flex wp-block-gallery-is-layout-flex\"><ul class=\"blocks-gallery-grid\"><li class=\"blocks-gallery-item\"><figure><img loading=\"lazy\" decoding=\"async\" width=\"479\" height=\"640\" src=\"https:\/\/htb.com.pl\/wp-content\/uploads\/2020\/07\/Moja-lipa.gif\" alt=\"\" data-id=\"25982\" data-full-url=\"https:\/\/htb.com.pl\/wp-content\/uploads\/2020\/07\/Moja-lipa.gif\" data-link=\"https:\/\/htb.com.pl\/?attachment_id=25982\" class=\"wp-image-25982\"\/><\/figure><\/li><\/ul><\/figure>\n\n\n\n<p><\/p>\n\n\n\n<p>Rozbawi\u0142o mnie stwierdzenie jednego z urz\u0119dnik\u00f3w, gdy pr\u00f3bowa\u0142em si\u0119 dowiedzie\u0107, kto wymy\u015bli\u0142, \u017ce takie drzewo trzeba wyci\u0105\u0107. Pan stwierdzi\u0142, \u017ce on nie wie kto tak zdecydowa\u0142 ale przecie\u017c to nie jest pomnik przyrody i wed\u0142ug przepis\u00f3w nie podlega \u017cadnej ochronie. Przypomnia\u0142o mi si\u0119 stwierdzenie jednego ze z\u0142ych polityk\u00f3w, takiego bez wyobra\u017ani, kt\u00f3ry wy\u015bmia\u0142 podobne pytanie dziennikarza &#8211; ten zapyta\u0142, kto zap\u0142aci za \u015blad w\u0119glowy, jaki zostawi\u0142 samolot prezydencki lec\u0105cy z panem Andrzejem Dud\u0105 do USA i z powrotem. <\/p>\n\n\n\n<p>To wszystko to lipa &#8211; Kochani. Dalej te\u017c b\u0119dzie o lipach &#8211; przecie\u017c mamy lipiec.<\/p>\n\n\n\n<h2 class=\"wp-block-heading\">Mielecki lipiec 1980 rok<\/h2>\n\n\n\n<p>Mija 40 rocznica strajku w Mieleckiej WSK. By\u0142 to drugi po strajku lubelskich kolejarzy sprzeciw robotnik\u00f3w, kt\u00f3ry zapocz\u0105tkowa\u0142 powstanie Solidarno\u015bci.  Protestowano przeciwko podwy\u017ckom cen i brakom zaopatrzeniowym, g\u0142\u00f3wnie  mi\u0119sa. Z tej okazji otwarto w Mielcu wystaw\u0119 plenerow\u0105 po\u015bwi\u0119con\u0105 tamtym wydarzeniom. <img loading=\"lazy\" decoding=\"async\" width=\"150\" height=\"113\" class=\"wp-image-26001\" style=\"width: 150px;\" src=\"https:\/\/htb.com.pl\/wp-content\/uploads\/2020\/07\/wystawa.jpg\" alt=\"\" srcset=\"https:\/\/htb.com.pl\/wp-content\/uploads\/2020\/07\/wystawa.jpg 640w, https:\/\/htb.com.pl\/wp-content\/uploads\/2020\/07\/wystawa-300x225.jpg 300w, https:\/\/htb.com.pl\/wp-content\/uploads\/2020\/07\/wystawa-600x450.jpg 600w\" sizes=\"auto, (max-width: 150px) 100vw, 150px\" \/> Mia\u0142em okazj\u0119 porozmawia\u0107 z <strong>Prezesem Instytutu Pami\u0119ci Narodowej dr Jaros\u0142awem Szarkiem<\/strong>. Zapyta\u0142em dlaczego jego zdaniem dzia\u0142acze Solidarno\u015bci w porozumieniach sierpniowych, za\u017c\u0105dali wprowadzenia kartek na mi\u0119so, zamiast za\u017c\u0105da\u0107 zalegalizowania uboju gospodarczego &#8211; kt\u00f3ry i tak kwit\u0142. Ludzie wtedy nie mieli wiedzy, pad\u0142a odpowied\u017a. Jednak gdy pan prezes zobaczy\u0142 moje zdziwione ga\u0142y &#8211; jaka\u017c to wiedza tu by\u0142a potrzebna? Odpowiedzia\u0142, \u017ce zabrak\u0142o wyobra\u017ani. Brawo &#8211; Marysia (wcze\u015bniejsze wpisy) by si\u0119 cieszy\u0142a &#8211; Ona ci\u0105gle to m\u00f3wi\u0142a. Nie by\u0142oby IPN, gdyby \u017cy\u0142a.<\/p>\n\n\n\n<p>Trwa kampania prezydencka. Pan prezydent Andrzej Duda napuszcza masy na elity. Tukidydes pisa\u0142 do czego to prowadzi. <a href=\"https:\/\/htb.com.pl\/?p=852\"><img loading=\"lazy\" decoding=\"async\" width=\"119\" height=\"160\" class=\"wp-image-856\" style=\"width: 119px;\" src=\"https:\/\/htb.com.pl\/wp-content\/uploads\/2018\/06\/Tukidydes.jpg\" alt=\"\"><\/a> To trudna lektura i pan Duda raczej tego nie czyta\u0142, a nazwanie &#8220;warszawk\u0105&#8221; ludzi pokroju prezesa swojego,  chyba pozbawi\u0142o prezydenta g\u0142osu pana Jaros\u0142awa Kaczy\u0144skiego.<\/p>\n\n\n\n<figure class=\"wp-block-image size-large\"><a href=\"https:\/\/htb.com.pl\/?product=prezes-i-spolki-imperium-jaroslawa-kaczynskiego\"><img loading=\"lazy\" decoding=\"async\" width=\"200\" height=\"311\" src=\"https:\/\/htb.com.pl\/wp-content\/uploads\/2020\/07\/Prezes.jpg\" alt=\"\" class=\"wp-image-26015\" srcset=\"https:\/\/htb.com.pl\/wp-content\/uploads\/2020\/07\/Prezes.jpg 200w, https:\/\/htb.com.pl\/wp-content\/uploads\/2020\/07\/Prezes-193x300.jpg 193w\" sizes=\"auto, (max-width: 200px) 100vw, 200px\" \/><\/a><\/figure>\n\n\n\n<p> To mo\u017ce by\u0107 szansa dla pana Trzaskowskiego, rywal prezydenta urz\u0119duj\u0105cego w kampanii udaje Ho\u0142owni\u0119 &#8211; zwyci\u0119zc\u0119 sonda\u017cu mojego, z <a href=\"https:\/\/htb.com.pl\/?p=25560\">wpisu poprzedniego. <\/a>To nic z\u0142ego &#8211; je\u017celi odpad\u0142 kandydat, kt\u00f3rego Tukidydesa okre\u015bla jako naiwnego, bo d\u0105\u017cy do kompromisu &#8211; ostrzegaj\u0105c polityk\u00f3w przed takim gadaniem, pozostaje g\u0142osowanie na Rafa\u0142a Trzaskowskiego i pr\u00f3ba ratowania <strong>NARODU POLSKIEGO<\/strong>. To w\u0142a\u015bnie wynika z lektury  stratega, kt\u00f3ry w wojnie peloponeskiej (431\u2013404 p.n.e.) pope\u0142ni\u0142 b\u0142\u0105d. Sp\u00f3\u017ani\u0142 si\u0119 z odsiecz\u0105 dla miasta &nbsp;Amfipolis. Ta kl\u0119ska okaza\u0142a si\u0119 zwyci\u0119stwem, bo Tukudydes zrozumia\u0142 sw\u00f3j b\u0142\u0105d. Warto pos\u0142ucha\u0107 tego niezwyk\u0142ego historyka greckiego.<\/p>\n","protected":false},"excerpt":{"rendered":"<p>Zako\u0144czy\u0142o si\u0119 g\u0142osowanie w pierwszej turze wybor\u00f3w prezydenckich oraz na DRZEWO ROKU 2020. w wyborach prezydenckich b\u0119dzie druga tura, urz\u0119duj\u0105cy prezydent pan Andrzej Duda nie uzyska\u0142 wi\u0119kszo\u015bci i zmierzy si\u0119 w drugiej turze z Panem Rafa\u0142em Trzaskowskim. Ale to Szymon Ho\u0142ownia, kt\u00f3ry wygra\u0142 m\u00f3j sonda\u017c (poprzedni wpis) jest dla mnie zwyci\u0119zc\u0105. Zaj\u0105\u0142 trzecie miejsce ale [&hellip;]<\/p>\n","protected":false},"author":1,"featured_media":25982,"comment_status":"open","ping_status":"open","sticky":false,"template":"","format":"standard","meta":{"_jetpack_memberships_contains_paid_content":false,"footnotes":""},"categories":[4],"tags":[405],"class_list":["post-25887","post","type-post","status-publish","format-standard","has-post-thumbnail","hentry","category-daty-i-fakty-blog","tag-wybory"],"jetpack_sharing_enabled":true,"jetpack_featured_media_url":"https:\/\/htb.com.pl\/wp-content\/uploads\/2020\/07\/Moja-lipa.gif","_links":{"self":[{"href":"https:\/\/htb.com.pl\/index.php?rest_route=\/wp\/v2\/posts\/25887","targetHints":{"allow":["GET"]}}],"collection":[{"href":"https:\/\/htb.com.pl\/index.php?rest_route=\/wp\/v2\/posts"}],"about":[{"href":"https:\/\/htb.com.pl\/index.php?rest_route=\/wp\/v2\/types\/post"}],"author":[{"embeddable":true,"href":"https:\/\/htb.com.pl\/index.php?rest_route=\/wp\/v2\/users\/1"}],"replies":[{"embeddable":true,"href":"https:\/\/htb.com.pl\/index.php?rest_route=%2Fwp%2Fv2%2Fcomments&post=25887"}],"version-history":[{"count":26,"href":"https:\/\/htb.com.pl\/index.php?rest_route=\/wp\/v2\/posts\/25887\/revisions"}],"predecessor-version":[{"id":26344,"href":"https:\/\/htb.com.pl\/index.php?rest_route=\/wp\/v2\/posts\/25887\/revisions\/26344"}],"wp:featuredmedia":[{"embeddable":true,"href":"https:\/\/htb.com.pl\/index.php?rest_route=\/wp\/v2\/media\/25982"}],"wp:attachment":[{"href":"https:\/\/htb.com.pl\/index.php?rest_route=%2Fwp%2Fv2%2Fmedia&parent=25887"}],"wp:term":[{"taxonomy":"category","embeddable":true,"href":"https:\/\/htb.com.pl\/index.php?rest_route=%2Fwp%2Fv2%2Fcategories&post=25887"},{"taxonomy":"post_tag","embeddable":true,"href":"https:\/\/htb.com.pl\/index.php?rest_route=%2Fwp%2Fv2%2Ftags&post=25887"}],"curies":[{"name":"wp","href":"https:\/\/api.w.org\/{rel}","templated":true}]}}