{"id":26038,"date":"2020-07-02T06:16:06","date_gmt":"2020-07-02T06:16:06","guid":{"rendered":"https:\/\/htb.com.pl\/?p=26038"},"modified":"2024-04-15T08:54:43","modified_gmt":"2024-04-15T08:54:43","slug":"rozaniec-marysi","status":"publish","type":"post","link":"https:\/\/htb.com.pl\/?p=26038","title":{"rendered":"R\u00f3\u017caniec Marysi &#8211; blog"},"content":{"rendered":"\n<p><\/p>\n\n\n\n<p>Konferencja Episkopatu Polski, podczas 386 Zebrania Plenarnego na Jasnej G\u00f3rze, w dniach 27-29 sierpnia 2020 roku&nbsp; ujednolici\u0142a s\u0142owa niekt\u00f3rych modlitw, a w tym pisowni\u0119 imienia Matki Jezusa. Teraz jest to Maryja, a nie Maria. My w Radiu MARIA Matk\u0119 Jezusa nazywamy Mari\u0105, dlatego w tek\u015bcie jaki poni\u017cej zamieszczamy, nic nie poprawiamy.<\/p>\n\n\n\n<p><strong>NAWET JAK W BOGA NIE WIERZYMY, TO TERAZ GO ZOBACZYMY.<\/strong><\/p>\n\n\n\n<p>Tak m\u00f3wi\u0142a Marysia do tych co do niej strzelali, gdy ju\u017c nad cia\u0142ami zabitych wsp\u00f3lnie stali.<\/p>\n\n\n\n<p><strong>R\u00d3\u017bANIEC \u015aWI\u0118TY <\/strong>odmawiali &#8211; spr\u00f3bujmy tak Kochani.<\/p>\n\n\n\n<p>Od poniedzia\u0142ku do pi\u0105tku, o godz. 22 audycj\u0119 <strong>R\u00f3\u017caniec Marysi<\/strong> mam &#8211; tam j\u0105 wspominamy. W kontek\u015bcie tego, co teraz mamy.<\/p>\n\n\n\n<p>Ona by\u0142a pochodzenia \u0141emkowskiego. Kliknij map\u0119 &#8211; pos\u0142uchasz Radia MARYSINEGO.<\/p>\n\n\n\n<figure class=\"wp-block-image size-large\"><a href=\"http:\/\/stacja.radiohost.pl\/customBoxes\/link\/568\/8d5a0\/type\/aplayer2\/\"><img loading=\"lazy\" decoding=\"async\" width=\"480\" height=\"640\" src=\"https:\/\/htb.com.pl\/wp-content\/uploads\/2020\/07\/\u0141emkowie.jpg\" alt=\"\" class=\"wp-image-27402\" srcset=\"https:\/\/htb.com.pl\/wp-content\/uploads\/2020\/07\/\u0141emkowie.jpg 480w, https:\/\/htb.com.pl\/wp-content\/uploads\/2020\/07\/\u0141emkowie-225x300.jpg 225w\" sizes=\"auto, (max-width: 480px) 100vw, 480px\" \/><\/a><\/figure>\n\n\n\n<p><strong>Rebus<\/strong>  &#8211; do wydrukowania i s\u0142uchania lub czytania.<\/p>\n\n\n\n<figure class=\"wp-block-image size-large\"><img loading=\"lazy\" decoding=\"async\" width=\"986\" height=\"628\" src=\"https:\/\/htb.com.pl\/wp-content\/uploads\/2020\/07\/sluchaj_czytaj_qr_strona.png\" alt=\"\" class=\"wp-image-27171\" srcset=\"https:\/\/htb.com.pl\/wp-content\/uploads\/2020\/07\/sluchaj_czytaj_qr_strona.png 986w, https:\/\/htb.com.pl\/wp-content\/uploads\/2020\/07\/sluchaj_czytaj_qr_strona-300x191.png 300w, https:\/\/htb.com.pl\/wp-content\/uploads\/2020\/07\/sluchaj_czytaj_qr_strona-768x489.png 768w, https:\/\/htb.com.pl\/wp-content\/uploads\/2020\/07\/sluchaj_czytaj_qr_strona-600x382.png 600w\" sizes=\"auto, (max-width: 986px) 100vw, 986px\" \/><\/figure>\n\n\n\n<p><\/p>\n\n\n\n<h2 class=\"wp-block-heading\">Modlitwa r\u00f3\u017ca\u0144cowa Marysi<\/h2>\n\n\n\n<figure class=\"wp-block-image size-thumbnail\"><a href=\"https:\/\/htb.com.pl\/wp-content\/uploads\/2020\/08\/Modlitwa-Marysi.mp3\"><img loading=\"lazy\" decoding=\"async\" width=\"150\" height=\"150\" src=\"https:\/\/htb.com.pl\/wp-content\/uploads\/2018\/04\/posluchaj-150x150.jpg\" alt=\"\" class=\"wp-image-2020\" srcset=\"https:\/\/htb.com.pl\/wp-content\/uploads\/2018\/04\/posluchaj-150x150.jpg 150w, https:\/\/htb.com.pl\/wp-content\/uploads\/2018\/04\/posluchaj-300x300.jpg 300w, https:\/\/htb.com.pl\/wp-content\/uploads\/2018\/04\/posluchaj-100x100.jpg 100w\" sizes=\"auto, (max-width: 150px) 100vw, 150px\" \/><\/a><\/figure>\n\n\n\n<p>W imi\u0119 Ojca i&nbsp;Syna i&nbsp;Ducha \u015awi\u0119tego. Amen. (znak krzy\u017ca).<\/p>\n\n\n\n<p><strong>Wierz\u0119 w&nbsp;Boga<\/strong>: Wierz\u0119 w&nbsp;Boga, Ojca Wszechmog\u0105cego, Stworzyciela nieba i&nbsp;ziemi. I&nbsp;w Jezusa Chrystusa, Syna Jego Jedynego, Pana Naszego, kt\u00f3ry si\u0119 pocz\u0105\u0142 z&nbsp;Ducha \u015awi\u0119tego, narodzi\u0142 si\u0119 z&nbsp;Marii Panny. Um\u0119czon pod Ponckim Pi\u0142atem ukrzy\u017cowan, umar\u0142 i&nbsp;pogrzebion. Zst\u0105pi\u0142 do piekie\u0142. Trzeciego dnia zmartwychwsta\u0142; wst\u0105pi\u0142 na niebiosa, siedzi po prawicy Boga, Ojca wszechmog\u0105cego. Stamt\u0105d przyjdzie s\u0105dzi\u0107 \u017cywych i&nbsp;umar\u0142ych. Wierz\u0119 w&nbsp;Ducha \u015awi\u0119tego, \u015bwi\u0119ty Ko\u015bci\u00f3\u0142 powszechny, \u015bwi\u0119tych obcowanie, grzech\u00f3w odpuszczenie, cia\u0142a zmartwychwstanie, \u017cywot wieczny. Amen.<\/p>\n\n\n\n<p>1x&nbsp;<strong>Ojcze nasz<\/strong>: Ojcze nasz, kt\u00f3ry\u015b jest w&nbsp;niebie, \u015bwi\u0119\u0107 si\u0119 imi\u0119 Twoje; przyjd\u017a kr\u00f3lestwo Twoje; b\u0105d\u017a wola Twoja jako w&nbsp;niebie, tak i&nbsp;na ziemi. Chleba naszego powszedniego daj nam dzisiaj; i&nbsp;odpu\u015b\u0107 nam nasze winy, jako i&nbsp;my odpuszczamy naszym winowajcom; i&nbsp;nie w\u00f3d\u017a nas na pokuszeni, ale nas zbaw ode Z\u0142ego. Amen.<\/p>\n\n\n\n<p>3x&nbsp;<strong>Zdrowa\u015b Mario<\/strong>: Zdrowa\u015b Mario, \u0142aski pe\u0142na, Pan z&nbsp;Tob\u0105, b\u0142ogos\u0142awiona\u015b Ty mi\u0119dzy niewiastami i&nbsp;b\u0142ogos\u0142awiony owoc \u017cywota Twojego, Jezus. \u015awi\u0119ta Mario, Matko Bo\u017ca, m\u00f3dl si\u0119 za nami grzesznymi teraz i&nbsp;w godzin\u0119 \u015bmierci naszej. Amen.<\/p>\n\n\n\n<p><strong>Chwa\u0142a Ojcu<\/strong>: Chwa\u0142a Ojcu i&nbsp;Synowi, i&nbsp;Duchowi \u015awi\u0119temu. Jak by\u0142a na pocz\u0105tku, teraz i&nbsp;zawsze, i&nbsp;na wieki wiek\u00f3w. Amen.<\/p>\n\n\n\n<p><strong>O m\u00f3j Jezu<\/strong>: O&nbsp;m\u00f3j Jezu, przebacz nam nasze grzechy, zachowaj nas od ognia piekielnego. Zaprowad\u017a wszystkie dusze do nieba i&nbsp;dopom\u00f3\u017c szczeg\u00f3lnie tym, kt\u00f3rzy najbardziej potrzebuj\u0105 Twojego mi\u0142osierdzia.<\/p>\n\n\n\n<p>Wypowiadamy tajemnic\u0119 R\u00f3\u017ca\u0144ca (oraz ewentualnie korzystamy z&nbsp;kr\u00f3tkiego rozwa\u017cania tej tajemnicy). A&nbsp;nast\u0119pnie: 1xOjcze Nasz, 10xZdrowa\u015b Mario, 1xChwa\u0142a Ojcu, 1xO m\u00f3j Jezu. W&nbsp;ten spos\u00f3b odmawiamy pozosta\u0142e tajemnice.<\/p>\n\n\n\n<p>Na zako\u0144czenie:&nbsp;<strong>Pod Twoj\u0105 obron\u0119<\/strong>: Pod Twoj\u0105 obron\u0119 uciekamy si\u0119, \u015bwi\u0119ta Bo\u017ca Rodzicielko, naszymi pro\u015bbami racz nie gardzi\u0107 w&nbsp;potrzebach naszych, ale od wszelakich z\u0142ych przyg\u00f3d racz nas zawsze wybawia\u0107. Panno chwalebna i&nbsp;b\u0142ogos\u0142awiona. O&nbsp;Pani nasza, Or\u0119downiczko nasza, Po\u015bredniczko nasza, Pocieszycielko nasza. Z&nbsp;Synem swoim nas pojednaj, Synowi swojemu nas polecaj, swojemu Synowi nas oddawaj. Amen.<\/p>\n\n\n\n<p>Na zako\u0144czenie: W&nbsp;imi\u0119 Ojca i&nbsp;Syna i&nbsp;Ducha \u015awi\u0119tego. Amen. (znak krzy\u017ca).<\/p>\n\n\n\n<p><strong>Tajemnice R\u00f3\u017ca\u0144ca \u015awi\u0119tego:<\/strong><\/p>\n\n\n\n<p><strong>Tajemnice radosne (poniedzia\u0142ek, sobota):<\/strong><\/p>\n\n\n\n<ul class=\"wp-block-list\">\n<li>Zwiastowanie Naj\u015bwi\u0119tszej Marii Pannie<\/li>\n\n\n\n<li>Nawiedzenie \u015bwi\u0119tej El\u017cbiety<\/li>\n\n\n\n<li>Narodzenie Pana Jezusa<\/li>\n\n\n\n<li>Ofiarowanie Jezusa w\u00a0\u015awi\u0105tyni<\/li>\n\n\n\n<li>Odnalezienie Jezusa w\u00a0\u015awi\u0105tyni<\/li>\n<\/ul>\n\n\n\n<p><strong>Tajemnice \u015bwiat\u0142a (czwartek):<\/strong><\/p>\n\n\n\n<ul class=\"wp-block-list\">\n<li>Chrzest Pana Jezusa w\u00a0Jordanie<\/li>\n\n\n\n<li>Objawienie si\u0119 Jezusa w\u00a0Kanie Galilejskiej<\/li>\n\n\n\n<li>G\u0142oszenie kr\u00f3lestwa Bo\u017cego i\u00a0wzywanie do nawr\u00f3cenia<\/li>\n\n\n\n<li>Przemienienie Pa\u0144skie na g\u00f3rze Tabor<\/li>\n\n\n\n<li>Ustanowienie Eucharystii<\/li>\n<\/ul>\n\n\n\n<p><strong>Tajemnice bolesne (wtorek, pi\u0105tek):<\/strong><\/p>\n\n\n\n<ul class=\"wp-block-list\">\n<li>Modlitwa Jezusa w\u00a0Ogr\u00f3jcu<\/li>\n\n\n\n<li>Biczowanie Jezusa<\/li>\n\n\n\n<li>Cierniem ukoronowanie Jezusa<\/li>\n\n\n\n<li>D\u017awiganie krzy\u017ca na Kalwari\u0119<\/li>\n\n\n\n<li>Ukrzy\u017cowanie i\u00a0\u015bmier\u0107 Jezusa<\/li>\n<\/ul>\n\n\n\n<p><strong>Tajemnice chwalebne (\u015broda, niedziela)<\/strong><\/p>\n\n\n\n<ul class=\"wp-block-list\">\n<li>Zmartwychwstanie Jezusa Chrystusa<\/li>\n\n\n\n<li>Wniebowst\u0105pienie Pana Jezusa<\/li>\n\n\n\n<li>Zes\u0142anie Ducha \u015awi\u0119tego<\/li>\n\n\n\n<li>Wniebowzi\u0119cie Naj\u015bwi\u0119tszej Marii Panny<\/li>\n\n\n\n<li>Ukoronowanie Marii na Kr\u00f3low\u0105 nieba i\u00a0ziemi<\/li>\n<\/ul>\n\n\n\n<h2 class=\"wp-block-heading\">Tak si\u0119 modli\u0142a, bo deklinacji si\u0119  uczy\u0142a. Za\u015b postanowienia zawarte w Encyklice Papie\u017ca Piusa XII Ad Caeli Reginam &#8211; o Kr\u00f3lewskiej godno\u015bci NMP (11.10.1954), wzoruj\u0105c si\u0119 na kard. Stefanie Wyszy\u0144skim, jedynie do Matki Boskiej Cz\u0119stochowskiej odnosi\u0142a.<\/h2>\n\n\n\n<p>Marysia niezwykle piln\u0105 uczennic\u0105 by\u0142a, a imi\u0119 Maria tak odmienia\u0107 radzi\u0142a. Ona si\u0119 nie myli\u0142a.<\/p>\n\n\n\n<p><strong>Przypadek Liczba pojedyncza<\/strong><\/p>\n\n\n\n<p>Mianownik&nbsp;<em>(kto? co?)<\/em>:Maria<\/p>\n\n\n\n<p>Dope\u0142niacz&nbsp;<em>(kogo? czego?)<\/em>:Marii<\/p>\n\n\n\n<p>Celownik&nbsp;<em>(komu? czemu?)<\/em>:Marii<\/p>\n\n\n\n<p>Biernik&nbsp;<em>(kogo? co?)<\/em>:Mari\u0119<\/p>\n\n\n\n<p>Narz\u0119dnik&nbsp;<em>(z kim? z czym?)<\/em>:z Mari\u0105<\/p>\n\n\n\n<p>Miejscownik&nbsp;<em>(o kim? o czym?)<\/em>\ud83d\ude2e Marii<\/p>\n\n\n\n<p>Wo\u0142acz&nbsp;<em>(hej!)<\/em>:Mario!<\/p>\n\n\n\n<p><\/p>\n\n\n\n<h2 class=\"wp-block-heading\">Z<em>osta\u0144cie z Bogiem<\/em><\/h2>\n\n\n\n<ul class=\"wp-block-list\">\n<li>To na koniec m\u00f3wi\u0142a, a ci co j\u0105 wcze\u015bniej opluwali, teraz j\u0105 pokochali i <strong><em>z Bogiem<\/em><\/strong> odpowiadali, bo cho\u0107 cz\u0119sto w Boga nie wierzyli, to teraz go zobaczyli. Ja to widzia\u0142em i na blogu <a href=\"https:\/\/htb.com.pl\/?cat=4\">DATY I FAKTY<\/a> opisa\u0142em. <\/li>\n<\/ul>\n\n\n\n<p>Jan Chmura<\/p>\n\n\n\n<h2 class=\"wp-block-heading\"><a href=\"http:\/\/radiomaria.com.pl\/?p=261\">R\u00f3\u017caniec Marysi &#8211; radio<\/a><\/h2>\n","protected":false},"excerpt":{"rendered":"<p>Konferencja Episkopatu Polski, podczas 386 Zebrania Plenarnego na Jasnej G\u00f3rze, w dniach 27-29 sierpnia 2020 roku&nbsp; ujednolici\u0142a s\u0142owa niekt\u00f3rych modlitw, a w tym pisowni\u0119 imienia Matki Jezusa. Teraz jest to Maryja, a nie Maria. My w Radiu MARIA Matk\u0119 Jezusa nazywamy Mari\u0105, dlatego w tek\u015bcie jaki poni\u017cej zamieszczamy, nic nie poprawiamy. NAWET JAK W BOGA [&hellip;]<\/p>\n","protected":false},"author":1,"featured_media":26089,"comment_status":"open","ping_status":"open","sticky":false,"template":"","format":"standard","meta":{"_jetpack_memberships_contains_paid_content":false,"footnotes":""},"categories":[4],"tags":[640,641],"class_list":["post-26038","post","type-post","status-publish","format-standard","has-post-thumbnail","hentry","category-daty-i-fakty-blog","tag-bon-turystyczsny","tag-impreza-turystyczna"],"jetpack_sharing_enabled":true,"jetpack_featured_media_url":"https:\/\/htb.com.pl\/wp-content\/uploads\/2020\/07\/Owczaey-dwa.jpg","_links":{"self":[{"href":"https:\/\/htb.com.pl\/index.php?rest_route=\/wp\/v2\/posts\/26038","targetHints":{"allow":["GET"]}}],"collection":[{"href":"https:\/\/htb.com.pl\/index.php?rest_route=\/wp\/v2\/posts"}],"about":[{"href":"https:\/\/htb.com.pl\/index.php?rest_route=\/wp\/v2\/types\/post"}],"author":[{"embeddable":true,"href":"https:\/\/htb.com.pl\/index.php?rest_route=\/wp\/v2\/users\/1"}],"replies":[{"embeddable":true,"href":"https:\/\/htb.com.pl\/index.php?rest_route=%2Fwp%2Fv2%2Fcomments&post=26038"}],"version-history":[{"count":82,"href":"https:\/\/htb.com.pl\/index.php?rest_route=\/wp\/v2\/posts\/26038\/revisions"}],"predecessor-version":[{"id":102211,"href":"https:\/\/htb.com.pl\/index.php?rest_route=\/wp\/v2\/posts\/26038\/revisions\/102211"}],"wp:featuredmedia":[{"embeddable":true,"href":"https:\/\/htb.com.pl\/index.php?rest_route=\/wp\/v2\/media\/26089"}],"wp:attachment":[{"href":"https:\/\/htb.com.pl\/index.php?rest_route=%2Fwp%2Fv2%2Fmedia&parent=26038"}],"wp:term":[{"taxonomy":"category","embeddable":true,"href":"https:\/\/htb.com.pl\/index.php?rest_route=%2Fwp%2Fv2%2Fcategories&post=26038"},{"taxonomy":"post_tag","embeddable":true,"href":"https:\/\/htb.com.pl\/index.php?rest_route=%2Fwp%2Fv2%2Ftags&post=26038"}],"curies":[{"name":"wp","href":"https:\/\/api.w.org\/{rel}","templated":true}]}}