{"id":26319,"date":"2020-07-09T08:13:28","date_gmt":"2020-07-09T08:13:28","guid":{"rendered":"https:\/\/htb.com.pl\/?p=26319"},"modified":"2020-07-09T13:49:33","modified_gmt":"2020-07-09T13:49:33","slug":"debata","status":"publish","type":"post","link":"https:\/\/htb.com.pl\/?p=26319","title":{"rendered":"Debata"},"content":{"rendered":"\n<p><\/p>\n\n\n\n<figure class=\"wp-block-image size-thumbnail\"><a href=\"https:\/\/htb.com.pl\/wp-content\/uploads\/2020\/07\/Debary.mp3\"><img loading=\"lazy\" decoding=\"async\" width=\"150\" height=\"150\" src=\"https:\/\/htb.com.pl\/wp-content\/uploads\/2018\/04\/posluchaj-150x150.jpg\" alt=\"\" class=\"wp-image-2020\" srcset=\"https:\/\/htb.com.pl\/wp-content\/uploads\/2018\/04\/posluchaj-150x150.jpg 150w, https:\/\/htb.com.pl\/wp-content\/uploads\/2018\/04\/posluchaj-300x300.jpg 300w, https:\/\/htb.com.pl\/wp-content\/uploads\/2018\/04\/posluchaj-100x100.jpg 100w\" sizes=\"auto, (max-width: 150px) 100vw, 150px\" \/><\/a><\/figure>\n\n\n\n<p><\/p>\n\n\n\n<p>Mamy ostatni tydzie\u0144 kampanii prezydenckiej. Debata kandydat\u00f3w niew\u0105tpliwie pomog\u0142aby przekona\u0107 nieprzekonanych i otworzy\u0107 oczy tym, kt\u00f3rzy zamierzaj\u0105 g\u0142osowa\u0107 na pana Andrzeja Dud\u0119. Jego ob\u00f3z wie, \u017ce obecny prezydent to ni\u017csza liga &#8211; gdy por\u00f3wnamy go z panem Rafa\u0142em Trzaskowskim, to klasa B. Robi\u0105 wi\u0119c wszystko, aby do takiego por\u00f3wnania nie dosz\u0142o i musz\u0119 przyzna\u0107 &#8211; skutecznie.  Pan Duda w Ko\u0144ski, a Trzaskowski w Lesznie, odbyli swoje debaty. Pan Duda Konstytucj\u0119 chce zmienia\u0107 i wprowadzi\u0107 tam to swoje LGBT, \u017ceby ju\u017c na zawsze mo\u017cna by\u0142o sk\u0142\u00f3ca\u0107 ludzi. Pan Trzaskowski odpowiada\u0142 na pytania dziennikarzy. Niew\u0105tpliwie by\u0142a to ciekawa debata, pytania by\u0142y bardzo merytoryczne. Mnie si\u0119 podoba\u0142o, \u017ce kandydat na prezydenta nie da\u0142 si\u0119 sprowokowa\u0107, ani wyprowadzi\u0107 z r\u00f3wnowagi dziennikarzom medi\u00f3w re\u017cimowych &#8211; jak Gazeta Polska, czy TVPiS. <\/p>\n\n\n\n<p>Przeczyta\u0142em to co napisa\u0142em i oniemia\u0142em. O dziennikarzach dobrze napisa\u0142em &#8211; \u017ce merytoryczne pytania zadawali, a to w\u0142a\u015bnie ich zawsze o  ca\u0142e z\u0142o obwinia\u0142em. Naprawd\u0119 dobrze wypadli, gdy por\u00f3wnamy ich do zwyk\u0142ych obywateli, kt\u00f3rzy prezydentowi Dudzie pytania zadawa\u0107 mieli, a dla kt\u00f3rych cz\u0119sto obecny prezydent jest tym, kt\u00f3ry co\u015b daje im. Nasze pieni\u0105dze Wam daje Kochani, a tak jest do bani.<\/p>\n\n\n\n<p>Ocieplenie klimatu i energetyka to co\u015b, co wyst\u0119puje \u0142\u0105cznie &#8211; w Polsce stanowi ogromny problem. Pan Rafa\u0142 Trzaskowski to rozumie &#8211; to dobrze. Bo to rz\u0105d premiera Tadeusza Mazowieckiego zniszczy\u0142 polsk\u0105 energetyk\u0119 j\u0105drow\u0105, pan Trzaskowski wywodzi si\u0119 z tego obozu i dalej opowiada tamte bzdury. Wprawdzie teraz nie stawia na w\u0119giel, tylko na energetyk\u0119 odnawialna. Jedna ma\u0142a elektrownia w\u0119glowa, to<strong> trzy tysi\u0105ce ogromnych wiatrak\u00f3w<\/strong>, a ju\u017c dzi\u015b brakuje nam pi\u0119ciu elektrowni. Pr\u0105d na Ukrainie trzeba kupowa\u0107 <img loading=\"lazy\" decoding=\"async\" width=\"150\" height=\"69\" class=\"wp-image-16393\" style=\"width: 150px;\" src=\"https:\/\/htb.com.pl\/wp-content\/uploads\/2020\/01\/Chmielnicka-scaled.jpg\" alt=\"\" srcset=\"https:\/\/htb.com.pl\/wp-content\/uploads\/2020\/01\/Chmielnicka-scaled.jpg 2560w, https:\/\/htb.com.pl\/wp-content\/uploads\/2020\/01\/Chmielnicka-300x137.jpg 300w, https:\/\/htb.com.pl\/wp-content\/uploads\/2020\/01\/Chmielnicka-1024x469.jpg 1024w, https:\/\/htb.com.pl\/wp-content\/uploads\/2020\/01\/Chmielnicka-768x352.jpg 768w, https:\/\/htb.com.pl\/wp-content\/uploads\/2020\/01\/Chmielnicka-1536x703.jpg 1536w, https:\/\/htb.com.pl\/wp-content\/uploads\/2020\/01\/Chmielnicka-2048x937.jpg 2048w, https:\/\/htb.com.pl\/wp-content\/uploads\/2020\/01\/Chmielnicka-600x275.jpg 600w\" sizes=\"auto, (max-width: 150px) 100vw, 150px\" \/>  &#8211; jest tani i jest infrastruktura. Tak Marysia, (wcze\u015bniejsze wpisy) m\u00f3wi\u0142a, a Ona si\u0119 nie myli\u0142a.<\/p>\n\n\n\n<figure class=\"wp-block-image size-large\"><img loading=\"lazy\" decoding=\"async\" width=\"768\" height=\"1024\" src=\"https:\/\/htb.com.pl\/wp-content\/uploads\/2020\/01\/S\u0142up_przelotowy_linii_750_kV-768x1024.jpg\" alt=\"\" class=\"wp-image-16392\" srcset=\"https:\/\/htb.com.pl\/wp-content\/uploads\/2020\/01\/S\u0142up_przelotowy_linii_750_kV-768x1024.jpg 768w, https:\/\/htb.com.pl\/wp-content\/uploads\/2020\/01\/S\u0142up_przelotowy_linii_750_kV-225x300.jpg 225w, https:\/\/htb.com.pl\/wp-content\/uploads\/2020\/01\/S\u0142up_przelotowy_linii_750_kV-1152x1536.jpg 1152w, https:\/\/htb.com.pl\/wp-content\/uploads\/2020\/01\/S\u0142up_przelotowy_linii_750_kV-600x800.jpg 600w, https:\/\/htb.com.pl\/wp-content\/uploads\/2020\/01\/S\u0142up_przelotowy_linii_750_kV.jpg 1200w\" sizes=\"auto, (max-width: 768px) 100vw, 768px\" \/><\/figure>\n\n\n\n<p>To <a href=\"https:\/\/htb.com.pl\/?p=16234\">s\u0142upy linii wysokiego napi\u0119cia Chmielnicka-Wide\u0142ka<\/a> o kt\u00f3rych pia\u0142em.<\/p>\n\n\n\n<p>Dziwna jest ta kampania prezydencka,  dziwna jak i rok 2020. Mamy pandemi\u0119 koronawirusa. Dla ludzi wierz\u0105cych &#8211; do kt\u00f3rych ja si\u0119 zaliczam, jest to znak od Boga. Ludzie kt\u00f3rzy nie maj\u0105 \u0142aski wiary albo tylko udaj\u0105 \u017ce maj\u0105 i nie wierz\u0105 w co\u015b takiego &#8211; \u015bmiej\u0105 si\u0119 z tego.<\/p>\n\n\n\n<p> Podkarpacie, gdzie mieszkam jest bastionem z\u0142ych polityk\u00f3w. Powodzie, huragany, tr\u0105by powietrzne, czy wichury zawsze towarzysz\u0105 tu kampaniom wyborczym. Najgorszy pod tym wzgl\u0119dem by\u0142 rok 2010. Wtedy dziadek z wermachtu Donalda Tuska uda\u0142 si\u0119 panu Jackowi Kurskiemu. Dzi\u015b robi podobny numer.  Nazwa\u0142 opcj\u0105 niemieck\u0105 g\u0142osowanie na  na Rafa\u0142a Trzaskowskiego. Wtedy kampanii prezydenckiej towarzyszy\u0142a pow\u00f3d\u017a Sandomierza i katastrofa smole\u0144ska. <\/p>\n\n\n\n<p>Polityk nie musi by\u0107 wierz\u0105cy &#8211; dla kogo\u015b takiego wszystko co napisa\u0142em powy\u017cej, to zabobon. Jednak polityk powinien mie\u0107 wyobra\u017ani\u0119. Powinien m\u00f3c sobie wyobrazi\u0107 skutki swoich dzia\u0142a\u0144. Pan Zbigniew Ziobro 12 lutego 2007 roku kaza\u0142 aresztowa\u0107 chirurga Miros\u0142awa Garlickiego, chcia\u0142 zab\u0142ysn\u0105\u0107, a doprowadzi\u0142  do upadku polskiej transplantologii i to si\u0119 nie zmieni\u0142o do dnia dzisiejszego. Dzi\u015b pan Andrzej Duda m\u00f3wi, \u017ce nie b\u0119dzie si\u0119 szczepi\u0142 przeciwko COVID &#8211; 19. Mo\u017cliwe, \u017ce przysporzy mu to g\u0142osy antyszczepionkowc\u00f3w ale ja wiem do czego mo\u017ce doprowadzi\u0107 takie gadanie. Wiem, bo mam wyobra\u017ani\u0119. Tej wyobra\u017ani przy urnach \u017cycz\u0119  Kochani &#8211; zmie\u0144my nasz \u015bwiat, bo ten jest do bani.<\/p>\n\n\n\n<p>Zapraszam na \u0142emkowskie klimaty. Czas by\u015bmy na \u015bwiat z perspektywy Marysi popatrzyli i si\u0119 polubili. Kliknij zdj\u0119cie.<\/p>\n\n\n\n<figure class=\"wp-block-image size-large\"><a href=\"https:\/\/htb.com.pl\/?product=impreza-turystyczna-rozaniec-marysi\"><img loading=\"lazy\" decoding=\"async\" width=\"480\" height=\"640\" src=\"https:\/\/htb.com.pl\/wp-content\/uploads\/2020\/07\/Konie.jpg\" alt=\"\" class=\"wp-image-26251\" srcset=\"https:\/\/htb.com.pl\/wp-content\/uploads\/2020\/07\/Konie.jpg 480w, https:\/\/htb.com.pl\/wp-content\/uploads\/2020\/07\/Konie-225x300.jpg 225w\" sizes=\"auto, (max-width: 480px) 100vw, 480px\" \/><\/a><\/figure>\n","protected":false},"excerpt":{"rendered":"<p>Mamy ostatni tydzie\u0144 kampanii prezydenckiej. Debata kandydat\u00f3w niew\u0105tpliwie pomog\u0142aby przekona\u0107 nieprzekonanych i otworzy\u0107 oczy tym, kt\u00f3rzy zamierzaj\u0105 g\u0142osowa\u0107 na pana Andrzeja Dud\u0119. Jego ob\u00f3z wie, \u017ce obecny prezydent to ni\u017csza liga &#8211; gdy por\u00f3wnamy go z panem Rafa\u0142em Trzaskowskim, to klasa B. Robi\u0105 wi\u0119c wszystko, aby do takiego por\u00f3wnania nie dosz\u0142o i musz\u0119 przyzna\u0107 &#8211; [&hellip;]<\/p>\n","protected":false},"author":1,"featured_media":26435,"comment_status":"open","ping_status":"open","sticky":false,"template":"","format":"standard","meta":{"_jetpack_memberships_contains_paid_content":false,"footnotes":""},"categories":[4],"tags":[308],"class_list":["post-26319","post","type-post","status-publish","format-standard","has-post-thumbnail","hentry","category-daty-i-fakty-blog","tag-debata"],"jetpack_sharing_enabled":true,"jetpack_featured_media_url":"https:\/\/htb.com.pl\/wp-content\/uploads\/2020\/07\/Leszno.jpg","_links":{"self":[{"href":"https:\/\/htb.com.pl\/index.php?rest_route=\/wp\/v2\/posts\/26319","targetHints":{"allow":["GET"]}}],"collection":[{"href":"https:\/\/htb.com.pl\/index.php?rest_route=\/wp\/v2\/posts"}],"about":[{"href":"https:\/\/htb.com.pl\/index.php?rest_route=\/wp\/v2\/types\/post"}],"author":[{"embeddable":true,"href":"https:\/\/htb.com.pl\/index.php?rest_route=\/wp\/v2\/users\/1"}],"replies":[{"embeddable":true,"href":"https:\/\/htb.com.pl\/index.php?rest_route=%2Fwp%2Fv2%2Fcomments&post=26319"}],"version-history":[{"count":22,"href":"https:\/\/htb.com.pl\/index.php?rest_route=\/wp\/v2\/posts\/26319\/revisions"}],"predecessor-version":[{"id":26458,"href":"https:\/\/htb.com.pl\/index.php?rest_route=\/wp\/v2\/posts\/26319\/revisions\/26458"}],"wp:featuredmedia":[{"embeddable":true,"href":"https:\/\/htb.com.pl\/index.php?rest_route=\/wp\/v2\/media\/26435"}],"wp:attachment":[{"href":"https:\/\/htb.com.pl\/index.php?rest_route=%2Fwp%2Fv2%2Fmedia&parent=26319"}],"wp:term":[{"taxonomy":"category","embeddable":true,"href":"https:\/\/htb.com.pl\/index.php?rest_route=%2Fwp%2Fv2%2Fcategories&post=26319"},{"taxonomy":"post_tag","embeddable":true,"href":"https:\/\/htb.com.pl\/index.php?rest_route=%2Fwp%2Fv2%2Ftags&post=26319"}],"curies":[{"name":"wp","href":"https:\/\/api.w.org\/{rel}","templated":true}]}}