{"id":264,"date":"2018-04-23T08:22:57","date_gmt":"2018-04-23T08:22:57","guid":{"rendered":"http:\/\/htb.com.pl\/?p=264"},"modified":"2026-03-08T14:32:34","modified_gmt":"2026-03-08T14:32:34","slug":"sanacja","status":"publish","type":"post","link":"https:\/\/htb.com.pl\/?p=264","title":{"rendered":"Sanacja"},"content":{"rendered":"<div class=\"p_18_fpesjyd e_18_fpewi1u clearfix\">\n<div class=\"clearfix v_18_fpesitm\">\n<div class=\"clearfix _42ef\">\n<div class=\"c_18_fpesitl\">\n<div>\n<div class=\"_6a _5u5j\">\n<div class=\"_6a _5u5j _6b\">\n<h5 class=\"_14f3 _14f5 _5pbw _5vra\" data-ft=\"{&quot;tn&quot;:&quot;C&quot;}\"><span class=\"fwn fcg\"><span class=\"fwb fcg\" data-ft=\"{&quot;tn&quot;:&quot;;&quot;}\">\u00a0<\/span><\/span><\/h5>\n<div id=\"feed_subtitle_100001376195691;1651313404924517;;9\" class=\"_5pcp _5lel _2jyu _232_\">\n<p><span class=\"fsm fwn fcg\"><abbr class=\"_5ptz\" title=\"24.03.2018 18:15\" data-utime=\"1521911701\" data-shorten=\"1\"><span class=\"timestampContent\"><a class=\"_5pcq\" href=\"https:\/\/www.facebook.com\/jan.chmura.79\/posts\/1651313404924517\" target=\"\" rel=\"noopener noreferrer\">24 marca\u00a0<\/a>2018<\/span><\/abbr><\/span><\/p>\n<div id=\"u_0_14\" class=\"_6a _43_1 _4f-9 _nws _21p0 _fol\">\u00a0<\/div>\n<\/div>\n<\/div>\n<\/div>\n<\/div>\n<\/div>\n<\/div>\n<\/div>\n<\/div>\n<div class=\"_5pbx userContent _3576\" data-ft=\"{&quot;tn&quot;:&quot;K&quot;}\">\n<p><img loading=\"lazy\" decoding=\"async\" class=\"alignnone size-medium wp-image-265\" src=\"http:\/\/htb.com.pl\/wp-content\/uploads\/2018\/04\/Sanacja-300x144.jpg\" alt=\"\" width=\"300\" height=\"144\" srcset=\"https:\/\/htb.com.pl\/wp-content\/uploads\/2018\/04\/Sanacja-300x144.jpg 300w, https:\/\/htb.com.pl\/wp-content\/uploads\/2018\/04\/Sanacja-600x288.jpg 600w, https:\/\/htb.com.pl\/wp-content\/uploads\/2018\/04\/Sanacja-768x369.jpg 768w, https:\/\/htb.com.pl\/wp-content\/uploads\/2018\/04\/Sanacja-1024x492.jpg 1024w\" sizes=\"auto, (max-width: 300px) 100vw, 300px\" \/> Pos\u0142uchaj mojej opowie\u015bci\u00a0 o moim Te\u015bciu <a href=\"https:\/\/htb.com.pl\/wp-content\/uploads\/2019\/07\/Poprawiony.mp3\"><img loading=\"lazy\" decoding=\"async\" class=\"alignnone size-medium wp-image-2020\" src=\"https:\/\/htb.com.pl\/wp-content\/uploads\/2018\/04\/posluchaj-300x280.jpg\" alt=\"\" width=\"300\" height=\"280\" srcset=\"https:\/\/htb.com.pl\/wp-content\/uploads\/2018\/04\/posluchaj-300x280.jpg 300w, https:\/\/htb.com.pl\/wp-content\/uploads\/2018\/04\/posluchaj-768x716.jpg 768w, https:\/\/htb.com.pl\/wp-content\/uploads\/2018\/04\/posluchaj-1024x955.jpg 1024w, https:\/\/htb.com.pl\/wp-content\/uploads\/2018\/04\/posluchaj-600x560.jpg 600w, https:\/\/htb.com.pl\/wp-content\/uploads\/2018\/04\/posluchaj.jpg 1158w\" sizes=\"auto, (max-width: 300px) 100vw, 300px\" \/><\/a> i mojej Rodzinie<\/p>\n<p>By\u0142 dzie\u0144 12 pa\u017adziernika 1986 rok, niedziela. Moja Tancerka le\u017ca\u0142a w szpitalu w Warszawie na Wo\u0142owskiej. W niedziel\u0119 nie mia\u0142a \u017cadnych bada\u0144, zamierza\u0142em sp\u0119dzi\u0107 z ni\u0105 ca\u0142y dzie\u0144. Mieszka\u0142em w jej mieszkaniu, gdy wychodzi\u0142em rano z bloku ludzie szli do ko\u015bcio\u0142a na porann\u0105 msz\u0119. Zaczepi\u0142 mnie starszy pan, s\u0105siad, na klatce schodowej, zacz\u0119li\u015bmy rozmawia\u0107. Pan by\u0142 bardzo zmartwiony chorob\u0105 Tancerki. Nagle otworzy\u0142y si\u0119 drzwi mieszkania obok. Niech zdycha czerwone \u015bcierwo, wy.\u2026dala\u0107 ludzie chc\u0105 spa\u0107. Dobrze, \u017ce szybko zamkn\u0105 drzwi bo dziadek lask\u0105, jak szabl\u0105 zamachn\u0105 i \u0142eb by mu rozwali\u0142. Po schodach schodzi\u0142y dwie Panie, wystrojone jak do ko\u015bcio\u0142a. Cz\u0142owieka by\u015b t\u0105 lach\u0105 zabi\u0142 ty stary dziadu, i ty do ko\u015bcio\u0142a idziesz? Panu przesz\u0142a ochota na msz\u0119, prosz\u0119 na chwil\u0119 do mnie, powiedzia\u0142. Przykro mi, nie wiem jak mog\u0119 was przeprosi\u0107 za tych ludzi. Powiedzia\u0142 was, nie jeste\u015bmy ma\u0142\u017ce\u0144stwem, nie wymienili\u015bmy obr\u0105czek. Popatrzy\u0142em na jego bogaty ksi\u0119gozbi\u00f3r. Jedna ksi\u0105\u017cka by\u0142a bardziej zniszczona, wida\u0107 by\u0142o, \u017ce cz\u0119sto jest wyjmowana. \u201eMa\u0142y Ksi\u0105\u017c\u0119 Antoine De Saint-Exupery\u201d. Hym, mo\u017ce nie trzeba obr\u0105czek, \u017ceby m\u00f3wi\u0107 o nas jak o ma\u0142\u017ce\u0144stwie? Pan kaza\u0142 Tancerk\u0119 pozdrowi\u0107 i da\u0142 dla niej bombonierk\u0119. Trzy dni temu dla niej kupi\u0142em, w PEWEXS \u2013ie.<br \/>Gdy dotar\u0142em do szpitala u Tancerki by\u0142 ksi\u0105dz. Troch\u0119 mnie to przerazi\u0142o. Pan kt\u00f3ry pilnowa\u0142 drzwi, prosi\u0142, \u017cebym poczeka\u0142. Zauwa\u017cy\u0142em ,\u017ce si\u0119 k\u0142\u00f3c\u0105, e to nie jest spowied\u017a pomy\u015bla\u0142em. Gdy wreszcie wyszed\u0142 przywita\u0142em Tancerk\u0119, wygl\u0105da\u0142a na ca\u0142kiem zdrow\u0105. Gdy zobaczy\u0142a bombonierk\u0119 strasznie si\u0119 ucieszy\u0142a. Rozpakuj Jasiu i pocz\u0119stuj wszystkich. To by\u0142a du\u017ca sala, ca\u0142y czas siedzia\u0142y tam piel\u0119gniarki. Tancerka le\u017ca\u0142a przy oknie za parawanem. Pocz\u0119stowa\u0142em tych co mogli wzi\u0105\u0107 czekoladk\u0119 i wr\u00f3ci\u0142em pod okno. To ten starszy Pan da\u0142, s\u0105siad. Wiesz Jasiu to super go\u015b\u0107 jest. W maju 1926 roku, jak Pi\u0142sudski zrobi\u0142 zamach (12-15 maj 1926 rok) straci\u0142 sw\u0105 narzeczon\u0105. Nie powiedzia\u0142 jak, wiem tylko, \u017ce mia\u0142o to zwi\u0105zek z dzia\u0142aniami na jakim\u015b mo\u015bcie. Zgin\u0119\u0142a gdy nios\u0142a meldunki ze sztabu genera\u0142a Rozwadowskiego, przeciwnika Pi\u0142sudskiego. <img loading=\"lazy\" decoding=\"async\" class=\"alignnone size-medium wp-image-136038\" src=\"https:\/\/htb.com.pl\/wp-content\/uploads\/2026\/03\/Nie-dla-debaty-300x190.png\" alt=\"\" width=\"300\" height=\"190\" srcset=\"https:\/\/htb.com.pl\/wp-content\/uploads\/2026\/03\/Nie-dla-debaty-300x190.png 300w, https:\/\/htb.com.pl\/wp-content\/uploads\/2026\/03\/Nie-dla-debaty-768x486.png 768w, https:\/\/htb.com.pl\/wp-content\/uploads\/2026\/03\/Nie-dla-debaty.png 795w, https:\/\/htb.com.pl\/wp-content\/uploads\/2026\/03\/Nie-dla-debaty-600x380.png 600w\" sizes=\"auto, (max-width: 300px) 100vw, 300px\" \/> Powiedzia\u0142 mi, \u017ce przegra\u0142 \u017cycie. Pope\u0142ni\u0142 b\u0142\u0105d, powinien si\u0119 o\u017ceni\u0107 i mie\u0107 dzieci, a nie ci\u0105gle rozpacza\u0107. Dzi\u015b wiem, \u017ce moja Marysia nie chcia\u0142a tej mojej rozpaczy, m\u00f3wi\u0142 p\u0142acz\u0105c. Strasznie chcia\u0142em zmieni\u0107 temat. S\u0142uchaj co ten ksi\u0105dz si\u0119 tak czepia\u0142. Mia\u0142 pretensje, \u017ce nie polecia\u0142am z prymasem Glempem do Kanady. Si\u00f3dmego mia\u0142am z nim lecie\u0107 na spotkanie z Poloni\u0105. Papie\u017c ich opieprzy\u0142, bo \u017ale wypad\u0142o to spotkanie. Co si\u0119 sta\u0142o? Wiesz oni diety schowali do kieszeni, a jajka pr\u00f3bowali gotowa\u0107 w hotelu na \u017celazku. I co wysz\u0142y im na twardo? Nie, pr\u0105d w hotelu wypierdzieli\u0142o. Ale fajne s\u0105 jajka na twardo, szkoda, \u017ce nie dali mi przepustki. Musia\u0142em wyj\u015b\u0107. Przysz\u0142a jaka\u015b delegacja murzyn\u00f3w. Po chwili jeden z nich po polsku poprosi\u0142 mnie. Ju\u017c idziemy, fajna masz dziewczyn\u0119, zazdroszcz\u0119 ci powiedzia\u0142 na po\u017cegnanie. My\u015bla\u0142em o tym jej s\u0105siedzie, co j\u0105 czerwonym \u015bcierwem rano nazwa\u0142. Ona nawet w partii nie by\u0142a. Blok w kt\u00f3rym mieszka\u0142a, to by\u0142 blok nale\u017c\u0105cy do Rady Ministr\u00f3w. Ten palant musia\u0142 by\u0107 partyjny. To wszystko trzeba uzdrowi\u0107, powiedzia\u0142em. Tw\u00f3j VAT mo\u017ce poczeka\u0107. Najpierw trzeba uzdrowi\u0107. No to sanacja Jasiu, sanacja to po \u0142acinie uzdrowienie. Polska sanacja zacz\u0119\u0142a si\u0119 przewrotem majowym a zako\u0144czy\u0142a kl\u0119sk\u0105 wrze\u015bniow\u0105. J\u00f3zef Pi\u0142sudski mia\u0142 do\u015b\u0107 nieudolno\u015bci ministr\u00f3w. Ale poza tym, \u017ce zgin\u0119\u0142o 379 os\u00f3b a tysi\u0105c by\u0142o rannych nic si\u0119 nie uzdrowi\u0142o. Pi\u0119kne s\u0142owo sanacja zosta\u0142o poha\u0144bione. Solidarno\u015b\u0107 to te\u017c pi\u0119kne s\u0142owo, powiedzia\u0142em, trzeba mie\u0107 nadziej\u0119, \u017ce teraz b\u0119dzie inaczej. Nie b\u0119dzie Jasiu inaczej, ty to wiesz i ja to wiem, wiedzieli to nasi dziadkowie, tylko naszych rodzic\u00f3w nabrali. Pami\u0119tam jak m\u00f3j tata k\u0142\u00f3ci\u0142 si\u0119 z dziadkiem gdy ten solidarno\u015b\u0107 sanacj\u0105 nazywa\u0142. To taki sam ch.j tylko w innym opakowaniu, podsumowa\u0142 dziadek. Podali obiad, zjad\u0142a sama ale wida\u0107 by\u0142o, \u017ce si\u0119 zm\u0119czy\u0142a. Podaj mi r\u0119k\u0119 Jasiu, zbli\u017ca si\u0119 wiecz\u00f3r, b\u0119dzie ze mn\u0105 gorzej. Nic nie m\u00f3w kochanie, b\u0119d\u0119 przy tobie. To by\u0142 nasz cotygodniowy rytua\u0142. Do Warszawy i z powrotem mia\u0142em nocny autobus. Zamiast spa\u0107 w domu, spa\u0142em w autobusie. Ka\u017cdy wolny dzie\u0144 sp\u0119dza\u0142em z Tancerk\u0105. Tego wieczoru jednak wcze\u015bniej musia\u0142em wyj\u015b\u0107. Mia\u0142em jeszcze spraw\u0119 z tym s\u0105siadem co j\u0105 \u015bcierwem nazwa\u0142. Wtedy s\u0105downictwo by\u0142o takie jak teraz ma by\u0107, \u201eludowe\u201d. Ormowcy z tartaku zawsze mi t\u0142umaczyli, jak nie b\u0119dzie lekarskiego zwolnienia, nie b\u0119dzie sprawy, b\u0119dzie kolegium i grzywna. Teraz gdy by\u0142em z Tancerk\u0105, ba\u0142em si\u0119 aresztu, sta\u0142em si\u0119 lepszym cz\u0142owiekiem. Wszystko sobie zaplanowa\u0142em. Dup\u0119 skopie i b\u0119dzie. Zadzwoni\u0142em do drzwi s\u0105siada, otworzy\u0142a \u017cona. By\u0142em przygotowany. Pieni\u0105dze mam dla m\u0119\u017ca. Oj to prosz\u0119 da\u0107 mnie, on przechla, le\u017cy tam. Facet by\u0142 \u201enie tomny\u201d. Pracuje ale wzi\u0105\u0142 wyp\u0142at\u0119 i ma urlop, jest kucharzem, dobrym. No tego nie zaplanowa\u0142em. Da\u0142em pani tysi\u0105ca, zarabia\u0142em wtedy trzydzie\u015bci tysi\u0119cy miesi\u0119cznie. Zobaczy\u0142em , \u017ce pani robi dzieciom kolacj\u0119. Sypie cukier na chleb i polewa wod\u0105. Kartki mi si\u0119 sko\u0144czy\u0142y m\u00f3wi. Widzia\u0142em na kredensie kartki \u017cywno\u015bciowe. Powiedzia\u0142em pani, \u017ce musz\u0119 wy\u0142\u0105czy\u0107 lod\u00f3wk\u0119, jest tam kark\u00f3wka, s\u0142onina i kie\u0142basa. Pani by\u0142a przygotowana, wzi\u0119\u0142a misk\u0119 plastikow\u0105 i m\u00f3wi, s\u0105siadka cz\u0119sto rozmra\u017ca lod\u00f3wk\u0119, zawsze daje mi co tam akurat jest. Gdy nape\u0142nili\u015bmy misk\u0119, musia\u0142em jej pom\u00f3c zanie\u015b\u0107 do jej mieszkania. Wychodz\u0105c otrzyma\u0142em od jej ch\u0142opak\u00f3w laurki dla Tancerki. By\u0142y po angielsku. Pani uczy ich angielskiego powiedzia\u0142a ich mama. Lubicie angielski zapyta\u0142em , tak a najbardziej lekcje, pani daje czekoladki, powiedzia\u0142 m\u0142odszy.<br \/>Gdy tydzie\u0144 p\u00f3\u017aniej gotowa\u0142em w mieszkaniu Tancerki barszcz czerwony, przyszed\u0142 s\u0105siad, kucharz. Przeprosi\u0142 &#8211; nachlany by\u0142em, koniec z tym. Przyni\u00f3s\u0142 blender, po\u017cyczy\u0142 w pracy. Dali mu bo powiedzia\u0142, \u017ce s\u0105siadka jest chora. Wkr\u00f3tce blender bardzo si\u0119 przyda\u0142. Pokaza\u0142 mi co\u015b jeszcze, cukier do barszczu trzeba doda\u0107, odrobink\u0119.<br \/>Dzi\u015b z perspektywy lat ja zgadzam si\u0119 z Tancerk\u0105. Je\u017celi by\u0142o co\u015b dobre to ten jej VAT, kt\u00f3ry Balcerowicz wprowadzi\u0142 w 1993 roku i nasze wej\u015bcie do Unii Europejskiej (1 maja 2004 roku). Zazdroszcz\u0119 tym, kt\u00f3rym podoba si\u0119 ca\u0142a reszta. Ko\u0144cz\u0105 si\u0119 moje zapiski dotycz\u0105ce Tancerki. Przejrza\u0142em jeszcze raz kalendarze z 1986 i 1987 roku, opisa\u0142em wszystko.<br \/>Zastanawiam si\u0119, kt\u00f3ry teraz kalendarz wzi\u0105\u0107. Wezm\u0119 1990 rok. To rok w kt\u00f3rym zmar\u0142 m\u00f3j Te\u015b\u0107 Tadeusz Strza\u0142a <img loading=\"lazy\" decoding=\"async\" class=\"alignnone size-medium wp-image-21926\" src=\"https:\/\/htb.com.pl\/wp-content\/uploads\/2018\/04\/Te\u015b\u0107-225x300.jpg\" alt=\"\" width=\"225\" height=\"300\" srcset=\"https:\/\/htb.com.pl\/wp-content\/uploads\/2018\/04\/Te\u015b\u0107-225x300.jpg 225w, https:\/\/htb.com.pl\/wp-content\/uploads\/2018\/04\/Te\u015b\u0107.jpg 480w\" sizes=\"auto, (max-width: 225px) 100vw, 225px\" \/> Cechmistrz z Mielca. Zmar\u0142 21 grudnia 1990 roku, przemawiaj\u0105c do rzemie\u015blnik\u00f3w na spotkaniu op\u0142atkowym. Przepraszam, unios\u0142em si\u0119 to by\u0142y jego ostatnie s\u0142owa. Broni\u0142 tych kt\u00f3rym chciano odebra\u0107 lokale w budynku sp\u00f3\u0142dzielni rzemie\u015blniczej w Mielcu. M\u00f3wi\u0142 o tej sp\u00f3\u0142dzielni moja, by\u0142 jej wsp\u00f3\u0142za\u0142o\u017cycielem i wieloletnim Prezesem. Kilka tygodni wcze\u015bniej spotka\u0142 si\u0119 z Lechem Wa\u0142\u0119s\u0105, gdy ten by\u0142 w Mielcu. <img loading=\"lazy\" decoding=\"async\" class=\"alignnone size-medium wp-image-35580\" src=\"https:\/\/htb.com.pl\/wp-content\/uploads\/2018\/04\/Wa\u0142\u0119sa-300x208.jpg\" alt=\"\" width=\"300\" height=\"208\" srcset=\"https:\/\/htb.com.pl\/wp-content\/uploads\/2018\/04\/Wa\u0142\u0119sa-300x208.jpg 300w, https:\/\/htb.com.pl\/wp-content\/uploads\/2018\/04\/Wa\u0142\u0119sa-600x416.jpg 600w, https:\/\/htb.com.pl\/wp-content\/uploads\/2018\/04\/Wa\u0142\u0119sa.jpg 616w\" sizes=\"auto, (max-width: 300px) 100vw, 300px\" \/> Pami\u0119tam z jak\u0105 nadziej\u0105 jecha\u0142 na to spotkanie. Zazdro\u015bci\u0142em mu, zazdro\u015bci\u0142em mu tej wiary, \u017ce b\u0119dzie dobrze. On w lutym 1945 roku, jako niepe\u0142noletni dodaj\u0105c sobie lat wst\u0105pi\u0142 na ochotnika do II Armii Wojska Polskiego, jako \u017co\u0142nierz 34 pu\u0142ku 8 dywizji uczestniczy\u0142 w ostatniej fazie\u00a0 II Wojny \u015awiatowej. Bra\u0142 udzia\u0142 w walkach nad Nys\u0105 \u0141u\u017cyck\u0105, pod Br\u0105dowicami, Rothemburgiem, Hork\u0105 i Budziszynem (21 &#8211; 26 kwietnia 1945 rok). Jak sam m\u00f3wi\u0142 &#8211; tam by\u0142o piek\u0142o. Wyszed\u0142 z okr\u0105\u017cenia, walczy\u0142 jeszcze w Sudetach &#8211; szlak bojowy zako\u0144czy\u0142 w miejscowo\u015bci Ustek. Ci\u0119\u017cko by\u0142o go czymkolwiek zaskoczy\u0107, za\u0142ama\u0107. Jednak pami\u0119tam, gdy wr\u00f3ci\u0142 ze spotkania z Lechem Wa\u0142\u0119s\u0105, by\u0142 za\u0142amany. Przytuli\u0142 mnie, moj\u0105 \u017bon\u0119 i \u0142ami\u0105cym g\u0142osem powiedzia\u0142. Daj Bo\u017ce, \u017ceby jemu by\u0142o lepiej. M\u00f3wi\u0142 o naszym nienarodzonym jeszcze synu, \u017bona by\u0142a w ci\u0105\u017cy. Narodziny naszego syna to by\u0142a jego ostatnia rado\u015b\u0107. Cieszy\u0142 si\u0119 nim tylko trzy tygodnie.<br \/>Ksi\u0105dz Kaczor po pogrzebie mojego Te\u015bcia, podszed\u0142 do mnie i m\u00f3wi. Jeszcze tydzie\u0144 temu wspomina\u0142 twoja by\u0142\u0105 \u017con\u0119. Marudzi\u0142, \u017ce si\u0119 z ni\u0105 nie zd\u0105\u017cy\u0142 pogodzi\u0107, zgrzeszy\u0142em, to ona mia\u0142a racj\u0119 m\u00f3wi\u0142. Z Wa\u0142\u0119s\u0105 musia\u0142em si\u0119 spotka\u0107, \u017ceby to zrozumie\u0107, ale lepiej p\u00f3\u017ano ni\u017c wcale. Mo\u017ce to dobrze, \u017ce Janek zosta\u0142 moim zi\u0119ciem. Jutro Janku wigilia, on ju\u017c tam j\u0105 sp\u0119dzi, nie b\u0119dzie z wami ale nie b\u0119dzie sam, mo\u017ce tam po\u0142ami\u0105 si\u0119 op\u0142atkiem, pogodz\u0105 si\u0119. To nie by\u0142a moja \u017cona. By\u0142a, by\u0142a Janku, by\u0142a, obr\u0105czki to nie wszystko. Dzi\u015b wiem, \u017ce Ksi\u0105dz Kaczor i m\u00f3j Te\u015b\u0107 nie wierzyli, \u017ce ja po takich przej\u015bciach b\u0119d\u0119 dobrym m\u0119\u017cem dla Dorotki, c\u00f3rki Pana Strza\u0142y. Pewnie mieli racj\u0119, zawsze mo\u017ce by\u0107 lepiej. Zawsze te\u017c mo\u017ce by\u0107 gorzej. Obydwaj le\u017c\u0105 na cmentarzu w Chorzelowie. Odwiedzaj\u0105c gr\u00f3b Te\u015bcia nie zapominamy o Ksi\u0119dzu Kazimierzu Kaczorze. Bior\u0119 \u017bon\u0119 za r\u0119k\u0119, no i co? Szybko jednak spuszczam g\u0142ow\u0119. To ju\u017c ponad 27 lat jeste\u015bmy ma\u0142\u017ce\u0144stwem. Troch\u0119 grzeszk\u00f3w si\u0119 nazbiera\u0142o.<br \/>Przemiany lat 90 \u2013 tych. To b\u0119dzie nast\u0119pny wpis.<\/p>\n<\/div>\n\n","protected":false},"excerpt":{"rendered":"<p>\u00a0 24 marca\u00a02018 \u00a0 Pos\u0142uchaj mojej opowie\u015bci\u00a0 o moim Te\u015bciu i mojej Rodzinie By\u0142 dzie\u0144 12 pa\u017adziernika 1986 rok, niedziela. Moja Tancerka le\u017ca\u0142a w szpitalu w Warszawie na Wo\u0142owskiej. W niedziel\u0119 nie mia\u0142a \u017cadnych bada\u0144, zamierza\u0142em sp\u0119dzi\u0107 z ni\u0105 ca\u0142y dzie\u0144. Mieszka\u0142em w jej mieszkaniu, gdy wychodzi\u0142em rano z bloku ludzie szli do ko\u015bcio\u0142a na [&hellip;]<\/p>\n","protected":false},"author":1,"featured_media":0,"comment_status":"open","ping_status":"open","sticky":false,"template":"","format":"standard","meta":{"_jetpack_memberships_contains_paid_content":false,"footnotes":""},"categories":[4],"tags":[],"class_list":["post-264","post","type-post","status-publish","format-standard","hentry","category-daty-i-fakty-blog"],"jetpack_sharing_enabled":true,"jetpack_featured_media_url":"","_links":{"self":[{"href":"https:\/\/htb.com.pl\/index.php?rest_route=\/wp\/v2\/posts\/264","targetHints":{"allow":["GET"]}}],"collection":[{"href":"https:\/\/htb.com.pl\/index.php?rest_route=\/wp\/v2\/posts"}],"about":[{"href":"https:\/\/htb.com.pl\/index.php?rest_route=\/wp\/v2\/types\/post"}],"author":[{"embeddable":true,"href":"https:\/\/htb.com.pl\/index.php?rest_route=\/wp\/v2\/users\/1"}],"replies":[{"embeddable":true,"href":"https:\/\/htb.com.pl\/index.php?rest_route=%2Fwp%2Fv2%2Fcomments&post=264"}],"version-history":[{"count":14,"href":"https:\/\/htb.com.pl\/index.php?rest_route=\/wp\/v2\/posts\/264\/revisions"}],"predecessor-version":[{"id":136055,"href":"https:\/\/htb.com.pl\/index.php?rest_route=\/wp\/v2\/posts\/264\/revisions\/136055"}],"wp:attachment":[{"href":"https:\/\/htb.com.pl\/index.php?rest_route=%2Fwp%2Fv2%2Fmedia&parent=264"}],"wp:term":[{"taxonomy":"category","embeddable":true,"href":"https:\/\/htb.com.pl\/index.php?rest_route=%2Fwp%2Fv2%2Fcategories&post=264"},{"taxonomy":"post_tag","embeddable":true,"href":"https:\/\/htb.com.pl\/index.php?rest_route=%2Fwp%2Fv2%2Ftags&post=264"}],"curies":[{"name":"wp","href":"https:\/\/api.w.org\/{rel}","templated":true}]}}