{"id":2648,"date":"2018-12-15T06:30:16","date_gmt":"2018-12-15T06:30:16","guid":{"rendered":"https:\/\/htb.com.pl\/?p=2648"},"modified":"2019-05-24T14:30:49","modified_gmt":"2019-05-24T14:30:49","slug":"dzban","status":"publish","type":"post","link":"https:\/\/htb.com.pl\/?p=2648","title":{"rendered":"Dzban"},"content":{"rendered":"<p><img loading=\"lazy\" decoding=\"async\" class=\"alignnone size-full wp-image-2667\" src=\"https:\/\/htb.com.pl\/wp-content\/uploads\/2018\/12\/dzbanek.jpg\" alt=\"\" width=\"263\" height=\"192\" \/><\/p>\n<p>M\u0142odzie\u017cowym s\u0142owem roku 2018 zosta\u0142o s\u0142owo &#8220;dzban&#8221;. Tak si\u0119 jako\u015b z\u0142o\u017cy\u0142o, \u017ce w tym samym czasie &#8220;zab\u0142ysn\u0105\u0142&#8221; pan Zbigniew Ziobro usprawiedliwiaj\u0105c bandyt\u00f3w, kt\u00f3rzy pobili Pana Wojciecha Kwa\u015bniaka. <a href=\"https:\/\/htb.com.pl\/?p=2504\">Poprzedni wpis.<\/a><\/p>\n<p>Po tej wypowiedzi wszystkim dziennikarzom, publicystom s\u0142owa dzban skojarzy\u0142o si\u0119 z panem ministrem sprawiedliwo\u015bci i prokuratorem generalnym. Wszyscy wyczuli, \u017ce dzban oznacza co\u015b z\u0142ego. Ja wyja\u015bni\u0119 Pa\u0144stwu co oznacza to s\u0142owo wypowiadane w kontek\u015bcie jaki spowodowa\u0142, \u017ce zosta\u0142o s\u0142owem roku. Ot\u00f3\u017c dzban w gwarze wi\u0119ziennej to sedes &#8211; wkr\u00f3tce dzi\u0119ki ministrowi sprawiedliwo\u015bci wielu pozna jego znaczenie w sensie dos\u0142ownym, organoleptycznie.\u00a0 Dzban pod cel\u0105 jest wa\u017cnym elementem. Rzeczywi\u015bcie &#8211; mo\u017cna okre\u015bli\u0107 kogo\u015b tym s\u0142owem, zamiast da\u0107 mu po mordzie, to bowiem skutkuje dolew\u0105, (zwi\u0119kszeniem wyroku). W mniej skrajnych przypadkach mo\u017cna &#8220;pos\u0142a\u0107&#8221; kogo\u015b na dzban, wtedy pos\u0142any mo\u017ce da\u0107 w mord\u0119. Tak czy tak nie b\u0119dzie mi\u0142o &#8211; jak to pod cel\u0105.<a href=\"https:\/\/htb.com.pl\/?product=skazany-na-trening-zaprawa-wiezienna\"><img loading=\"lazy\" decoding=\"async\" class=\"size-full wp-image-2674 alignright\" src=\"https:\/\/htb.com.pl\/wp-content\/uploads\/2018\/12\/skazany.jpg\" alt=\"\" width=\"200\" height=\"283\" \/><\/a><\/p>\n<p><a href=\"https:\/\/htb.com.pl\/?p=246\">Cz\u0119sto wspominam lato 1986 roku,<\/a> gdy po dziesi\u0119ciu latach planowanej roz\u0142\u0105ki spotka\u0142em ponownie Marysi\u0119. Przez te wszystkie lata naszego rozstania przypomina\u0142 mi j\u0105 <a href=\"https:\/\/www.youtube.com\/watch?v=e8IoVyBEI1M\">&#8220;Malowany dzbanek&#8221; &#8211; Heleny Vondraczkovej.<\/a>\u00a0Zapami\u0119ta\u0142em j\u0105 bowiem jako Pani\u0105 Mari\u0119, kt\u00f3r\u0105 cieszy\u0142o wszystko i to\u00a0 przez 10 lat nie zmieni\u0142o si\u0119. Pami\u0119tam jak ju\u017c\u00a0 moj\u0105 Majk\u0119\u00a0 cieszy\u0142a &#8220;pieriestrojk\u0105&#8221; w ZSRR, kt\u00f3r\u0105 wprowadzi\u0142 Michai\u0142 Gorbaczow. Marysia popiera\u0142a jego reformy, szczeg\u00f3lnie wolno\u015b\u0107 gospodarcz\u0105. Za b\u0142\u0105d uwa\u017ca\u0142a zwalczanie pija\u0144stwa. Twierdzi\u0142a, \u017ce to tylko wnerwi ludzi i reformy upadn\u0105. Uwa\u017ca\u0142a, \u017ce problem pija\u0144stwa, zrozumienia czym jest wolno\u015b\u0107, mo\u017cna rozwi\u0105za\u0107 przez w\u0142a\u015bciw\u0105 edukacj\u0119. Ju\u017c po \u015bmierci Marysi upad\u0142a pieriestrojka.\u00a0 \u00a0Wcze\u015bniej w Polsce Mieczys\u0142aw Rakowski jako premier i Mieczys\u0142aw Wilczek jako minister przemys\u0142u dokonali podobnych przemian jak reformy Gorbaczowa &#8211; tego te\u017c Marysia nie doczeka\u0142a.\u00a0 Ja jednak uwa\u017cam, \u017ce punktem zwrotnym dla naszej wolno\u015bci by\u0142o spotkanie genera\u0142a Wojciecha Jaruzelskiego z Papie\u017cem Janem Paw\u0142em II w Watykanie 12 stycznia 1987 roku.<a href=\"https:\/\/htb.com.pl\/?p=2099\"> Marysia jeszcze \u017cy\u0142a i razem mogli\u015bmy si\u0119 cieszy\u0107 z tego historycznego, a dzi\u015b zapomnianego spotkania.<\/a>Ta nasza pieriestrojka trwa\u0142a d\u0142u\u017cej jak rosyjska. Gorbaczow odda\u0142 sw\u00f3j urz\u0105d prezydenta ZSRR ju\u017c w 25 grudnia 1991 roku.\u00a0 Nasza demokracja upad\u0142a dopiero 25 listopada 2015 roku.\u00a0 I tu i tam dokona\u0142o si\u0119 to w wyniku zamachu stanu. W Rosji dokona\u0142 go Borys Jelcyn, w Polsce Jaros\u0142aw Kaczy\u0144ski. I tam i tu z &#8220;inspiracji&#8221; rosyjskich s\u0142u\u017cb. Trzeba jednak doda\u0107, \u017ce Pan Kaczy\u0144ski i jego otoczenie\u00a0 nie zdaj\u0105 sobie z tego sprawy do dzi\u015b. Ja nie mam w\u0105tpliwo\u015bci, \u017ce nieszcz\u0119\u015bciem dla \u015bwiata\u00a0 by\u0142 zamach Jelcyna. Rozwalenie polskiej demokracji przez Pana Jaros\u0142awa Kaczy\u0144skiego to pok\u0142osie tamtych wydarze\u0144. Pami\u0119tam Borysa Jelcyna jak udawa\u0142 \u017co\u0142nierza stoj\u0105c na czo\u0142gu. Dzi\u015b jego nast\u0119pca W\u0142adimir Putin kontynuuje tamto dzie\u0142o. Ostatnio widzia\u0142em jak we Francji i Belgii ludzie w \u017c\u00f3\u0142tych kamizelkach inspirowani przez rosyjskie s\u0142u\u017cby, demolowali ulice, nawet w Polsce \u017c\u00f3\u0142te kamizelki blokuj\u0105 autostrady. To nie te autostrady trzeba blokowa\u0107 kochani. Dzban pod cel\u0105 wi\u0119zienn\u0105 sk\u0142ada si\u0119 mi\u0119dzy innymi z autostrady, tak nazywamy g\u00f3rn\u0105 cz\u0119\u015b\u0107 sedesu. Je\u017celi przyjmiemy, \u017ce nasi rz\u0105dz\u0105cy to dzban, a na to wygl\u0105da, to\u00a0 w\u0142a\u015bnie t\u0105 dzbanow\u0105 autostrad\u0119 trzeba zablokowa\u0107 &#8211; \u017ceby by\u0142o lepiej. Nawet jak si\u0119 na dzbanie podniesie beret (klap\u0119) i p\u00f3\u0142beret (desk\u0119), to trafi si\u0119 na zablokowana autostrad\u0119 &#8211; b\u0119dzie problem:)<\/p>\n<p>Zastanawiam si\u0119, czy gdyby pos\u0142uchano Marysi i postawiono na edukacj\u0119 a dopiero potem na demokracj\u0119, to byliby\u015bmy tu gdzie teraz? Widzia\u0142em naszego premiera Mateusza Morawieckiego jak w dobie \u015bwiatowej koniunktury chwali\u0142 si\u0119, \u017ce za jego rz\u0105d\u00f3w zmniejszy\u0142 si\u0119 w Polsce deficyt. W krajach UE, gdzie rz\u0105dz\u0105 ludzie z wyobra\u017ani\u0105, czyli w\u0142a\u015bciwie wyedukowani,\u00a0 nie ma deficytu, jest nadwy\u017cka &#8211; panie Morawiecki. Niech panu\u00a0 kto\u015b policzy skutki rozpierdzielenia systemu emerytalnego przez powr\u00f3t do ni\u017cszego wieku emerytalnego. Zobaczy pan to swoje zmniejszenie deficytu. Wiem, \u017ce jako polityk bez wyobra\u017ani nie rozumie pan tego co tu pisz\u0119. Dam wi\u0119c panu przyk\u0142ad, kt\u00f3ry mo\u017ce pan przedyskutowa\u0107 z Tat\u0105. Ludzie zwi\u0105zani z jego obozem politycznym rozpierdzielili na pocz\u0105tku naszej transformacji Polski Program Elektrowni J\u0105drowych. Dzi\u015b pa\u0144ski minister od energetyki Krzysztof Tch\u00f3rzewski musi opowiada\u0107 g\u0142upoty, \u017ce za najdro\u017cszy pr\u0105d w Europie, nie zap\u0142acimy wi\u0119cej. Ja Pana prosz\u0119 w imieniu Marysi &#8211; wywal Pan pani\u0105 Ann\u0119 Zalewsk\u0105, ona za edukacj\u0119 odpowiada w Pana rz\u0105dzie.\u00a0 Od edukacji trzeba zacz\u0105\u0107 &#8211; <a href=\"https:\/\/htb.com.pl\/?p=1575\">tak m\u00f3wi\u0142a Marysia.<\/a><\/p>\n<p><em>&#8220;Dop\u00f3ty dzban wod\u0119 nosi, dop\u00f3ki mu si\u0119 ucho nie urwie&#8221;.\u00a0<\/em> Polskie przys\u0142owie &#8211; tu dzban wyst\u0119puje w innym kontek\u015bcie &#8211; pozytywnym. Tu dzbanem jest Polska. Przys\u0142owie uzmys\u0142awia nam jak \u0142atwo t\u0105 Polsk\u0119 utraci\u0107. Tyle razy nam si\u0119 to zdarza\u0142o:\u00a0<a href=\"https:\/\/htb.com.pl\/?p=185\">Rozbiory<\/a>; <a href=\"https:\/\/htb.com.pl\/?p=2035\">Kl\u0119ska wrze\u015bniowa<\/a>, czy w ko\u0144cu ten ostatni zamach stanu. Dzi\u015b ucho w dzbanie jeszcze nie p\u0119k\u0142o ale nie dolewajmy ju\u017c wody.<\/p>\n<p>&nbsp;<\/p>\n<p>&nbsp;<\/p>\n","protected":false},"excerpt":{"rendered":"<p>M\u0142odzie\u017cowym s\u0142owem roku 2018 zosta\u0142o s\u0142owo &#8220;dzban&#8221;. Tak si\u0119 jako\u015b z\u0142o\u017cy\u0142o, \u017ce w tym samym czasie &#8220;zab\u0142ysn\u0105\u0142&#8221; pan Zbigniew Ziobro usprawiedliwiaj\u0105c bandyt\u00f3w, kt\u00f3rzy pobili Pana Wojciecha Kwa\u015bniaka. Poprzedni wpis. Po tej wypowiedzi wszystkim dziennikarzom, publicystom s\u0142owa dzban skojarzy\u0142o si\u0119 z panem ministrem sprawiedliwo\u015bci i prokuratorem generalnym. Wszyscy wyczuli, \u017ce dzban oznacza co\u015b z\u0142ego. Ja wyja\u015bni\u0119 [&hellip;]<\/p>\n","protected":false},"author":1,"featured_media":2667,"comment_status":"open","ping_status":"open","sticky":false,"template":"","format":"standard","meta":{"_jetpack_memberships_contains_paid_content":false,"footnotes":""},"categories":[4],"tags":[340,341],"class_list":["post-2648","post","type-post","status-publish","format-standard","has-post-thumbnail","hentry","category-daty-i-fakty-blog","tag-dzban","tag-mlodziezowe-slowo-roku"],"jetpack_sharing_enabled":true,"jetpack_featured_media_url":"https:\/\/htb.com.pl\/wp-content\/uploads\/2018\/12\/dzbanek.jpg","_links":{"self":[{"href":"https:\/\/htb.com.pl\/index.php?rest_route=\/wp\/v2\/posts\/2648","targetHints":{"allow":["GET"]}}],"collection":[{"href":"https:\/\/htb.com.pl\/index.php?rest_route=\/wp\/v2\/posts"}],"about":[{"href":"https:\/\/htb.com.pl\/index.php?rest_route=\/wp\/v2\/types\/post"}],"author":[{"embeddable":true,"href":"https:\/\/htb.com.pl\/index.php?rest_route=\/wp\/v2\/users\/1"}],"replies":[{"embeddable":true,"href":"https:\/\/htb.com.pl\/index.php?rest_route=%2Fwp%2Fv2%2Fcomments&post=2648"}],"version-history":[{"count":33,"href":"https:\/\/htb.com.pl\/index.php?rest_route=\/wp\/v2\/posts\/2648\/revisions"}],"predecessor-version":[{"id":3694,"href":"https:\/\/htb.com.pl\/index.php?rest_route=\/wp\/v2\/posts\/2648\/revisions\/3694"}],"wp:featuredmedia":[{"embeddable":true,"href":"https:\/\/htb.com.pl\/index.php?rest_route=\/wp\/v2\/media\/2667"}],"wp:attachment":[{"href":"https:\/\/htb.com.pl\/index.php?rest_route=%2Fwp%2Fv2%2Fmedia&parent=2648"}],"wp:term":[{"taxonomy":"category","embeddable":true,"href":"https:\/\/htb.com.pl\/index.php?rest_route=%2Fwp%2Fv2%2Fcategories&post=2648"},{"taxonomy":"post_tag","embeddable":true,"href":"https:\/\/htb.com.pl\/index.php?rest_route=%2Fwp%2Fv2%2Ftags&post=2648"}],"curies":[{"name":"wp","href":"https:\/\/api.w.org\/{rel}","templated":true}]}}