{"id":26677,"date":"2020-07-17T06:56:15","date_gmt":"2020-07-17T06:56:15","guid":{"rendered":"https:\/\/htb.com.pl\/?p=26677"},"modified":"2020-07-18T06:52:48","modified_gmt":"2020-07-18T06:52:48","slug":"podzieleni-skloceni-i-niezadowoleni","status":"publish","type":"post","link":"https:\/\/htb.com.pl\/?p=26677","title":{"rendered":"Podzieleni, sk\u0142\u00f3ceni i niezadowoleni"},"content":{"rendered":"\n<p><\/p>\n\n\n\n<figure class=\"wp-block-image size-large\"><img loading=\"lazy\" decoding=\"async\" width=\"640\" height=\"480\" src=\"https:\/\/htb.com.pl\/wp-content\/uploads\/2020\/07\/Po-wyborach.jpg\" alt=\"\" class=\"wp-image-26851\" srcset=\"https:\/\/htb.com.pl\/wp-content\/uploads\/2020\/07\/Po-wyborach.jpg 640w, https:\/\/htb.com.pl\/wp-content\/uploads\/2020\/07\/Po-wyborach-300x225.jpg 300w, https:\/\/htb.com.pl\/wp-content\/uploads\/2020\/07\/Po-wyborach-600x450.jpg 600w\" sizes=\"auto, (max-width: 640px) 100vw, 640px\" \/><\/figure>\n\n\n\n<p><\/p>\n\n\n\n<figure class=\"wp-block-image size-thumbnail\"><a href=\"https:\/\/htb.com.pl\/wp-content\/uploads\/2020\/07\/Nie-pokonani.mp3\"><img loading=\"lazy\" decoding=\"async\" width=\"150\" height=\"150\" src=\"https:\/\/htb.com.pl\/wp-content\/uploads\/2018\/04\/posluchaj-150x150.jpg\" alt=\"\" class=\"wp-image-2020\" srcset=\"https:\/\/htb.com.pl\/wp-content\/uploads\/2018\/04\/posluchaj-150x150.jpg 150w, https:\/\/htb.com.pl\/wp-content\/uploads\/2018\/04\/posluchaj-300x300.jpg 300w, https:\/\/htb.com.pl\/wp-content\/uploads\/2018\/04\/posluchaj-100x100.jpg 100w\" sizes=\"auto, (max-width: 150px) 100vw, 150px\" \/><\/a><\/figure>\n\n\n\n<p>Definitywnie zako\u0144czy\u0142y si\u0119 wybory prezydenckie, wygra\u0142 pan Andrzej Duda. Dla mnie te wybory zako\u0144czy\u0142y si\u0119 ju\u017c po pierwszej turze &#8211;  zamie\u015bci\u0142em nawet wpis <a href=\"https:\/\/htb.com.pl\/?p=25887\">&#8220;I po wyborach&#8221;<\/a> . Staram si\u0119 bowiem opisywa\u0107 rzeczywisto\u015b\u0107 z perspektywy Marysi, (wcze\u015bniejsze wpisy), a Ona zawsze m\u00f3wi\u0142a. <strong>Ludzie bez wyobra\u017ani nie mog\u0105 rz\u0105dzi\u0107, Jasiu, bo doprowadz\u0105 do katastrofy. <\/strong>Wed\u0142ug tej jej dewizy z kandydat\u00f3w na prezydenta RP, tylko Szymon Ho\u0142ownia si\u0119 nadawa\u0142,  bo ma wyobra\u017ani\u0119, bo rozumie jak z\u0142ym modelem rz\u0105dzenie jest kult jednostki &#8211; czyli wzorowanie si\u0119 na sanacji J\u00f3zefa Pi\u0142sudskiego i to dlatego nie popar\u0142 Trzaskowskiego. Zar\u00f3wno pan Andrzej Duda jak i pan Rafa\u0142 Trzaskowski to piewcy geniuszu Pi\u0142sudskiego i wed\u0142ug Marysi nie powinni piastowa\u0107 urz\u0119du \u017cadnego. Dlatego w drugiej turze mog\u0142em jedynie wybiera\u0107 z dwojga z\u0142ego i cho\u0107 jestem z podkarpackiego, zag\u0142osowa\u0142em na pana Trzaskowskiego. Pisz\u0119 to dlatego, bo moi klienci z pozna\u0144skiego \u015bmiej\u0105 si\u0119 widz\u0105c rejestracj\u0119 Citroena mojego. &#8220;Kwa-kwa&#8221; przyjecha\u0142 gadaj\u0105 &#8211; nie jestem &#8220;kwa-kwa&#8221; ale wiem czemu mnie wy\u015bmiewaj\u0105 &#8211; oni te dane znaj\u0105:<\/p>\n\n\n\n<figure class=\"wp-block-image size-large\"><img loading=\"lazy\" decoding=\"async\" width=\"500\" height=\"720\" src=\"https:\/\/htb.com.pl\/wp-content\/uploads\/2020\/07\/Wybory-mapa.jpg\" alt=\"\" class=\"wp-image-26798\" srcset=\"https:\/\/htb.com.pl\/wp-content\/uploads\/2020\/07\/Wybory-mapa.jpg 500w, https:\/\/htb.com.pl\/wp-content\/uploads\/2020\/07\/Wybory-mapa-208x300.jpg 208w\" sizes=\"auto, (max-width: 500px) 100vw, 500px\" \/><\/figure>\n\n\n\n<p>Moje Podkarpacie to rzeczywi\u015bcie ewenement, to tu pan Andrzej Duda wygra\u0142 z tak ogromna przewag\u0105, \u017ce zdoby\u0142 reelekcj\u0119. G\u0142osowali na niego starsi wyborcy, m\u0142odzie\u017c g\u0142osuje jak reszta Polski. Nie wiem, czy wyborcy pana Dudy sw\u00f3j b\u0142\u0105d zobacz\u0105 ale jestem pewny, \u017ce ich wnukowie im tego nie wybacz\u0105, bo to oni poznaj\u0105 &#8220;kl\u0105tw\u0119 kacz\u0105&#8221;. Moje pokolenie &#8220;dobrobyt Gierka&#8221; sp\u0142aca\u0142o, gdy ju\u017c si\u0119 uda\u0142o, starszym znowu \u017cycie na kredyt si\u0119 spodoba\u0142o. Napisa\u0107, \u017ce to b\u0142\u0105d to ma\u0142o &#8211; romantyzmem nazywa\u0107 to mi si\u0119 zdarza\u0142o.<\/p>\n\n\n\n<p>Marysia  prezydenta przez Parlament wybiera\u0107 radzi\u0142a, tu w demokracj\u0119 bezpo\u015bredni\u0105 nie wierzy\u0142a &#8211; tak So\u0142tysa i Pos\u0142a powinno si\u0119 wybiera\u0107 &#8211; m\u00f3wi\u0142a.  <a href=\"https:\/\/htb.com.pl\/?p=25560\">Pisa\u0142em ju\u017c o tym<\/a> i Pa\u0144stwo mnie wy\u015bmieli &#8211; mo\u017ce teraz razem by\u015bmy si\u0119 po\u015bmiali?<\/p>\n\n\n\n<h2 class=\"wp-block-heading\">Dlaczego \u017ce\u015bmy przegrali?<\/h2>\n\n\n\n<p><strong>Nawet przegrane bitwy s\u0105 wygrane, je\u017celi zrozumiemy dlaczego odnie\u015bli\u015bmy ran\u0119. <\/strong>To kolejne powiedzenie Marysi. Odnosi\u0142a go do Tukidydesa, kt\u00f3ry zrozumia\u0142 sw\u00f3j b\u0142\u0105d jaki pope\u0142ni\u0142 w wojnie peloponeskiej, (poprzedni wpis). Gdyby politycy to zrozumieli &#8211; \u017cadnych wojen by\u015bmy nie mieli.<\/p>\n\n\n\n<p>Gdy obserwuj\u0119 prac\u0119 pani pose\u0142 Krystyny Skowro\u0144skie, czy pana pos\u0142a Paw\u0142a Poncyliusza to wiem, \u017ce oni &#8220;Wojny peloponeskiej&#8221; nie czytali i dlatego na Podkarpaciu pole oddali. Za\u015b Pani pose\u0142 PE El\u017cbieta \u0141ukacijewska czyta\u0142a i jej gmina Cisna kolejny raz z populizmem zdecydowanie wygra\u0142a.<\/p>\n\n\n\n<p><strong>Strach<\/strong> &#8211; to si\u0119 czuje w biurach poselskich parlamentarzyst\u00f3w Koalicji Obywatelskiej, kt\u00f3rych okre\u015bli\u0142em jako przegranych. Praktycznie wszyscy przeciwko ks, Tadeuszowi Isakowiczowi-Zalewskiemu w komisji ds. pedofilii zag\u0142osowali, (za-3 przeciw-126). Nawet pos\u0142owie PiS a\u017c tak bardzo biskup\u00f3w si\u0119 nie bali, (za-63 przeciw-148). Czasem odwiedzam te biura oferuj\u0105c ksi\u0105\u017cki. Nie proponuj\u0119 Tukidydesa ale Orwella, jego &#8220;Folwark zwierz\u0119cy&#8221; <a href=\"https:\/\/htb.com.pl\/?product=folwark-zwierzecy\"><img loading=\"lazy\" decoding=\"async\" width=\"150\" height=\"231\" class=\"wp-image-410\" style=\"width: 150px;\" src=\"https:\/\/htb.com.pl\/wp-content\/uploads\/2018\/05\/folwark-orwell-okl.jpg\" alt=\"\" srcset=\"https:\/\/htb.com.pl\/wp-content\/uploads\/2018\/05\/folwark-orwell-okl.jpg 390w, https:\/\/htb.com.pl\/wp-content\/uploads\/2018\/05\/folwark-orwell-okl-195x300.jpg 195w\" sizes=\"auto, (max-width: 150px) 100vw, 150px\" \/><\/a>  &#8211; my\u015bl\u0119, \u017ce dla polityka powinna to by\u0107 lektura obowi\u0105zkowa.<\/p>\n\n\n\n<p><strong>Strach polityk\u00f3w PSL<\/strong> przed gadaniem bp Marka J\u0119draszewskiego, to kolejna przyczyna pora\u017cki  Trzaskowskiego, cho\u0107 teraz  pos\u0142owie PSL na ks. Isakiewicza Zalewskiego zag\u0142osowali, to w wyborach parlamentarnych wystartowa\u0107 w du\u017cej koalicji si\u0119 bali i z Kukizem wystartowali. Gdyby nie to,   dzi\u015b ludzie mali rz\u0105dowymi mediami by nie zarz\u0105dzali i prezydenckie wybory przegrali.<\/p>\n\n\n\n<p> Strach to zawsze przegrana. Cz\u0119sto ju\u017c rykni\u0119cie Marysi na przeciwnika za\u0142atwia\u0142o spraw\u0119. Jej ludzie nazywali j\u0105 <em>&#8220;Strapando&#8221;<\/em>, kiedy\u015b zapyta\u0142em co to znaczy. Nie powiedzia\u0142a tylko nami\u0119tnie mnie poca\u0142owa\u0142a. Gdy ju\u017c doszli\u015bmy do siebie tam z\u0142apa\u0142a i wyszepta\u0142a. Gdyby\u015b Jasiu wiedzia\u0142, &#8220;pa\u0142ka&#8221; by nie sta\u0142a. Dzi\u015b wiem co to znaczy i rozumiem czemu nie tylko terrory\u015bci si\u0119 jej bali. Ona teori\u0119 strachu zna\u0142a i jak dzi\u015b ch\u0142opaki z razwietpura przeciwko naszym politykom &#8211; j\u0105 wykorzystywa\u0142a.<\/p>\n\n\n\n<p><strong>Nadzieja<\/strong> &#8211; Pan prezydent Andrzej Duda powiedzia\u0142 podczas wieczoru  wyborczego tak; &#8220;<em>druga kadencja b\u0119dzie inna, b\u0119d\u0119 odpowiada\u0142 tylko przed Bogiem, histori\u0105 i narodem<\/em>&#8220;. Nie wiem co Pan prezydent ostatnio czyta\u0142 &#8211; bloga mojego, czy Tukidydesa ca\u0142ego &#8211; bo wygl\u0105da na kogo\u015b innego. Mo\u017ce wreszcie si\u0119 zorientuje, kto nas antagonizuje i ju\u017c nigdy \u017caden &#8220;zielony ludzik&#8221; go nie wyroluje. Ruscy prezydenta wkr\u0119cili &#8211; jako szef NATO Stoltenberg do niego zadzwonili, g\u0142upoty gadali i wyboru gratulowali. To wina pana Szczerskiego, ministra prezydenckiego. Gdy \u017ali politycy do kancelarii prezydenta si\u0119 dostali, &#8220;drugie uch&#8221; zlikwidowali. Czas to przywr\u00f3ci\u0107 &#8211; trzeba \u017ceby eksperci rozm\u00f3w g\u0142owy pa\u0144stwa s\u0142uchali i podpowiadali. <\/p>\n\n\n\n<p>S\u0142owa prezydenta, gdzie przyznaje si\u0119 do b\u0142\u0119d\u00f3w w pierwszej kadencji, to  dla mnie nadzieja, bo chyba zrozumia\u0142, \u017ce jeste\u015bmy przegrani i dalej tak ani, ani. Pom\u00f3\u017cmy mu Kochani &#8211; \u017ceby\u015bmy nie byli pokonani.<\/p>\n\n\n\n<p><\/p>\n","protected":false},"excerpt":{"rendered":"<p>Definitywnie zako\u0144czy\u0142y si\u0119 wybory prezydenckie, wygra\u0142 pan Andrzej Duda. Dla mnie te wybory zako\u0144czy\u0142y si\u0119 ju\u017c po pierwszej turze &#8211; zamie\u015bci\u0142em nawet wpis &#8220;I po wyborach&#8221; . Staram si\u0119 bowiem opisywa\u0107 rzeczywisto\u015b\u0107 z perspektywy Marysi, (wcze\u015bniejsze wpisy), a Ona zawsze m\u00f3wi\u0142a. Ludzie bez wyobra\u017ani nie mog\u0105 rz\u0105dzi\u0107, Jasiu, bo doprowadz\u0105 do katastrofy. Wed\u0142ug tej jej [&hellip;]<\/p>\n","protected":false},"author":1,"featured_media":26851,"comment_status":"open","ping_status":"open","sticky":false,"template":"","format":"standard","meta":{"_jetpack_memberships_contains_paid_content":false,"footnotes":""},"categories":[4],"tags":[638,639],"class_list":["post-26677","post","type-post","status-publish","format-standard","has-post-thumbnail","hentry","category-daty-i-fakty-blog","tag-podzieleni","tag-skloceni-i-niezadowoleni"],"jetpack_sharing_enabled":true,"jetpack_featured_media_url":"https:\/\/htb.com.pl\/wp-content\/uploads\/2020\/07\/Po-wyborach.jpg","_links":{"self":[{"href":"https:\/\/htb.com.pl\/index.php?rest_route=\/wp\/v2\/posts\/26677","targetHints":{"allow":["GET"]}}],"collection":[{"href":"https:\/\/htb.com.pl\/index.php?rest_route=\/wp\/v2\/posts"}],"about":[{"href":"https:\/\/htb.com.pl\/index.php?rest_route=\/wp\/v2\/types\/post"}],"author":[{"embeddable":true,"href":"https:\/\/htb.com.pl\/index.php?rest_route=\/wp\/v2\/users\/1"}],"replies":[{"embeddable":true,"href":"https:\/\/htb.com.pl\/index.php?rest_route=%2Fwp%2Fv2%2Fcomments&post=26677"}],"version-history":[{"count":36,"href":"https:\/\/htb.com.pl\/index.php?rest_route=\/wp\/v2\/posts\/26677\/revisions"}],"predecessor-version":[{"id":26909,"href":"https:\/\/htb.com.pl\/index.php?rest_route=\/wp\/v2\/posts\/26677\/revisions\/26909"}],"wp:featuredmedia":[{"embeddable":true,"href":"https:\/\/htb.com.pl\/index.php?rest_route=\/wp\/v2\/media\/26851"}],"wp:attachment":[{"href":"https:\/\/htb.com.pl\/index.php?rest_route=%2Fwp%2Fv2%2Fmedia&parent=26677"}],"wp:term":[{"taxonomy":"category","embeddable":true,"href":"https:\/\/htb.com.pl\/index.php?rest_route=%2Fwp%2Fv2%2Fcategories&post=26677"},{"taxonomy":"post_tag","embeddable":true,"href":"https:\/\/htb.com.pl\/index.php?rest_route=%2Fwp%2Fv2%2Ftags&post=26677"}],"curies":[{"name":"wp","href":"https:\/\/api.w.org\/{rel}","templated":true}]}}