{"id":270,"date":"2018-04-23T08:50:20","date_gmt":"2018-04-23T08:50:20","guid":{"rendered":"http:\/\/htb.com.pl\/?p=270"},"modified":"2018-04-23T10:17:13","modified_gmt":"2018-04-23T10:17:13","slug":"kara-smierci","status":"publish","type":"post","link":"https:\/\/htb.com.pl\/?p=270","title":{"rendered":"Kara \u015bmierci"},"content":{"rendered":"<div class=\"p_18_fpesjyd e_18_fpewi1u clearfix\">\n<div class=\"clearfix v_18_fpesitm\">\n<div class=\"clearfix _42ef\">\n<div class=\"c_18_fpesitl\">\n<div>\n<div class=\"_6a _5u5j\">\n<div class=\"_6a _5u5j _6b\">\n<h5 class=\"_14f3 _14f5 _5pbw _5vra\" data-ft=\"{&quot;tn&quot;:&quot;C&quot;}\"><span class=\"fwn fcg\"><span class=\"fwb fcg\" data-ft=\"{&quot;tn&quot;:&quot;;&quot;}\"><a id=\"js_es\" href=\"https:\/\/www.facebook.com\/jan.chmura.79?hc_ref=ARRNA33DWJyaq7spJdjVztTtD3qnhkLAJJvhw3R4AQ7JadkesmEeP3HQDpCC1CfKQyE&amp;fref=nf\" data-hovercard=\"\/ajax\/hovercard\/user.php?id=100001376195691&amp;extragetparams=%7B%22hc_ref%22%3A%22ARRNA33DWJyaq7spJdjVztTtD3qnhkLAJJvhw3R4AQ7JadkesmEeP3HQDpCC1CfKQyE%22%2C%22fref%22%3A%22nf%22%7D\" data-hovercard-prefer-more-content-show=\"1\" data-hovercard-referer=\"ARRNA33DWJyaq7spJdjVztTtD3qnhkLAJJvhw3R4AQ7JadkesmEeP3HQDpCC1CfKQyE\">\u00a0<\/a><\/span><\/span><\/h5>\n<div id=\"feed_subtitle_100001376195691;1660893253966532;;9\" class=\"_5pcp _5lel _2jyu _232_\">\n<p><span class=\"fsm fwn fcg\"><abbr class=\"_5ptz\" title=\"2.04.2018 15:37\" data-utime=\"1522676256\" data-shorten=\"1\"><span class=\"timestampContent\"><a class=\"_5pcq\" href=\"https:\/\/www.facebook.com\/jan.chmura.79\/posts\/1660893253966532\" target=\"\">2 kwietnia\u00a0<\/a>2018<\/span><\/abbr><\/span><\/p>\n<div id=\"u_0_15\" class=\"_6a _43_1 _4f-9 _nws _21p0 _fol\"><\/div>\n<\/div>\n<\/div>\n<\/div>\n<\/div>\n<\/div>\n<\/div>\n<\/div>\n<\/div>\n<div class=\"_5pbx userContent _3576\" data-ft=\"{&quot;tn&quot;:&quot;K&quot;}\">\n<p><img loading=\"lazy\" decoding=\"async\" class=\"alignnone size-medium wp-image-292\" src=\"http:\/\/htb.com.pl\/wp-content\/uploads\/2018\/04\/\u015bmier\u0107-1-300x160.jpg\" alt=\"\" width=\"300\" height=\"160\" srcset=\"https:\/\/htb.com.pl\/wp-content\/uploads\/2018\/04\/\u015bmier\u0107-1-300x160.jpg 300w, https:\/\/htb.com.pl\/wp-content\/uploads\/2018\/04\/\u015bmier\u0107-1.jpg 308w\" sizes=\"auto, (max-width: 300px) 100vw, 300px\" \/><br \/>\nCz\u0119sto s\u0142ysz\u0119 , \u017ce kar\u0119 \u015bmierci nale\u017cy przywr\u00f3ci\u0107. Zauwa\u017cy\u0142em, \u017ce wypowiadaj\u0105 si\u0119 tak ludzie, kt\u00f3rzy w tym samym zdaniu s\u0105 za zakazem aborcji. Obro\u0144cy \u017cycia.<br \/>\nW \u015aredniowieczu (V-XV wiek) kar\u0119 \u015bmierci stosowano zwyczajowo. By\u0142o to \u0142amanie ko\u0142em, nabijanie na pal, palenie na stosie, wieszanie.<br \/>\nII Rzeczpospolita to rozstrzelanie.<br \/>\nPRL \u2013 tu kar\u0119 \u015bmierci stosowano powszechnie. By\u0142o to rozstrzelanie a tak\u017ce powieszenie. Szczeg\u00f3lnie w okresie powojennym w procesach politycznych, mordach s\u0105dowych, mordowano ludzi kt\u00f3rzy wolno\u015b\u0107 widzieli inaczej. Mordowano przeciwnik\u00f3w politycznych. W okresie stalinowskim (1944-1956) w ponad stu wi\u0119zieniach wykonano ponad trzy i p\u00f3\u0142 tysi\u0105ca wyrok\u00f3w \u015bmierci, w zdecydowanej cz\u0119\u015bci na przeciwnikach politycznych. Po okresie stalinowskim wyroki kary \u015bmierci, opr\u00f3cz tych za mordy i gwa\u0142ty, zas\u0105dzano za przest\u0119pstwa gospodarcze. Wyroki zas\u0105dzone w stanie wojennym, uchylono. \u0141\u0105cznie w latach 1956 &#8211; 1988 wykonano w Polsce 321 wyrok\u00f3w \u015bmierci. Amnestia z 7 grudnia 1989 roku zamienia\u0142a kar\u0119 \u015bmierci na 25 lat wi\u0119zienia. W Polsce kary \u015bmierci nie wykonuje si\u0119 od 1988 (ostatni wyrok wykonano 21 kwietnia 1988 w krakowskim wi\u0119zieniu przy ul. Montelupich na Stanis\u0142awie Czaba\u0144skim skazanym za gwa\u0142t i zab\u00f3jstwo, ostatni wyrok przez rozstrzelanie za zab\u00f3jstwo na tle seksualnym wykonano w Forcie Rembertowskim w Warszawie 7 marca 1979.<br \/>\nIII RP &#8211; od 1995 obowi\u0105zywa\u0142o moratorium na wykonywanie kary \u015bmierci. 1 wrze\u015bnia 1998 kara \u015bmierci zosta\u0142a zniesiona nowo wprowadzonym kodeksem karnym z 1997 i zast\u0105piona przez do\u017cywotnie pozbawienie wolno\u015bci. Protok\u00f3\u0142 nr 13 do Europejskiej Konwencji Praw Cz\u0142owieka znosz\u0105cy kar\u0119 \u015bmierci we wszystkich okoliczno\u015bciach zosta\u0142 ratyfikowany przez prezydenta Bronis\u0142awa Komorowskiego 27 sierpnia 2013. R\u00f3wnocze\u015bnie Drugi Protok\u00f3\u0142 Fakultatywny do Mi\u0119dzynarodowego Paktu Praw Obywatelskich i Politycznych dopuszczaj\u0105cy stosowanie tej kary w czasie wojny (o ile zastrze\u017cono to przy ratyfikacji) zosta\u0142 ratyfikowany bez zastrze\u017ce\u0144.<br \/>\nZa przywr\u00f3ceniem kary \u015bmierci opowiadaj\u0105 si\u0119 raczej mniejsze ugrupowania polityczne. Celem takich deklaracji jest przypomnienie o swoim istnieniu. Jedynie raz, w pa\u017adzierniku 2004 roku, Prawo i Sprawiedliwo\u015b\u0107 zg\u0142osi\u0142o projekt przywr\u00f3cenia kary \u015bmierci. Sejm projekt odrzuci\u0142. Wi\u0105za\u0142oby si\u0119 to z wypowiedzeniem Europejskiej Konwencji Praw Cz\u0142owieka. Poparcie dla kary \u015bmierci w polskim spo\u0142ecze\u0144stwie 2004 roku wynosi\u0142o 77%, w 2016 45%.<br \/>\nPIS to nie jest ma\u0142e ugrupowanie. To bardzo du\u017cy ruch spo\u0142eczny zmanipulowany przez wywiad rosyjski do wywo\u0142ywania ba\u0142aganu w Polsce. (pisa\u0142em o tym). Ostatnio nasze kobiety pokona\u0142y machin\u0119 GRU, co mnie napawa rado\u015bci\u0105 i optymizmem. Martwi mnie natomiast co\u015b innego. Wywiad rosyjski po wyborze Jana Paw\u0142a II na Papie\u017ca zada\u0142 sobie spraw\u0119, \u017ce religia ko\u015bcio\u0142a rzymskokatolickiego w Polsce, to si\u0142\u0105, kt\u00f3rej Bre\u017cniew nie da rady. (pisa\u0142em o tym). Od tamtej pory do\u015b\u0107 konsekwentnie GRU walczy z nami katolikami. Trzeba im przyzna\u0107 \u2013 maj\u0105 sukcesy, opisywa\u0142em niekt\u00f3re. Dzi\u015b opisz\u0119 kolejny.<br \/>\n25 lutego 2018 roku w krakowskim ko\u015bciele Si\u00f3str Felicjanek, Ks. prof. Edward Stanek modli\u0142 si\u0119 o \u015bmier\u0107 dla Naszego Papie\u017ca Franciszka. Kochani \u2013 Wy, kt\u00f3rzy Matk\u0119 Boga Mari\u0119 nazywacie Maryj\u0105. Zostawcie mojego Papie\u017ca, jak si\u0119 wam nie podoba to znajd\u017acie sobie innego, ale mojego zostawcie. Nic wam nie zrobi\u0142. Ka\u017ce nam kocha\u0107 Boga i Bli\u017aniego jak siebie samego i tyle. To nic z\u0142ego.<br \/>\nAle &#8211; nie ma tego z\u0142ego co by na dobre nie wysz\u0142o. Ks, prof. Edward Stanek pokaza\u0142 Wam, \u017ce o \u015bmier\u0107 dla przeciwnika politycznego mo\u017cna si\u0119 modli\u0107. Nie trzeba go skazywa\u0107, wykonywa\u0107 egzekucji, mo\u017cna si\u0119 pomodli\u0107. To bardzo dobre rozwi\u0105zanie. I Wy i Unia Europejska b\u0119dziecie zadowoleni. Ostatnio s\u0142ysza\u0142em, \u017ce rozwa\u017cany jest projekt poselski, kt\u00f3ry umo\u017cliwi wykonanie jednego wyroku \u015bmierci na jednym z polityk\u00f3w. Jako\u015b nie mo\u017cna go inaczej pokona\u0107. Ustawa jest super, obali\u0142a Konstytucje to i Tuska obali. Tak se wymy\u015blili.<br \/>\nTomasz Komenda \u2013 cz\u0142owiek nies\u0142usznie skazany za gwa\u0142t i morderstwo na 25 lat wi\u0119zienia. Odsiedzia\u0142 18 lat. Gdyby obowi\u0105zywa\u0142a kara \u015bmierci zapewne ten m\u0142ody niewinny cz\u0142owiek dzi\u015b by nie \u017cy\u0142.<br \/>\nPanie Tomaszu, mo\u017ce si\u0119 tak zdarzy, \u017ce przeczyta Pan m\u00f3j wpis. Mam dla Pana wielki szacunek. Wiem co Pan przeszed\u0142, nie musz\u0119 sobie tego wyobra\u017ca\u0107. Jednak nie przyzna\u0142 si\u0119 Pan nigdy, do czego\u015b czego Pan nie zrobi\u0142. To zapewne pozwoli\u0142oby Panu przej\u015b\u0107 na \u201ep\u00f3\u0142otworek\u201d, mo\u017ce prac\u0119 na terenie zak\u0142adu karnego. W te przepustki, czy \u201ewarunek\u201d niech Pan nie wierzy. Nie daliby Panu. Ciesz\u0119 si\u0119, \u017ce reprezentuje Pana by\u0142y Prokurator Generalny Zbigniew \u0106wi\u0105kalski. On da rad\u0119 tym co Pana skrzywdzili. Panu \u017cycz\u0119 aby Pa\u0144ska Mama , kt\u00f3ra zawsze w Pana wierzy\u0142a, teraz ju\u017c zawsze cieszy\u0142a si\u0119 Pana szcz\u0119\u015bciem.<br \/>\nDzi\u015b trzynasta rocznica odej\u015bcia do Pana \u015awi\u0119tego Jana Paw\u0142a II. Gdy umiera\u0142 mia\u0142em nadziej\u0119, \u017ce jego nauka pozostanie. Dzi\u015b wiem, \u017ce si\u0119 myli\u0142em. Nie wiem jeszcze jak bardzo. Mam nadziej\u0119, \u017ce gorzej ju\u017c nie b\u0119dzie. Zawsze tylko ta nadzieja.<\/p>\n<\/div>\n","protected":false},"excerpt":{"rendered":"<p>\u00a0 2 kwietnia\u00a02018 Cz\u0119sto s\u0142ysz\u0119 , \u017ce kar\u0119 \u015bmierci nale\u017cy przywr\u00f3ci\u0107. Zauwa\u017cy\u0142em, \u017ce wypowiadaj\u0105 si\u0119 tak ludzie, kt\u00f3rzy w tym samym zdaniu s\u0105 za zakazem aborcji. Obro\u0144cy \u017cycia. W \u015aredniowieczu (V-XV wiek) kar\u0119 \u015bmierci stosowano zwyczajowo. By\u0142o to \u0142amanie ko\u0142em, nabijanie na pal, palenie na stosie, wieszanie. II Rzeczpospolita to rozstrzelanie. PRL \u2013 tu kar\u0119 [&hellip;]<\/p>\n","protected":false},"author":1,"featured_media":0,"comment_status":"open","ping_status":"open","sticky":false,"template":"","format":"standard","meta":{"_jetpack_memberships_contains_paid_content":false,"footnotes":""},"categories":[4],"tags":[],"class_list":["post-270","post","type-post","status-publish","format-standard","hentry","category-daty-i-fakty-blog"],"jetpack_sharing_enabled":true,"jetpack_featured_media_url":"","_links":{"self":[{"href":"https:\/\/htb.com.pl\/index.php?rest_route=\/wp\/v2\/posts\/270","targetHints":{"allow":["GET"]}}],"collection":[{"href":"https:\/\/htb.com.pl\/index.php?rest_route=\/wp\/v2\/posts"}],"about":[{"href":"https:\/\/htb.com.pl\/index.php?rest_route=\/wp\/v2\/types\/post"}],"author":[{"embeddable":true,"href":"https:\/\/htb.com.pl\/index.php?rest_route=\/wp\/v2\/users\/1"}],"replies":[{"embeddable":true,"href":"https:\/\/htb.com.pl\/index.php?rest_route=%2Fwp%2Fv2%2Fcomments&post=270"}],"version-history":[{"count":3,"href":"https:\/\/htb.com.pl\/index.php?rest_route=\/wp\/v2\/posts\/270\/revisions"}],"predecessor-version":[{"id":293,"href":"https:\/\/htb.com.pl\/index.php?rest_route=\/wp\/v2\/posts\/270\/revisions\/293"}],"wp:attachment":[{"href":"https:\/\/htb.com.pl\/index.php?rest_route=%2Fwp%2Fv2%2Fmedia&parent=270"}],"wp:term":[{"taxonomy":"category","embeddable":true,"href":"https:\/\/htb.com.pl\/index.php?rest_route=%2Fwp%2Fv2%2Fcategories&post=270"},{"taxonomy":"post_tag","embeddable":true,"href":"https:\/\/htb.com.pl\/index.php?rest_route=%2Fwp%2Fv2%2Ftags&post=270"}],"curies":[{"name":"wp","href":"https:\/\/api.w.org\/{rel}","templated":true}]}}