{"id":27082,"date":"2020-07-24T06:03:19","date_gmt":"2020-07-24T06:03:19","guid":{"rendered":"https:\/\/htb.com.pl\/?p=27082"},"modified":"2020-07-24T10:22:30","modified_gmt":"2020-07-24T10:22:30","slug":"chlopaki-z-razwietupra-wygrywaja","status":"publish","type":"post","link":"https:\/\/htb.com.pl\/?p=27082","title":{"rendered":"Ch\u0142opaki z razwietupra wygrywaj\u0105"},"content":{"rendered":"\n<figure class=\"wp-block-image size-thumbnail\"><a href=\"https:\/\/htb.com.pl\/wp-content\/uploads\/2020\/07\/Bereza-K.mp3\"><img loading=\"lazy\" decoding=\"async\" width=\"150\" height=\"150\" src=\"https:\/\/htb.com.pl\/wp-content\/uploads\/2018\/04\/posluchaj-150x150.jpg\" alt=\"\" class=\"wp-image-2020\" srcset=\"https:\/\/htb.com.pl\/wp-content\/uploads\/2018\/04\/posluchaj-150x150.jpg 150w, https:\/\/htb.com.pl\/wp-content\/uploads\/2018\/04\/posluchaj-300x300.jpg 300w, https:\/\/htb.com.pl\/wp-content\/uploads\/2018\/04\/posluchaj-100x100.jpg 100w\" sizes=\"auto, (max-width: 150px) 100vw, 150px\" \/><\/a><\/figure>\n\n\n\n<figure class=\"wp-block-image size-large\"><img loading=\"lazy\" decoding=\"async\" width=\"704\" height=\"396\" src=\"https:\/\/htb.com.pl\/wp-content\/uploads\/2020\/07\/Bereza.jpg\" alt=\"\" class=\"wp-image-27251\" srcset=\"https:\/\/htb.com.pl\/wp-content\/uploads\/2020\/07\/Bereza.jpg 704w, https:\/\/htb.com.pl\/wp-content\/uploads\/2020\/07\/Bereza-300x169.jpg 300w, https:\/\/htb.com.pl\/wp-content\/uploads\/2020\/07\/Bereza-600x338.jpg 600w\" sizes=\"auto, (max-width: 704px) 100vw, 704px\" \/><\/figure>\n\n\n\n<p>Rosjanie, a w\u0142a\u015bciwie ich agenci nie tylko Amerykanom  ale r\u00f3wnie\u017c nam prezydenta wybieraj\u0105 i wcale na tym nie poprzestaj\u0105. Londyn, stolic\u0119 Anglii i Wielkiej Brytanii &#8220;<em>Londyngradem&#8221; <\/em> ju\u017c nazywaj\u0105. Tak wygl\u0105da \u015bwiat ostatnich lat, z perspektywy Marysi, (wcze\u015bniejsze wpisy). <\/p>\n\n\n\n<p>Ona w 1986 roku o ich wywiadzie GRU m\u00f3wi\u0142a tak; Mog\u0119 sobie wyobrazi\u0107 walk\u0119 z radzieck\u0105 armi\u0105 ale z ich wywiadem nie&#8221;. Musia\u0142o min\u0105\u0107 34 lata \u017cebym to zrozumia\u0142. Rosjanie sk\u0142\u00f3caj\u0105 nas i z UE wyprowadzaj\u0105. Zatrzymano kilku polskich obywateli, w tym S\u0142awomira Nowaka, by\u0142ego polityka, kt\u00f3ry pomaga\u0142 budowa\u0107 drogi na Ukrainie. Kolejny front, to bud\u017cet UE &#8211; tu premier W\u0119gier Viktor Orban i nasz Mateusz Morawiecki dzia\u0142aj\u0105 na rzecz rozwalenia Unii Europejskiej. Nie wiem co wie Orban ale to, \u017ce pan Morawiecki nie ma poj\u0119cia. i\u017c jest cz\u0119\u015bci\u0105 planu Rosjan, jest dla mnie oczywiste. <\/p>\n\n\n\n<p>Inna oczywisto\u015b\u0107 to b\u0142\u0105d jakim by\u0142o zlikwidowanie przez premiera Tadeusza Mazowieckiego polskiej energetyki j\u0105drowej, tak wa\u017cnej dla Marysi. Odnosz\u0119 wra\u017cenie, \u017ce coraz wi\u0119cej ludzi zaczyna  rozumie\u0107, \u017ce elektrownia j\u0105drowa w \u017barnowcu, by\u0142a wa\u017cna r\u00f3wnie\u017c dla nas, a Marysia mia\u0142a racj\u0119 chc\u0105c t\u0105 inwestycj\u0119 doko\u0144czy\u0107.<\/p>\n\n\n\n<p> Po jak\u0105 choler\u0119 B\u00f3g ci j\u0105 zabra\u0142? Tak pyta\u0142 mnie ksi\u0105dz, podczas jej pogrzebu. Nie ma ju\u017c takich ksi\u0119\u017cy &#8211; dzi\u015b w wi\u0119kszo\u015bci s\u0105 to wystraszeni przez hierarch\u00f3w kap\u0142ani, dla kt\u00f3rych Ma<strong>ryj<\/strong>a jest b\u00f3stwem, bo tak m\u00f3wi o. Tadeusz Rydzyk. Nie b\u0119dziesz mia\u0142 Bog\u00f3w cudzych przede mn\u0105, m\u00f3wi\u0142 B\u00f3g, a Mari\u0119 Matk\u0119 swoj\u0105 kaza\u0142 czci\u0107 i kocha\u0107 jak swoj\u0105. Marysia to rozumia\u0142a i patrz\u0105c na  star\u0105 po\u017c\u00f3\u0142k\u0142\u0105 fotografi\u0119 tej ikony <a href=\"https:\/\/htb.com.pl\/?product=magnes-60x80-matka-boska-hodegetria\"><img loading=\"lazy\" decoding=\"async\" width=\"150\" height=\"204\" class=\"wp-image-19972\" style=\"width: 150px;\" src=\"https:\/\/htb.com.pl\/wp-content\/uploads\/2020\/03\/Matka-Boska.jpg\" alt=\"\"><\/a> , Boga do drog\u0119 pyta\u0142a. Ona rozumia\u0142a, \u017ce Maria swojego Syna Jezusa Chrystusa jako drog\u0119 wskaza\u0142a. Ikona pochodzi z cerkwi Owczary &#8211; po tym jak wygnano stamt\u0105d \u0141emk\u00f3w (Akcja Wis\u0142a) \u015bwi\u0105tynia opustosza\u0142a, a ikona do Muzeum Budownictwa Ludowego w Sanoku przeniesiona zosta\u0142a. Cykliczna impreza <strong>R\u00f3\u017caniec Marysi<\/strong> pozwala przemy\u015ble\u0107 &#8211; czy idziemy w\u0142a\u015bciw\u0105 drog\u0105. <a href=\"https:\/\/htb.com.pl\/?p=26038\">Tu link<\/a> &#8211; <strong>zapraszam. <\/strong><\/p>\n\n\n\n<p>Gdy Marysia umiera\u0142a tak mi powiedzia\u0142a.  Ja teraz odejd\u0119, znowu b\u0119d\u0119 musia\u0142 ci\u0119 zostawi\u0107 ale mo\u017ce kiedy\u015b znowu si\u0119 spotkamy &#8211; gdzie\u015b tam, mo\u017ce znowu dam ci buzi&#8230; Boj\u0119 si\u0119 tego spotkania, tak jak ba\u0142em si\u0119 gdy czeka\u0142em na ni\u0105 10 lat, od<a href=\"https:\/\/htb.com.pl\/?p=243\"> 1976<\/a> do <a href=\"https:\/\/htb.com.pl\/?p=246\">1986<\/a> roku. Wtedy wstydzi\u0142em si\u0119, \u017ce nie zrobi\u0142em studi\u00f3w, dzi\u015b wstydz\u0119 si\u0119, \u017ce nie zrobi\u0142em nic z tego o co prosi\u0142a. Ona by to zrobi\u0142a &#8211; gdyby \u017cy\u0142a, to by\u0142oby dobre, Ona si\u0119 nie myli\u0142a. Boga bowiem za po\u015brednictwem jego Matki o wskazanie drogi prosi\u0142a ale najpierw swoim wrogom wybaczy\u0142a, potem si\u0119 wyciszy\u0142a i dopiero <strong>Zdrowa\u015b Mario<\/strong> z niezwyk\u0142\u0105 estym\u0105 m\u00f3wi\u0142a. Jej r\u00f3\u017caniec to by\u0142a niezwyk\u0142a chwila, Ona w czwartej osobie si\u0119 modli\u0142a i zawsze co jest dobre, a co z\u0142e wyja\u015bni\u0142a. Spr\u00f3bujmy tak. Ona by si\u0119 cieszy\u0142a &#8211; i wybaczy\u0142a.<\/p>\n\n\n\n<p>Jest okazja aby to sprawdzi\u0107. Po jednym z najd\u0142u\u017cszych szczyt\u00f3w UE, gdzie rozmawiano o bud\u017cecie na lata 2021-27 premierzy Viktor Orban i Mateusz Morawiecki dla &#8220;swoich medi\u00f3w&#8221; zorganizowali konferencj\u0119 prasow\u0105, na kt\u00f3rej niby to przypadkiem pomylili Rad\u0119 Europejsk\u0105, gdzie mamy prawo weta z Rad\u0105 Unii Europejskiej, gdzie g\u0142osuje si\u0119 wi\u0119kszo\u015bci\u0105 zwyk\u0142a lub kwalifikowan\u0105 i to tu b\u0119d\u0105 podejmowane decyzje odno\u015bnie \u015brodk\u00f3w unijnych. Media na W\u0119grzech i w Polsce maj\u0105 m\u00f3wi\u0107, \u017ce te decyzje b\u0119dzie podejmowa\u0142a Rada Europy i jak b\u0119d\u0105 niekorzystne, b\u0119dziemy mogli je zablokowa\u0107. To prawda ale nie jest to zas\u0142ug\u0105 pana Morawieckiego, tylko Ursuli von der Leyen, przewodnicz\u0105cej Rady Europejskiej. To kobieta, jest dla nas jak matka, nie zrobi nam krzywdy, bo my jeste\u015bmy jej rodzin\u0105, jeste\u015bmy cz\u0119\u015bci\u0105 Unii Europejskiej. Dla naszych z\u0142ych polityk\u00f3w, Pani  Ursula von der Leyen jest jak z\u0142e b\u00f3stwo &#8211; wiedz\u0105, \u017ce  pogwa\u0142cili\u015bmy zasady unijnego prawodawstwa i boj\u0105 si\u0119 jej. Pani przewodnicz\u0105ca w odr\u00f3\u017cnieniu od was Kochani jest dobrym politykiem, nie mo\u017cecie ocenia\u0107 jej swoj\u0105 miar\u0105. Najwi\u0119kszy k\u0142opot ma z tym pan Zbigniew Ziobro, jeden z g\u0142\u00f3wnych architekt\u00f3w naszego bezprawia i niesprawiedliwo\u015bci. Nie wierzy ani w UE, ani w premiera Morawieckiego i w\u0142\u0105czy\u0142 si\u0119 w dyskusj\u0119. Zaznaczy\u0142, \u017ce musimy wyst\u0119powa\u0107 przeciwko UE, bo  wprowadzi nam ma\u0142\u017ce\u0144stwa homoseksualist\u00f3w. Tego UE nie mo\u017ce zrobi\u0107, bo tego nie ma w traktatach ale wsp\u00f3lny system prawny jest i Polska wst\u0119puj\u0105c do UE o tym wiedzia\u0142a i taki traktat podpisa\u0142a. Teraz Rosja zmieni\u0107 by to chcia\u0142a i za po\u015brednictwem z\u0142ych polityk\u00f3w, taki w\u0142asnie przekaz da\u0142a.  <\/p>\n\n\n\n<p>Dysonans dw\u00f3ch polityk\u00f3w Zjednoczonej Prawicy, to tak\u017ce walka o sched\u0119 po panu Jaros\u0142awie Kaczy\u0144skim, kt\u00f3ry m\u00f3wi, \u017ce ma ju\u017c do\u015b\u0107. Ostatnio kazali mu jecha\u0107 na Zamek Kr\u00f3lewski w Warszawie, gdzie pan prezydent Andrzej Duda odebra\u0142 uchwa\u0142\u0119 PKW &#8211; dokument potwierdzaj\u0105cy jego wyb\u00f3r na kolejn\u0105 kadencj\u0119. Pan Kaczy\u0144ski sp\u00f3\u017ani\u0142 si\u0119 swoim zwyczajem, pokazuj\u0105c gdzie ma majestat g\u0142owy pa\u0144stwa. On nawet jak odejdzie, dalej jak Pi\u0142sudski naczelnikiem b\u0119dzie. Teraz szuka g\u0142upiego, kt\u00f3ry zagra w t\u0105 gr\u0119 jego.  Ja tu jednak doceniam postaw\u0119 pana Kaczy\u0144skiego &#8211; w odr\u00f3\u017cnieniu od Pi\u0142sudskiego \u0142agodnie potraktowa\u0142 zdradzieckie mordy i ho\u0142ot\u0119 z kr\u0119gu sejmowego. A przecie\u017c Pi\u0142sudski jest wzorem dla pana Kaczy\u0144skiego. Nasz obecny naczelnik mo\u017ce mie\u0107 pretensje, nie rozwalono do ko\u0144ca s\u0105downictwa i  nie mo\u017ce nikogo wsadzi\u0107 do pierdla &#8211; jak Pi\u0142sudski do &#8220;Berezy Kartuskiej&#8221; &#8211; bez s\u0105du. To jego marzenie. Czas najwy\u017cszy, aby\u015bmy si\u0119 teraz nie nabrali i w\u0142a\u015bciwej drogi poszukali &#8211; \u017ceby nasze dzieci i wnuku kiedy\u015b nas nie przeklina\u0142y.<\/p>\n\n\n\n<p>Ps. Niestety nie mam w ofercie ksi\u0105\u017cki o &#8220;Berezie Kartuskiej&#8221;. Proponuj\u0119 &#8220;Wysp\u0119 W\u0119\u017cy&#8221; Ma\u0142gorzaty Szejnert. To o o innym obozie koncentracyjnym za\u0142o\u017conym przez Polak\u00f3w dla Polak\u00f3w.<\/p>\n\n\n\n<figure class=\"wp-block-image size-large\"><a href=\"https:\/\/htb.com.pl\/?product=wyspa-wezy\"><img loading=\"lazy\" decoding=\"async\" width=\"691\" height=\"1024\" src=\"https:\/\/htb.com.pl\/wp-content\/uploads\/2018\/05\/Wyspa-W\u0119\u017cy-691x1024.jpg\" alt=\"\" class=\"wp-image-416\" srcset=\"https:\/\/htb.com.pl\/wp-content\/uploads\/2018\/05\/Wyspa-W\u0119\u017cy-691x1024.jpg 691w, https:\/\/htb.com.pl\/wp-content\/uploads\/2018\/05\/Wyspa-W\u0119\u017cy-203x300.jpg 203w, https:\/\/htb.com.pl\/wp-content\/uploads\/2018\/05\/Wyspa-W\u0119\u017cy-600x889.jpg 600w, https:\/\/htb.com.pl\/wp-content\/uploads\/2018\/05\/Wyspa-W\u0119\u017cy.jpg 729w\" sizes=\"auto, (max-width: 691px) 100vw, 691px\" \/><\/a><\/figure>\n","protected":false},"excerpt":{"rendered":"<p>Rosjanie, a w\u0142a\u015bciwie ich agenci nie tylko Amerykanom ale r\u00f3wnie\u017c nam prezydenta wybieraj\u0105 i wcale na tym nie poprzestaj\u0105. Londyn, stolic\u0119 Anglii i Wielkiej Brytanii &#8220;Londyngradem&#8221; ju\u017c nazywaj\u0105. Tak wygl\u0105da \u015bwiat ostatnich lat, z perspektywy Marysi, (wcze\u015bniejsze wpisy). Ona w 1986 roku o ich wywiadzie GRU m\u00f3wi\u0142a tak; Mog\u0119 sobie wyobrazi\u0107 walk\u0119 z radzieck\u0105 armi\u0105 [&hellip;]<\/p>\n","protected":false},"author":1,"featured_media":27251,"comment_status":"open","ping_status":"open","sticky":false,"template":"","format":"standard","meta":{"_jetpack_memberships_contains_paid_content":false,"footnotes":""},"categories":[4],"tags":[643],"class_list":["post-27082","post","type-post","status-publish","format-standard","has-post-thumbnail","hentry","category-daty-i-fakty-blog","tag-budzet-unii-europejskiej"],"jetpack_sharing_enabled":true,"jetpack_featured_media_url":"https:\/\/htb.com.pl\/wp-content\/uploads\/2020\/07\/Bereza.jpg","_links":{"self":[{"href":"https:\/\/htb.com.pl\/index.php?rest_route=\/wp\/v2\/posts\/27082","targetHints":{"allow":["GET"]}}],"collection":[{"href":"https:\/\/htb.com.pl\/index.php?rest_route=\/wp\/v2\/posts"}],"about":[{"href":"https:\/\/htb.com.pl\/index.php?rest_route=\/wp\/v2\/types\/post"}],"author":[{"embeddable":true,"href":"https:\/\/htb.com.pl\/index.php?rest_route=\/wp\/v2\/users\/1"}],"replies":[{"embeddable":true,"href":"https:\/\/htb.com.pl\/index.php?rest_route=%2Fwp%2Fv2%2Fcomments&post=27082"}],"version-history":[{"count":30,"href":"https:\/\/htb.com.pl\/index.php?rest_route=\/wp\/v2\/posts\/27082\/revisions"}],"predecessor-version":[{"id":27270,"href":"https:\/\/htb.com.pl\/index.php?rest_route=\/wp\/v2\/posts\/27082\/revisions\/27270"}],"wp:featuredmedia":[{"embeddable":true,"href":"https:\/\/htb.com.pl\/index.php?rest_route=\/wp\/v2\/media\/27251"}],"wp:attachment":[{"href":"https:\/\/htb.com.pl\/index.php?rest_route=%2Fwp%2Fv2%2Fmedia&parent=27082"}],"wp:term":[{"taxonomy":"category","embeddable":true,"href":"https:\/\/htb.com.pl\/index.php?rest_route=%2Fwp%2Fv2%2Fcategories&post=27082"},{"taxonomy":"post_tag","embeddable":true,"href":"https:\/\/htb.com.pl\/index.php?rest_route=%2Fwp%2Fv2%2Ftags&post=27082"}],"curies":[{"name":"wp","href":"https:\/\/api.w.org\/{rel}","templated":true}]}}