{"id":274,"date":"2018-04-23T09:48:06","date_gmt":"2018-04-23T09:48:06","guid":{"rendered":"http:\/\/htb.com.pl\/?p=274"},"modified":"2018-12-20T17:29:09","modified_gmt":"2018-12-20T17:29:09","slug":"trojpodzial-wladzy","status":"publish","type":"post","link":"https:\/\/htb.com.pl\/?p=274","title":{"rendered":"Tr\u00f3jpodzia\u0142 w\u0142adzy"},"content":{"rendered":"<div class=\"p_18_fpesjyd e_18_fpewi1u clearfix\">\n<div class=\"clearfix v_18_fpesitm\">\n<div class=\"clearfix _42ef\">\n<div class=\"c_18_fpesitl\">\n<div>\n<div class=\"_6a _5u5j\">\n<div class=\"_6a _5u5j _6b\">\n<div id=\"feed_subtitle_100001376195691;1665884006800790;;9\" class=\"_5pcp _5lel _2jyu _232_\">\n<p><span class=\"fsm fwn fcg\"><abbr class=\"_5ptz\" title=\"7.04.2018 07:18\" data-utime=\"1523078306\" data-shorten=\"1\"><span class=\"timestampContent\"><a class=\"_5pcq\" href=\"https:\/\/www.facebook.com\/jan.chmura.79\/posts\/1665884006800790\" target=\"\">7 kwietnia<\/a>\u00a02018<\/span><\/abbr><\/span><\/p>\n<div id=\"u_0_14\" class=\"_6a _43_1 _4f-9 _nws _21p0 _fol\"><\/div>\n<\/div>\n<\/div>\n<\/div>\n<\/div>\n<\/div>\n<\/div>\n<\/div>\n<\/div>\n<div class=\"_5pbx userContent _3576\" data-ft=\"{&quot;tn&quot;:&quot;K&quot;}\">\n<p><img loading=\"lazy\" decoding=\"async\" class=\"alignnone size-full wp-image-275\" src=\"http:\/\/htb.com.pl\/wp-content\/uploads\/2018\/04\/konstytucja.jpg\" alt=\"\" width=\"279\" height=\"180\" \/><br \/>\nW\u0142adza ustawodawcza, wykonawcza i s\u0105downicza, musz\u0105 by\u0107 niezale\u017cne. Proste \u2013 dla mnie prostego cz\u0142owieka tak. Zastanawiam si\u0119 dlaczego dla wielu naszych Pos\u0142\u00f3w, ludzi wykszta\u0142conych ta prosta zasada nie jest prosta. Ukszta\u0142towa\u0142a si\u0119 w okresie O\u015bwiecenia, koniec XVII i pocz\u0105tek XIX wieku. Johan Locke a i Monteskiusz spowodowali, \u017ce Konstytucja Stan\u00f3w Zjednoczonych sta\u0142a si\u0119 wzorem dla innych takich dokument\u00f3w na ca\u0142ym \u015awiecie (1987 rok). To, \u017ce teraz w naszym kraju grupa Pos\u0142\u00f3w postanowi\u0142a odej\u015b\u0107 od tych prostych a jednocze\u015bnie sprawdzonych wzorc\u00f3w, jest dla mnie dziwne i kompletnie niezrozumia\u0142e.<br \/>\nWspomina\u0142em wcze\u015bniej, \u017ce by\u0142 w moim \u017cyciu okres, gdy pracowa\u0142em jako wolontariusz w o\u015brodku dla niepe\u0142nosprawnych m\u0119\u017cczyzn \u2013 DPS Braci Bonifratr\u00f3w w Iwoniczu. Jeden z pensjonariuszy m\u0142ody ch\u0142opak bardzo lubi\u0142 ciastka a nie lubi\u0142 chodzi\u0107. Chcia\u0142em, \u017ceby polubi\u0142 ruch, by\u0142 bowiem bardzo oty\u0142y. Mia\u0142 wad\u0119 n\u00f3g i by\u0142 niepe\u0142nosprawny intelektualnie, to komplikowa\u0142o zadanie. Kiedy\u015b w\u0142o\u017cy\u0142em do kieszeni ciastko i zaproponowa\u0142em mu spacer. Wiedzia\u0142, \u017ce jak przejdzie kawa\u0142ek dostanie ciastko. Doszli\u015bmy do kaplicy, to jakie\u015b 100 metr\u00f3w. Tam musia\u0142em mu to ciastko da\u0107. Zrozumia\u0142em, \u017ce to trzeba zrobi\u0107 inaczej ale nie wiedzia\u0142em jak. Pom\u00f3g\u0142 przypadek. Zauwa\u017cy\u0142em, \u017ce gdy czytam dla podopiecznych bajki, ich twarze staj\u0105 si\u0119 zamy\u015blone, zrozumia\u0142em, \u017ce tak mog\u0119 im pokaza\u0107 \u015bwiat. \u201eLokomotywa\u201d, czy \u201eNa straganie w dzie\u0144 targowy\u201d, to by\u0142y hity. Gdy pewnego razu o zwyczajowej porze nie usiad\u0142am z nimi do czytania, moj\u0105 rol\u0119 przej\u0105\u0142 \u201egrubas\u201d.<\/p>\n<p><a href=\"https:\/\/htb.com.pl\/?product=lokomotywa\"><img loading=\"lazy\" decoding=\"async\" class=\"size-full wp-image-503 alignleft\" src=\"https:\/\/htb.com.pl\/wp-content\/uploads\/2018\/05\/lokomotywa.jpg\" alt=\"\" width=\"200\" height=\"196\" \/><\/a><a href=\"https:\/\/htb.com.pl\/?product=510\"><img loading=\"lazy\" decoding=\"async\" class=\"size-full wp-image-511 alignright\" src=\"https:\/\/htb.com.pl\/wp-content\/uploads\/2018\/05\/na-straganie.jpg\" alt=\"\" width=\"200\" height=\"194\" \/><\/a><\/p>\n<p>Pami\u0119tam na imi\u0119 mia\u0142 Tomek. Udawa\u0142, \u017ce czyta, on nie tylko nie umia\u0142 czyta\u0107, m\u00f3wi\u0107 te\u017c nie umia\u0142. Znalaz\u0142 jednak s\u0142uchaczy. Ch\u0142opaki potrzebowali tego, potrzebowali poznawa\u0107 \u015bwiat w taki w\u0142a\u015bnie spos\u00f3b. Gdy sko\u0144czy\u0142 \u201eczytanie\u201d sam zaproponowa\u0142 spacer. Wzi\u0105\u0142em ciastko i poszed\u0142em za nim. Szed\u0142 prosto do kaplicy. Tam chwil\u0119 z nim posiedzia\u0142em, zm\u00f3wi\u0142em modlitw\u0119 i da\u0142em mu ciastko. Ten wzi\u0105\u0142 ale nie zjad\u0142. Dopiero jak wyszli\u015bmy z kaplicy da\u0142 mi kawa\u0142eczek i reszt\u0119 zjad\u0142. Zrozumia\u0142, \u017ce kaplica to wyj\u0105tkowe miejsce. Widzia\u0142 jak ja si\u0119 zachowuj\u0119, zauwa\u017cy\u0142, \u017ce darz\u0119 to miejsce szacunkiem. Poj\u0105\u0142, \u017ce ten na krzy\u017cu jest tu najwa\u017cniejszy, \u017ce w takim miejscu nie mo\u017cna je\u015b\u0107. Od tego czasu gdy chcia\u0142 mnie naci\u0105gn\u0105\u0107 na ciastko, chodzili\u015bmy na d\u0142u\u017csze spacery, ju\u017c nie do kaplicy.<br \/>\nJaki\u015b czas potem w telewizji widzia\u0142em jak jedna z Pa\u0144 Pos\u0142anek na Sali Sejmowej podczas posiedzenia jad\u0142a. To kompletny brak szacunku dla Sejmu, Marsza\u0142ka i dla nas. Bo Sejm jest jak kaplica, tyle, \u017ce \u015bwiecka. \u015awieckiej w\u0142adzy te\u017c nale\u017cy si\u0119 szacunek. Wiara katolicka to mi\u0142o\u015b\u0107 do Boga i Bli\u017aniego, w\u0142adza \u015bwiecka to tr\u00f3jpodzia\u0142, oddzielnie w\u0142adza ustawodawcza, wykonawcza i s\u0105downicza. Ukszta\u0142towa\u0142a si\u0119 w okresie O\u015bwiecenia, okresie gdzie prawdy filozoficzne by\u0142y przekazywane w bajkach, takich dla dzieci.<br \/>\nBy\u0142em kiedy\u015b na nie ca\u0142kiem formalnym spotkaniu z Pos\u0142em, kt\u00f3ry uwa\u017ca, \u017ce Konstytucja jest mniej wa\u017cna od Suwerena. Uwa\u017ca, \u017ce nie mo\u017cna ogranicza\u0107 nikogo \u017cadnymi ustawami. Jak co\u015b nie pasuje to si\u0119 pisze now\u0105 ustaw\u0119, nie patrz\u0105c na reszt\u0119. Zapyta\u0142em Pana Pos\u0142a kiedy ostatnio czyta\u0142 jak\u0105\u015b bajk\u0119. Dobrze, \u017ce ch\u0142opaki z Obrony Terytorialnej gdzie\u015b akurat pole\u017ali bo by mi po ryju dali. Tak si\u0119 go\u015b\u0107 wnerwi\u0142. Teraz jak widz\u0119 Biuro Poselskie PiS, na wszelki wypadek przechodz\u0119 na druga stron\u0119 ulicy.<br \/>\nJe\u017celi Sejm co\u015b zarz\u0105dzi to Rz\u0105d ma wykona\u0107 i tyle. Sejm nie mo\u017ce wydawa\u0107 g\u0142upich zarz\u0105dze\u0144 bo jest ograniczony Konstytucj\u0105 (powinien by\u0107). Ka\u017cdy ma swoj\u0105 robot\u0119. Ale nie &#8211; zamiast robi\u0107 swoje nasi m\u0105drale chc\u0105 si\u0119 zajmowa\u0107 s\u0105downictwem. Czyli czym\u015b o czym nie maj\u0105 zielonego poj\u0119cia. Wczoraj (03.04.2018) wesz\u0142a w \u017cycie ustawa o S\u0105dzie Najwy\u017cszym, po kilku godzinach okaza\u0142o si\u0119 ,\u017ce jest z\u0142a i trzeba j\u0105 poprawi\u0107. Przypomina mi to moj\u0105 prac\u0119. Czasem musz\u0119 naprawi\u0107 co\u015b co nie dzia\u0142a a ja nie wiem jak dzia\u0142a\u0142o jak by\u0142o dobre. Pr\u00f3buje wi\u0119c. Wcze\u015bniej jednak staram si\u0119 odnale\u017a\u0107 kogo\u015b, kto wie jak to dzia\u0142a\u0142o. Taki kto\u015b uruchomi urz\u0105dzenie bez pr\u00f3b i b\u0142\u0119d\u00f3w.<br \/>\nAmatorszczyzna w rz\u0105dzeni Polsk\u0105 to standard. Ludzie kt\u00f3rzy nie szanuj\u0105 Boga, Bli\u017aniego, Konstytucji, nie powinni bra\u0107 si\u0119 za rz\u0105dzenie. Tak sobie my\u015bl\u0119, \u017ceby to zrozumieli, to mo\u017ce w\u0142a\u015bnie bajki powinni czyta\u0107, takie dla dzieci.<br \/>\nPrawnicy \u2013 elita, szczeg\u00f3lnie ci po Prawie Karnym. Naprawd\u0119, \u017ceby by\u0107 prawnikiem to trzeba sko\u0144czy\u0107 niezwykle trudne studia, zdoby\u0107 aplikacj\u0119, to nie jest proste. Je\u017celi Pos\u0142owie my\u015bl\u0105, \u017ce bez jakiegokolwiek przygotowania prawniczego mnog\u0105 decydowa\u0107 w tych sprawach, to mo\u017ce i jako lekarze chirurdzy niech popr\u00f3buj\u0105, albo elektrycy a jeszcze lepiej saperzy. Niebezpieczne? No w\u0142a\u015bnie. \u201eNie znam si\u0119 na tych sprawach ale wiem co nale\u017cy o nich m\u00f3wi\u0107\u201d, to Bareja, klasyka. Dzi\u015b ju\u017c nieaktualna, dzisiejsza rzeczywisto\u015b\u0107 przeros\u0142a Stanis\u0142awa Barej\u0119 i jego filmy.<br \/>\nIgnacy Krasicki.(1735 \u2013 1801) pisa\u0142:<br \/>\nNi\u00f3s\u0142 \u015blepy kulawego, dobrze im si\u0119 dzia\u0142o;<br \/>\nAle \u017ce to \u015blepemu niezno\u015bne si\u0119 zda\u0142o,<br \/>\nI\u017c musia\u0142 zaw\u017cdy s\u0142ucha\u0107, co kulawy prawi,<br \/>\nWzi\u0105\u0142 kij w r\u0119k\u0119: &#8220;Ten &#8211; rzecze &#8211; z szwanku nas wybawi.&#8221;<br \/>\nId\u0105; a wtem kulawy krzyknie: &#8220;Umknij w lewo!&#8221;<br \/>\n\u015alepy wprost, i cho\u0107 z kijem, uderzy\u0142 \u0142bem w drzewo.<br \/>\nId\u0105 dalej. Kulawy przestrzega od wody;<br \/>\n\u015alepy w br\u00f3d: sakwy zmacza\u0142, nie wyszli bez szkody.<br \/>\nNa koniec przestrze\u017cony, gdy nie mija\u0142 do\u0142u,<br \/>\nI \u015blepy, i kulawy zgin\u0119li pospo\u0142u.<br \/>\nI ten winien, co kijem bezpiecze\u0144stwo mierzy\u0142,<br \/>\nI ten, co bezpiecze\u0144stwa g\u0142upiemu powierzy\u0142.<\/p>\n<p>Tym wierszem Krasicki uczy\u0142 nas rozumu w okresie O\u015bwiecenia i co? Ano &#8211; zapomnia\u0142o si\u0119. O\u015bwiecenie to te\u017c rewolucja przemys\u0142owa. Zamiast manufaktur powstawa\u0142y fabryki, gdzie poprzez odpowiednie maszyny, organizacj\u0119 produkcji tworzono wydajne linie technologiczne. To te\u017c si\u0119 nam nie podoba\u0142o, niszczono maszyny bo prac\u0119 zabiera\u0142y. Tak naprawd\u0119 dopiero w 1993 roku, gdy Leszek Balcerowicz wprowadzi\u0142 VAT \u2013 umo\u017cliwi\u0142o to wydajn\u0105 prac\u0119 takich fabryk w Polsce.<br \/>\nWielu z nas my\u015bli &#8211; co mnie obchodzi tr\u00f3jpodzia\u0142 w\u0142adzy. Szanowni Pa\u0144stwo Tomasz Komenda jako niewinny przesiedzia\u0142 za gwa\u0142t i morderstwo 18 lat. Tu trzeba wr\u00f3ci\u0107 do czas\u00f3w kiedy Pan Tomasz Komenda zosta\u0142 zmuszony do przyznania si\u0119 do czego\u015b czego nie zrobi\u0142. Rok 2001 to koniec rz\u0105d\u00f3w Akcji Wyborczej Solidarno\u015b\u0107. Dziura Bauca pisa\u0142em o tym. Ministrem Sprawiedliwo\u015bci a jednocze\u015bnie Prokuratorem Generalnym by\u0142 Pan Lech Kaczy\u0144ski. Ten co wymy\u015bli\u0142, \u017ce podejrzanych nale\u017cy zamyka\u0107 w aresztach tymczasowych. W pami\u0119ci zostanie mi te\u017c jego ostatnie powiedzenie. \u201eRuska mg\u0142a to tuman, kto si\u0119 boi lecie\u0107 w taka mg\u0142\u0119 jest jak ta mg\u0142a\u201d. On jak ka\u017cdy polityk potrzebowa\u0142 jakiegokolwiek sukcesu. \u015aledztwo w sprawie mordu na Ma\u0142gosi w podwroc\u0142awskich Ma\u0142oszycach trzeba by\u0142o zamkn\u0105\u0107. I zamkni\u0119to &#8211; prokurator kieruj\u0105cy oskar\u017cenie przeciwko Tomaszowi Komendzie nawet akt nie czyta\u0142.<br \/>\nTeraz jakim\u015b cudem ludzie ci znowu doszli do w\u0142adzy, Minister Sprawiedliwo\u015bci znowu jest Prokuratorem Generalnym \u2013 politykiem. Jak ci \u015blepcy we mgle chc\u0105 nas gdzie\u015b prowadzi\u0107. My nie jeste\u015bmy kulawi, mamy te\u017c oczy Panie Kaczy\u0144ski. Rz\u0105dzi Pan Polsk\u0105 opieraj\u0105c si\u0119 na sonda\u017cach. Czyli tak naprawd\u0119 to my Panem rz\u0105dzimy. Chc\u0119 \u017ceby Pan wiedzia\u0142, przedsi\u0119biorstwo gdzie rz\u0105dzi za\u0142oga, to przedsi\u0119biorstwo w upad\u0142o\u015bci.<\/p>\n<\/div>\n","protected":false},"excerpt":{"rendered":"<p>7 kwietnia\u00a02018 W\u0142adza ustawodawcza, wykonawcza i s\u0105downicza, musz\u0105 by\u0107 niezale\u017cne. Proste \u2013 dla mnie prostego cz\u0142owieka tak. Zastanawiam si\u0119 dlaczego dla wielu naszych Pos\u0142\u00f3w, ludzi wykszta\u0142conych ta prosta zasada nie jest prosta. Ukszta\u0142towa\u0142a si\u0119 w okresie O\u015bwiecenia, koniec XVII i pocz\u0105tek XIX wieku. Johan Locke a i Monteskiusz spowodowali, \u017ce Konstytucja Stan\u00f3w Zjednoczonych sta\u0142a si\u0119 [&hellip;]<\/p>\n","protected":false},"author":1,"featured_media":0,"comment_status":"open","ping_status":"open","sticky":false,"template":"","format":"standard","meta":{"_jetpack_memberships_contains_paid_content":false,"footnotes":""},"categories":[4],"tags":[],"class_list":["post-274","post","type-post","status-publish","format-standard","hentry","category-daty-i-fakty-blog"],"jetpack_sharing_enabled":true,"jetpack_featured_media_url":"","_links":{"self":[{"href":"https:\/\/htb.com.pl\/index.php?rest_route=\/wp\/v2\/posts\/274","targetHints":{"allow":["GET"]}}],"collection":[{"href":"https:\/\/htb.com.pl\/index.php?rest_route=\/wp\/v2\/posts"}],"about":[{"href":"https:\/\/htb.com.pl\/index.php?rest_route=\/wp\/v2\/types\/post"}],"author":[{"embeddable":true,"href":"https:\/\/htb.com.pl\/index.php?rest_route=\/wp\/v2\/users\/1"}],"replies":[{"embeddable":true,"href":"https:\/\/htb.com.pl\/index.php?rest_route=%2Fwp%2Fv2%2Fcomments&post=274"}],"version-history":[{"count":9,"href":"https:\/\/htb.com.pl\/index.php?rest_route=\/wp\/v2\/posts\/274\/revisions"}],"predecessor-version":[{"id":2753,"href":"https:\/\/htb.com.pl\/index.php?rest_route=\/wp\/v2\/posts\/274\/revisions\/2753"}],"wp:attachment":[{"href":"https:\/\/htb.com.pl\/index.php?rest_route=%2Fwp%2Fv2%2Fmedia&parent=274"}],"wp:term":[{"taxonomy":"category","embeddable":true,"href":"https:\/\/htb.com.pl\/index.php?rest_route=%2Fwp%2Fv2%2Fcategories&post=274"},{"taxonomy":"post_tag","embeddable":true,"href":"https:\/\/htb.com.pl\/index.php?rest_route=%2Fwp%2Fv2%2Ftags&post=274"}],"curies":[{"name":"wp","href":"https:\/\/api.w.org\/{rel}","templated":true}]}}