{"id":277,"date":"2018-04-23T09:53:22","date_gmt":"2018-04-23T09:53:22","guid":{"rendered":"http:\/\/htb.com.pl\/?p=277"},"modified":"2018-04-23T09:53:22","modified_gmt":"2018-04-23T09:53:22","slug":"osma-rocznica-katastrofy-smolenskiej-10-04-2010","status":"publish","type":"post","link":"https:\/\/htb.com.pl\/?p=277","title":{"rendered":"\u00d3sma rocznica Katastrofy Smole\u0144skiej (10.04.2010)"},"content":{"rendered":"<div class=\"p_18_fpesjyd e_18_fpewi1u clearfix\">\n<div class=\"clearfix v_18_fpesitm\">\n<div class=\"clearfix _42ef\">\n<div class=\"c_18_fpesitl\">\n<div>\n<div class=\"_6a _5u5j\">\n<div class=\"_6a _5u5j _6b\">\n<h5 class=\"_14f3 _14f5 _5pbw _5vra\" data-ft=\"{&quot;tn&quot;:&quot;C&quot;}\"><span class=\"fwn fcg\"><span class=\"fwb fcg\" data-ft=\"{&quot;tn&quot;:&quot;;&quot;}\">\u00a0<\/span><\/span><\/h5>\n<div id=\"feed_subtitle_100001376195691;1669091943146663;;9\" class=\"_5pcp _5lel _2jyu _232_\"><span class=\"fsm fwn fcg\"><abbr class=\"_5ptz\" title=\"10.04.2018 12:05\" data-utime=\"1523354752\" data-shorten=\"1\"><span class=\"timestampContent\"><a class=\"_5pcq\" href=\"https:\/\/www.facebook.com\/jan.chmura.79\/posts\/1669091943146663\" target=\"\">10 kwietnia\u00a0<\/a>2018<\/span><\/abbr><\/span><\/p>\n<div id=\"u_0_15\" class=\"_6a _43_1 _4f-9 _nws _21p0 _fol\">\u00a0<img loading=\"lazy\" decoding=\"async\" class=\"alignnone size-medium wp-image-278\" src=\"http:\/\/htb.com.pl\/wp-content\/uploads\/2018\/04\/pomnik-300x169.jpg\" alt=\"\" width=\"300\" height=\"169\" srcset=\"https:\/\/htb.com.pl\/wp-content\/uploads\/2018\/04\/pomnik-300x169.jpg 300w, https:\/\/htb.com.pl\/wp-content\/uploads\/2018\/04\/pomnik-600x338.jpg 600w, https:\/\/htb.com.pl\/wp-content\/uploads\/2018\/04\/pomnik-768x432.jpg 768w, https:\/\/htb.com.pl\/wp-content\/uploads\/2018\/04\/pomnik-1024x576.jpg 1024w, https:\/\/htb.com.pl\/wp-content\/uploads\/2018\/04\/pomnik.jpg 1200w\" sizes=\"auto, (max-width: 300px) 100vw, 300px\" \/><\/div>\n<\/div>\n<\/div>\n<\/div>\n<\/div>\n<\/div>\n<\/div>\n<\/div>\n<\/div>\n<div class=\"_5pbx userContent _3576\" data-ft=\"{&quot;tn&quot;:&quot;K&quot;}\">\n<p>My Polacy z jakiego\u015b powodu \u015bwi\u0119tujemy kl\u0119ski, tragedie. Nawet jak odniesiemy jakie\u015b zwyci\u0119stwo jak przemiany lat osiemdziesi\u0105tych, \u015bwi\u0119tujemy to jako kl\u0119sk\u0119. Mamy gdzie\u015b zwyci\u0119sk\u0105 Bitw\u0119 pod Grunwaldem (15 lipca 1410), czy nast\u0119pnie okres Jagiellon\u00f3w, kiedy byli\u015bmy najpot\u0119\u017cniejszym pa\u0144stwem Europy. Pisa\u0142em o tym. Gdy 7 lipca 1572 roku zmar\u0142 bezpotomnie Kr\u00f3l polski i wielki Ksi\u0105\u017c\u0119 Litwy Zygmunt II August, zako\u0144czy\u0142a si\u0119 dla Polski Epoka Jagiellon\u00f3w. Rz\u0105dzi\u0107 zacz\u0119li politycy, czyli nieszcz\u0119\u015bcie.<br \/>\nPolityk kt\u00f3ry twierdzi, \u017ce o Katyniu dowiedzia\u0142 si\u0119 z przedwojennych ksi\u0105\u017cek, nie potrafi poda\u0107 daty naszego wej\u015bcia do Unii Europejskiej, ba nawet dekady nie potrafi okre\u015bli\u0107, czy wypowiadaj\u0105c si\u0119 na forom mi\u0119dzynarodowym jednym zdaniem potrafi sk\u0142\u00f3ci\u0107 nas ze wszystkimi. To jak mo\u017cna kogo\u015b takiego okre\u015bli\u0107? Z\u0142y polityk &#8211; to moje okre\u015blenie, a to premierzy naszego rz\u0105du s\u0105!<br \/>\nCi ludzie postawili pomnik Katastrofy Smole\u0144skiej. Kilka dni temu by\u0142em w Warszawie, przez dziur\u0119 w p\u0142oci podejrza\u0142em budow\u0119 tego pomnika. Zauwa\u017cy\u0142em, \u017ce to szubienica b\u0119dzie. Pomy\u015bla\u0142em, \u017ce ruscy co robi\u0105 naszych rz\u0105dz\u0105cych w \u201ebalona\u201d maczali w tym palce. By\u0142em w\u015bciek\u0142y. Dzi\u015b widz\u0119 na zdj\u0119ciu uko\u0144czony pomnik. Nie wiem czy nie zd\u0105\u017cyli, czy co, ale na czubku schod\u00f3w nie ma szubienicy. Mo\u017ce b\u0119dzie dostawiana opcjonalnie ale nie ma. To dobrze.<br \/>\nSymbolika schod\u00f3w jest mi bliska. Opisa\u0142em te schody pisz\u0105c o Katastrofie Smole\u0144skiej. Opisa\u0142em je jako moment kluczowy. Gdyby Pani Maria Kaczy\u0144ska wchodzi\u0142a troch\u0119 wolniej po tych schodach, dowiedzia\u0142a by si\u0119, \u017ce w Smole\u0144sku mg\u0142a i nikt nigdzie by nie polecia\u0142. Nie by\u0142oby katastrofy. Schody s\u0105 wi\u0119c symbolem bardzo ale to bardzo wymownym. Jak tu napisa\u0107 co symbolizuj\u0105 \u2013 o wiem, romantyzm.<br \/>\nKiedy\u015b z Tancerk\u0105, moim anio\u0142kiem (wcze\u015bniejsze wpisy) ogl\u0105dali\u015bmy obraz Jana Matejki \u201eBitwa pod Grunwaldem\u201d(malowany w latach 1872-1878) . Tancerka zapyta\u0142a, kogo poza Jagie\u0142\u0142\u0105 uwa\u017cam na tym obrazie za najwi\u0119kszego bohatera? Wymieni\u0142em Zawisz\u0119 Czarnego. Tancerka powiedzia\u0142a, \u017ce Matejko przedstawi\u0142 go w z\u0142ym \u015bwietle. To by\u0142 rycerz turniejowy, taki chwalipi\u0119ta. Na obrazie jest przedstawiony z kopi\u0105 turniejow\u0105. Ja jednak broni\u0142em Zawiszy. Gdy dowiedzia\u0142 si\u0119 o wojnie z Krzy\u017cakami opu\u015bci\u0142 dw\u00f3r Kr\u00f3la W\u0119gier Ludwika Luks\u0119burskiego i s\u0142u\u017cy\u0142 Jagielle. By\u0142 pos\u0142em, prowadzi\u0142 zaci\u0105g najemnik\u00f3w. Wielu podobnych mu nie zdecydowa\u0142o si\u0119 na powr\u00f3t do kraju. Tancerce najbardziej spodoba\u0142 si\u0119 ten co uderza toporem i zabija Ulricha von Jungingena. To kat powiedzia\u0142em. Zacz\u0119\u0142a mnie ca\u0142owa\u0107 ale tak, \u017ce nas z muzeum wywalili. Wtedy zrozumia\u0142a, \u017ce ja cho\u0107 prostak, na \u015bwiat patrz\u0119 sercem, jak Ma\u0142y Ksi\u0105\u017c\u0119. Serce widzi to czego oczy nie widz\u0105. Popatrzcie Pa\u0144stwo na t\u0105 scen\u0119 na obrazie Matejki, top\u00f3r zabijaj\u0105cy mistrza krzy\u017cackiego to katowski top\u00f3r. Kat ma przy pasie sakiewk\u0119 sk\u00f3rzan\u0105. Tam skazany wk\u0142ada\u0142 grosik, \u017ceby kat \u015bci\u0105\u0142 jego g\u0142ow\u0119 szybko, bezbole\u015bnie.<br \/>\nTancerka, m\u00f3j anio\u0142ek to by\u0142a osoba niezwyk\u0142a, wykszta\u0142cona, bardzo inteligentna. Ja prosty tartacznik, zda\u0142em przed ni\u0105 egzamin z symboliki bitwy pod grunwaldem.<br \/>\nKto teraz jest katem a kto Zawisz\u0105 Czarnym? Dzi\u015b w \u015bwiecie rz\u0105dzonym przez polityk\u00f3w trudno o takie analogie. To zupe\u0142nie inny \u015bwiat. Marzy\u0142em, \u017ce dogonimy Jagiellon\u00f3w, by\u0142a szansa, pisa\u0142em o tym. Politycy \u2013 s\u0105 dobrzy i \u017ali. Teraz u nas rz\u0105dz\u0105 \u017ali. Jedyna szansa dla nas to odsuni\u0119cie ich od w\u0142adzy w wyborach. Nie musimy dogania\u0107 Jagiellon\u00f3w, musimy uchroni\u0107 t\u0105 nasz\u0105 Polsk\u0119 przed tym co nast\u0105pi\u0142o po Jagiellonach &#8211; przed rozbiorami. Wczoraj s\u0142ucha\u0142em w telewizji genera\u0142a Waldemara Skrzypczaka. Powiedzia\u0142, \u017ce kraj kt\u00f3ry jest sk\u0142\u00f3cony ze wszystkimi, to kraj przegrany, kraj kt\u00f3rego nie ma. To tak jak w 1939 roku zako\u0144czy\u0142 genera\u0142.<br \/>\nBoj\u0119 si\u0119, \u017ce ods\u0142aniany dzi\u015b Pomnik Katastrofy Smole\u0144skiej mo\u017ce nie przetrwa\u0107, jak wiele naszych pomnik\u00f3w. Ja jednak ciesz\u0119 si\u0119, \u017ce powsta\u0142. POMNIK NASZEGO ROMANTYZMU. Mo\u017ce wreszcie ten nasz romantyzm si\u0119 zako\u0144czy.<\/p>\n<\/div>\n","protected":false},"excerpt":{"rendered":"<p>\u00a0 10 kwietnia\u00a02018 \u00a0 My Polacy z jakiego\u015b powodu \u015bwi\u0119tujemy kl\u0119ski, tragedie. Nawet jak odniesiemy jakie\u015b zwyci\u0119stwo jak przemiany lat osiemdziesi\u0105tych, \u015bwi\u0119tujemy to jako kl\u0119sk\u0119. Mamy gdzie\u015b zwyci\u0119sk\u0105 Bitw\u0119 pod Grunwaldem (15 lipca 1410), czy nast\u0119pnie okres Jagiellon\u00f3w, kiedy byli\u015bmy najpot\u0119\u017cniejszym pa\u0144stwem Europy. Pisa\u0142em o tym. Gdy 7 lipca 1572 roku zmar\u0142 bezpotomnie Kr\u00f3l polski [&hellip;]<\/p>\n","protected":false},"author":1,"featured_media":0,"comment_status":"open","ping_status":"open","sticky":false,"template":"","format":"standard","meta":{"_jetpack_memberships_contains_paid_content":false,"footnotes":""},"categories":[4],"tags":[],"class_list":["post-277","post","type-post","status-publish","format-standard","hentry","category-daty-i-fakty-blog"],"jetpack_sharing_enabled":true,"jetpack_featured_media_url":"","_links":{"self":[{"href":"https:\/\/htb.com.pl\/index.php?rest_route=\/wp\/v2\/posts\/277","targetHints":{"allow":["GET"]}}],"collection":[{"href":"https:\/\/htb.com.pl\/index.php?rest_route=\/wp\/v2\/posts"}],"about":[{"href":"https:\/\/htb.com.pl\/index.php?rest_route=\/wp\/v2\/types\/post"}],"author":[{"embeddable":true,"href":"https:\/\/htb.com.pl\/index.php?rest_route=\/wp\/v2\/users\/1"}],"replies":[{"embeddable":true,"href":"https:\/\/htb.com.pl\/index.php?rest_route=%2Fwp%2Fv2%2Fcomments&post=277"}],"version-history":[{"count":1,"href":"https:\/\/htb.com.pl\/index.php?rest_route=\/wp\/v2\/posts\/277\/revisions"}],"predecessor-version":[{"id":279,"href":"https:\/\/htb.com.pl\/index.php?rest_route=\/wp\/v2\/posts\/277\/revisions\/279"}],"wp:attachment":[{"href":"https:\/\/htb.com.pl\/index.php?rest_route=%2Fwp%2Fv2%2Fmedia&parent=277"}],"wp:term":[{"taxonomy":"category","embeddable":true,"href":"https:\/\/htb.com.pl\/index.php?rest_route=%2Fwp%2Fv2%2Fcategories&post=277"},{"taxonomy":"post_tag","embeddable":true,"href":"https:\/\/htb.com.pl\/index.php?rest_route=%2Fwp%2Fv2%2Ftags&post=277"}],"curies":[{"name":"wp","href":"https:\/\/api.w.org\/{rel}","templated":true}]}}