{"id":2784,"date":"2018-12-24T06:57:26","date_gmt":"2018-12-24T06:57:26","guid":{"rendered":"https:\/\/htb.com.pl\/?p=2784"},"modified":"2020-12-23T06:05:47","modified_gmt":"2020-12-23T06:05:47","slug":"opowiesc-wigilijna-marysi","status":"publish","type":"post","link":"https:\/\/htb.com.pl\/?p=2784","title":{"rendered":"OPOWIE\u015a\u0106 WIGILIJNA &#8211; MARYSI"},"content":{"rendered":"<p><iframe loading=\"lazy\" src=\"https:\/\/www.youtube.com\/embed\/npb-Cb4AiHw\" width=\"853\" height=\"480\" frameborder=\"0\" allowfullscreen=\"allowfullscreen\"><\/iframe>\u015awi\u0119ta Bo\u017cego narodzenia 1986 roku sp\u0119dza\u0142em w Warszawie z moj\u0105 dziewczyn\u0105 Marysi\u0105. Opowiadali\u015bmy sobie o naszych rodzinnych tradycjach zwi\u0105zanych z Wigili\u0105. By\u0142o wiele podobie\u0144stw, Majce bardzo spodoba\u0142 si\u0119 m\u00f3j wierszyk przy \u0142amaniu op\u0142atkiem.<\/p>\n<p style=\"text-align: center;\"><em>Na szcz\u0119\u015bcie, na zdrowie.<\/em><\/p>\n<p style=\"text-align: center;\"><em>Na t\u0105 dzisiejsz\u0105 Wigili\u0119.<\/em><\/p>\n<p style=\"text-align: center;\"><em>Aby\u015bmy byli zdrowi, weseli, jak w niebie Anieli.<\/em><\/p>\n<p style=\"text-align: center;\"><em>Aby\u015bmy nast\u0119pnej Wigilii doczekali i op\u0142atkiem si\u0119 \u0142amali.<\/em><\/p>\n<p>Gdy sko\u0144czyli\u015bmy&nbsp; \u0142ama\u0107 si\u0119 op\u0142atkiem, Marysia powiedzia\u0142a to, co dzie\u0144 wcze\u015bniej, na Wigilii w moim Rodzinnym domu, us\u0142ysza\u0142em od Mamy. &#8220;Aby nasza rodzina powi\u0119kszy\u0142a si\u0119&#8221;. Majka wzi\u0119\u0142a swoj\u0105 mandolin\u0119, zagra\u0142a kilka d\u017awi\u0119k\u00f3w i ju\u017c wiedzia\u0142em, \u017ce za\u015bpiewamy &#8220;Cich\u0105 noc&#8221;, nasz\u0105 ulubion\u0105 kol\u0119d\u0119. By\u0142em zaskoczony, gdy po d\u017awi\u0119kach mandoliny, kt\u00f3re przenios\u0142y mnie w \u015bwiat wschodnich klimat\u00f3w, us\u0142ysza\u0142em jak Majka \u015bpiewa po niemiecku. Gdy sko\u0144czy\u0142a powiedzia\u0142a, \u017ce to b\u0119dzie nasza Wigilijna tradycja. Naszym dzieciom Jasiu, zawsze w Wigili\u0119 b\u0119d\u0119 opowiada\u0142a o cudzie z 1914 roku. (film) Gdy pro\u015bci \u017co\u0142nierze niemieccy i brytyjscy z\u0142o\u017cyli sobie \u015awi\u0105teczne \u017byczenia,&nbsp; zamiast do siebie strzela\u0107, co im rozkaza\u0142y rz\u0105dy ich pa\u0144stw. Te rz\u0105dy wcze\u015bniej zniszczy\u0142y elity, a to zawsze prowadzi do wojny. Teraz elity zabezpieczy\u0142y si\u0119 przed g\u0142upot\u0105 z\u0142ych polityk\u00f3w i utworzy\u0142y Rad\u0119 Europejsk\u0105. Musimy te\u017c sta\u0107 si\u0119 cz\u0142onkiem tej rady, tego Jasiu \u017cycz\u0119 nam i tej naszej Polsce.<\/p>\n<p>To \u017cyczenie Marysi spe\u0142ni\u0142o si\u0119, jeste\u015bmy cz\u0142onkiem Unii Europejskiej &#8211; ja dzi\u015b \u017cycz\u0119 Nam i Naszej Europie, aby tak zosta\u0142o.<\/p>\n\n\n<figure class=\"wp-block-embed-youtube wp-block-embed is-type-video is-provider-youtube wp-embed-aspect-16-9 wp-has-aspect-ratio\"><div class=\"wp-block-embed__wrapper\">\n<iframe loading=\"lazy\" title=\"Cicha noc po niemiecku - Stille nacht\" width=\"848\" height=\"477\" src=\"https:\/\/www.youtube.com\/embed\/IAPvbEZEPnY?feature=oembed\" frameborder=\"0\" allow=\"accelerometer; autoplay; clipboard-write; encrypted-media; gyroscope; picture-in-picture\" allowfullscreen><\/iframe>\n<\/div><\/figure>\n","protected":false},"excerpt":{"rendered":"<p>\u015awi\u0119ta Bo\u017cego narodzenia 1986 roku sp\u0119dza\u0142em w Warszawie z moj\u0105 dziewczyn\u0105 Marysi\u0105. Opowiadali\u015bmy sobie o naszych rodzinnych tradycjach zwi\u0105zanych z Wigili\u0105. By\u0142o wiele podobie\u0144stw, Majce bardzo spodoba\u0142 si\u0119 m\u00f3j wierszyk przy \u0142amaniu op\u0142atkiem. Na szcz\u0119\u015bcie, na zdrowie. Na t\u0105 dzisiejsz\u0105 Wigili\u0119. Aby\u015bmy byli zdrowi, weseli, jak w niebie Anieli. Aby\u015bmy nast\u0119pnej Wigilii doczekali i op\u0142atkiem [&hellip;]<\/p>\n","protected":false},"author":1,"featured_media":2787,"comment_status":"open","ping_status":"open","sticky":false,"template":"","format":"standard","meta":{"_jetpack_memberships_contains_paid_content":false,"footnotes":""},"categories":[4],"tags":[349,350],"class_list":["post-2784","post","type-post","status-publish","format-standard","has-post-thumbnail","hentry","category-daty-i-fakty-blog","tag-cicha-noc","tag-wigilijny-cud-z-1914-roku"],"jetpack_sharing_enabled":true,"jetpack_featured_media_url":"https:\/\/htb.com.pl\/wp-content\/uploads\/2018\/12\/flag_yellow_high.jpg","_links":{"self":[{"href":"https:\/\/htb.com.pl\/index.php?rest_route=\/wp\/v2\/posts\/2784","targetHints":{"allow":["GET"]}}],"collection":[{"href":"https:\/\/htb.com.pl\/index.php?rest_route=\/wp\/v2\/posts"}],"about":[{"href":"https:\/\/htb.com.pl\/index.php?rest_route=\/wp\/v2\/types\/post"}],"author":[{"embeddable":true,"href":"https:\/\/htb.com.pl\/index.php?rest_route=\/wp\/v2\/users\/1"}],"replies":[{"embeddable":true,"href":"https:\/\/htb.com.pl\/index.php?rest_route=%2Fwp%2Fv2%2Fcomments&post=2784"}],"version-history":[{"count":9,"href":"https:\/\/htb.com.pl\/index.php?rest_route=\/wp\/v2\/posts\/2784\/revisions"}],"predecessor-version":[{"id":34992,"href":"https:\/\/htb.com.pl\/index.php?rest_route=\/wp\/v2\/posts\/2784\/revisions\/34992"}],"wp:featuredmedia":[{"embeddable":true,"href":"https:\/\/htb.com.pl\/index.php?rest_route=\/wp\/v2\/media\/2787"}],"wp:attachment":[{"href":"https:\/\/htb.com.pl\/index.php?rest_route=%2Fwp%2Fv2%2Fmedia&parent=2784"}],"wp:term":[{"taxonomy":"category","embeddable":true,"href":"https:\/\/htb.com.pl\/index.php?rest_route=%2Fwp%2Fv2%2Fcategories&post=2784"},{"taxonomy":"post_tag","embeddable":true,"href":"https:\/\/htb.com.pl\/index.php?rest_route=%2Fwp%2Fv2%2Ftags&post=2784"}],"curies":[{"name":"wp","href":"https:\/\/api.w.org\/{rel}","templated":true}]}}