{"id":27868,"date":"2020-08-07T06:04:22","date_gmt":"2020-08-07T06:04:22","guid":{"rendered":"https:\/\/htb.com.pl\/?p=27868"},"modified":"2020-08-07T09:30:12","modified_gmt":"2020-08-07T09:30:12","slug":"zaprzysiezenie-prezydenta-rp-andrzeja-dudy","status":"publish","type":"post","link":"https:\/\/htb.com.pl\/?p=27868","title":{"rendered":"Zaprzysi\u0119\u017cenie Prezydenta RP Andrzeja Dudy"},"content":{"rendered":"\n<p><\/p>\n\n\n\n<figure class=\"wp-block-image size-large\"><img loading=\"lazy\" decoding=\"async\" width=\"680\" height=\"453\" src=\"https:\/\/htb.com.pl\/wp-content\/uploads\/2020\/08\/zaprzysi\u0119\u017cenie.jpg\" alt=\"\" class=\"wp-image-28033\" srcset=\"https:\/\/htb.com.pl\/wp-content\/uploads\/2020\/08\/zaprzysi\u0119\u017cenie.jpg 680w, https:\/\/htb.com.pl\/wp-content\/uploads\/2020\/08\/zaprzysi\u0119\u017cenie-300x200.jpg 300w, https:\/\/htb.com.pl\/wp-content\/uploads\/2020\/08\/zaprzysi\u0119\u017cenie-600x400.jpg 600w\" sizes=\"auto, (max-width: 680px) 100vw, 680px\" \/><\/figure>\n\n\n\n<p><\/p>\n\n\n\n<figure class=\"wp-block-image size-thumbnail\"><a href=\"https:\/\/htb.com.pl\/wp-content\/uploads\/2020\/08\/Zaprzysi\u0119\u017cenie-prezydenta.mp3\"><img loading=\"lazy\" decoding=\"async\" width=\"150\" height=\"150\" src=\"https:\/\/htb.com.pl\/wp-content\/uploads\/2018\/04\/posluchaj-150x150.jpg\" alt=\"\" class=\"wp-image-2020\" srcset=\"https:\/\/htb.com.pl\/wp-content\/uploads\/2018\/04\/posluchaj-150x150.jpg 150w, https:\/\/htb.com.pl\/wp-content\/uploads\/2018\/04\/posluchaj-300x300.jpg 300w, https:\/\/htb.com.pl\/wp-content\/uploads\/2018\/04\/posluchaj-100x100.jpg 100w\" sizes=\"auto, (max-width: 150px) 100vw, 150px\" \/><\/a><\/figure>\n\n\n\n<p>Po\u0142owa wakacji &#8211; zawsze stara\u0142em si\u0119 napisa\u0107 co\u015b fajnego w tym okresie. Jednak po katastrofie smole\u0144skiej w 2010 roku, kt\u00f3ra wydarzy\u0142a si\u0119 10 maja  kadencja prezydenta Lecha Kaczy\u0144skiego zosta\u0142a tragicznie przerwana i teraz wybory prezydenckie wypadaj\u0105 w okresie wakacji, a nie pod koniec pa\u017adziernika. W tym roku niestety wypad\u0142y. Niestety, bo teraz s\u0105 dwa nieszcz\u0119\u015bcia. Mamy bezprawie i koronawirusa. Katastrofa smole\u0144ska to nie tylko \u015bmier\u0107 96 os\u00f3b ale r\u00f3wnie\u017c zamach stanu. \u0179li politycy wykorzystuj\u0105c tragedi\u0119 smole\u0144sk\u0105 doszli do w\u0142adzy i obalili Konstytucj\u0119. Nie mo\u017cna si\u0119 wi\u0119c na ni\u0105 powo\u0142ywa\u0107, a robi to  wielu polityk\u00f3w opozycji. Nie zauwa\u017cyli tego, \u017ce nie nale\u017cymy ju\u017c do \u015bwiata demokratycznego. Nawet pan Leszek Miller, kt\u00f3rego okre\u015blam jako polityka dobrego, twierdzi, \u017ce wybory by\u0142y niekonstytucyjne i bojkotuje zaprzysi\u0119\u017cenie Prezydenta Naszego. Tak  Naszego &#8211; bo skoro zosta\u0142 &#8220;wybrany&#8221; jest nasz. Zaprzysi\u0119\u017cenie przez Zgromadzenie Narodowe jest niezwykle wa\u017cne &#8211; powinno \u0142\u0105czy\u0107, a nie dzieli\u0107. Mleko si\u0119 ju\u017c rozla\u0142o, teraz trzeba robi\u0107 wszystko, \u017ceby nie \u015bmierdzia\u0142o.<\/p>\n\n\n\n<p>Od lat pisz\u0119 o zamachu stanu z roku 2015, mam wra\u017cenie, \u017ce coraz wi\u0119cej ludzi zaczyna si\u0119 z tym zgadza\u0107. Teraz napisz\u0119 jak ja doszed\u0142em do tego. Listopad 2015 roku sp\u0119dza\u0142em w miejscowo\u015bci Warzyce, ko\u0142o Jas\u0142a. To fantastyczne miejsce, jak go por\u00f3wnam do poprzedniego zakwaterowania mojego. By\u0142 pi\u0105tek dwudziestego. Jeszcze przed pobudk\u0105 s\u0142ucha\u0142em na s\u0142uchawkach radia. Nagle us\u0142ysza\u0142em anio\u0142ka mojego. Marysi\u0119 o kt\u00f3rej teraz ci\u0105gle pisz\u0119. Opowiada\u0142a o hiszpa\u0144skim dyktatorze, generale Francisco Franco. M\u00f3wi\u0142a o roku 1947, gdy genera\u0142 Franco proklamowa\u0142 monarchi\u0119\u00a0\u201ekatolick\u0105, spo\u0142eczn\u0105, tradycyjn\u0105 i reprezentacyjn\u0105\u201d, sam  zrobi\u0142 si\u0119 regentem. Jego ustr\u00f3j cechowa\u0142 si\u0119 klerykalizmem i sko\u0144czy\u0142o si\u0119 to terroryzmem ETA, z kt\u00f3rym Marysia walczy\u0142a zanim do Polski wr\u00f3ci\u0142a.<\/p>\n\n\n\n<p>Nagle dzwonek &#8211; pobudka, zrozumia\u0142em, \u017ce to nie anio\u0142ka s\u0142ucha\u0142em ale &#8220;Radia Zet&#8221;. M\u00f3wili o &#8220;Ustawie z dnia 19 listopada 2015 r. o zmianie ustawy o Trybunale Konstytucyjnym. By\u0142em przera\u017cony, wiedzia\u0142em co to znaczy i wiedzia\u0142em jak to si\u0119 sko\u0144czy\u0142o w Hiszpanii.<\/p>\n\n\n\n<p>Odprawa przed wyjazdem do pracy. Funkcjonariusze siedz\u0105cy za biurkiem zwr\u00f3cili uwag\u0119, \u017ce patrz\u0119 na krzy\u017c i god\u0142o na \u015bcianie. Zapytali co si\u0119 tak gapi\u0119. Nic si\u0119  nie zmieni\u0142o, odpowiedzia\u0142em. Co si\u0119 mia\u0142o zmieni\u0107, zapytali. W nocy by\u0142 zamach stanu, odpowiedzia\u0142em. Nic nie s\u0142ysza\u0142em, powiedzia\u0142 oficer dy\u017curny. Znaczy si\u0119 uda\u0142, odpowiedzia\u0142em &#8211; \u017ale si\u0119 sta\u0142o, pomy\u015bla\u0142em. Ja ju\u017c wtedy wiedzia\u0142em, bo Marysi\u0119 zna\u0142em. Czas by\u015bmy wszyscy j\u0105 poznali i tragedi\u0119 za\u017cegnali.<\/p>\n\n\n\n<p>Ona G\u0142ow\u0119 Pa\u0144stwa szanowa\u0107 kaza\u0142a i zaprzysi\u0119\u017cenia by nie bojkotowa\u0142a, bo czym jest wojna domowa wiedzia\u0142a.<\/p>\n\n\n\n<p>Po tym jak Rumuni na wiecu poparcia dla  Nicolae Ceau\u0219escu (21 grudnia 1989 roku) zagwizdali, a potem go z\u0142apali i zamordowali, nie ma w naszej cz\u0119\u015bci Europy dyktator\u00f3w. A i bardziej na wsch\u00f3d zaczyna si\u0119 zmienia\u0107 na lepsze. Ukraina buduje demokracj\u0119, \u0141ukaszenka na Bia\u0142orusi si\u0119 chwieje, a i Putin w Rosji jako\u015b inaczej si\u0119 \u015bmieje. W Polsce te\u017c trzeba mie\u0107 nadziej\u0119, \u017ce to wszystko wydobrzeje. Trzeba jednak zrozumie\u0107, \u017ce kult jednostki to z\u0142y wz\u00f3r rz\u0105dzenia. Ci co to zrozumieli, bardzo by chcieli, \u017ceby\u015bmy i my w pokojowej Europie nadal \u017cy\u0107 umieli.<\/p>\n\n\n\n<p>6 sierpnia 2020 &#8211; Prezydent RP Andrzej Duda sk\u0142ada przysi\u0119g\u0119. Przed po\u0142\u0105czonymi izbami Sejmu i Senatu odby\u0142a si\u0119 uroczysto\u015b\u0107 bojkotowana przez opozycj\u0119. Jedynie Pan Aleksander Kwa\u015bniewski reprezentowa\u0142 tych, co na pana Andrzeja Dud\u0119 nie g\u0142osowali ale wyb\u00f3r uznali. Bo s\u0142owa Papie\u017ca Jana Paw\u0142a II zapami\u0119tali &#8211; jak m\u00f3wi\u0142. Jeden mur run\u0105\u0142 ale powsta\u0142 nast\u0119pny &#8211; mur w naszych sercach. To w\u0142a\u015bnie obalenie tego muru zostanie Aleksandrowi Kwa\u015bniewskiemu zapami\u0119tane. Pozosta\u0142ym zostanie zapami\u0119tane muru tego budowanie. <\/p>\n\n\n\n<p>Prezydent ju\u017c w pierwszych s\u0142owach po z\u0142o\u017ceniu przysi\u0119gi odwo\u0142a\u0142 si\u0119 do Boga. Wspomnia\u0142 Konstytucj\u0119 3-go Maja, gdzie sta\u0142o, \u017ce w\u0142adza pochodzi od ludu. Ta formu\u0142a sprawi\u0142a, \u017ce Polska z map Europy znikn\u0119\u0142a, oby tamta  historia si\u0119 nie powt\u00f3rzy\u0142a. Musz\u0119 przyzna\u0107, \u017ce na Placu Pi\u0142sudskiego, gdy prezydent wymienia\u0142 miejsca chwa\u0142y or\u0119\u017ca polskiego, pad\u0142y nazwy Wa\u0142u Pomorskiego, Ko\u0142obrzegu i Berlina ale nazwa Ko\u015bciuszkowcy si\u0119 nie pojawi\u0142a. Pan prezydent wspomnia\u0142 wymarsz J\u00f3zefa Pi\u0142sudskiego z krakowskich Oleandr\u00f3w 6 sierpnia 1914 roku. Rocznica by\u0142a. Dobrze \u017ce pami\u0119ta &#8211; zapomnia\u0142 tylko, \u017ce ta akcja kl\u0119sk\u0105 si\u0119 zako\u0144czy\u0142a i jedynie pi\u0119kn\u0105 pie\u015b\u0144; &#8220;My Pierwsza Brygada pozostawi\u0142a. Nast\u0119pnie pan prezydent kolejne osi\u0105gni\u0119cie Pi\u0142sudskiego wspomina. Jak na kilka dni przed Bitw\u0105 Warszawsk\u0105 13- 25 sierpnia 1920 roku plany bitwy zatwierdzi\u0142. To prawda, na dzie\u0144 przed bitw\u0105 z\u0142o\u017cy\u0142 podpis na swojej dymisji, da\u0142 premierowi Wincentemu  Witosowi i zwia\u0142. \u0179le si\u0119 sta\u0142o, \u017ce Witos mu te bazgro\u0142y odda\u0142. Do\u017co krwi si\u0119 pola\u0142o &#8211; ten kult zako\u0144czy\u0107 by si\u0119 zda\u0142o, \u017ceby znowu co\u015b si\u0119 nie sta\u0142o. <\/p>\n\n\n\n<p>Pan prezydent Andrzej Duda jest niew\u0105tpliwie dobrym cz\u0142owiekiem ale nie ma wyobra\u017ani i nie uczy si\u0119 na swoich b\u0142\u0119dach. Nawet nie zauwa\u017cy\u0142, \u017ce jako podsekretarz stanu w kancelarii prezydenta Lecha Kaczy\u0144skiego, jest wsp\u00f3\u0142odpowiedzialny za za katastrof\u0119 samolotu prezydenckiego. Pogwa\u0142cono bowiem wszelkie procedury, podobnie jak teraz, gdy wracano z Zielonej G\u00f3ry (2 lipca 2020). Samolot z prezydentem Andrzejem Dud\u0105 na pok\u0142adzie wystartowa\u0142 z lotniska Babimost k. Zielonej G\u00f3ry bez pozwolenia. Tym razem si\u0119 uda\u0142o.<\/p>\n\n\n\n<p> W Libanie si\u0119 nie uda\u0142o, bo tam ch\u0142opakom z razwietpura w 1989 roku w\u0142adz\u0119 przej\u0105\u0107 si\u0119 uda\u0142o.  4 sierpnia 2020 oku w Bejrucie (stolica Libanu) wybuch\u0142y magazyny z saletr\u0105 amonow\u0105. Prowadzono prace spawalnicze w magazynie, gdzie przechowywano 2750 ton azotanu amonu. Liba\u0144czycy to twardzi ludzie, wiele widzieli, wojn\u0119 domow\u0105 od 1975 do 2005 roku mieli ale takich zniszcze\u0144, kt\u00f3re powsta\u0142y w tak kr\u00f3tkim czasie &#8211; nie widzieli.<\/p>\n\n\n\n<p>Marysia cz\u0119sto wspomina\u0142a Liban. Jej do\u015bwiadczenia tam by\u0142y tragiczne. Opisa\u0142em kilka jej akcji, inne nie nadaj\u0105 si\u0119 do opisywania. Ale wiem z jej opowie\u015bci, \u017ce Liban przed rokiem 1975 by\u0142 nazywany Szwajcari\u0105 Biskiego Wschodu. Dopiero jak Chrze\u015bcijanie i Muzu\u0142manie wzi\u0119li si\u0119 za politykowanie i w imi\u0119 Boga zabijanie, wydawa\u0142o si\u0119, \u017ce kamie\u0144 na kamieniu tam nie zostanie. Dlatego Marysia zawsze prosi\u0142a, aby religia i polityka swoimi drogami chodzi\u0142a. Ona si\u0119 nie myli\u0142a. Czas by\u015bmy i my to zrozumieli i religie od polityki oddziela\u0107 umieli.<\/p>\n\n\n\n<p>Katastrofy i polityka zawsze chodz\u0105 w parze. Proponuje poczyta\u0107 o tym w tej ksi\u0105\u017cce. <a href=\"https:\/\/htb.com.pl\/?product=czarnobyl-instrukcje-przetrwania\"><img loading=\"lazy\" decoding=\"async\" width=\"150\" height=\"241\" class=\"wp-image-4767\" style=\"width: 150px;\" src=\"https:\/\/htb.com.pl\/wp-content\/uploads\/2019\/06\/czarnobylins.jpg\" alt=\"\" srcset=\"https:\/\/htb.com.pl\/wp-content\/uploads\/2019\/06\/czarnobylins.jpg 200w, https:\/\/htb.com.pl\/wp-content\/uploads\/2019\/06\/czarnobylins-187x300.jpg 187w\" sizes=\"auto, (max-width: 150px) 100vw, 150px\" \/><\/a> Jest tam miedzy innymi opisana najwi\u0119ksza katastrofa elektrowni atomowej na \u015bwiecie &#8211; nie, nie w Czarnobylu. Widzicie &#8211; nie wiecie. O Marysi te\u017c si\u0119 tam dowiecie. Jak w Czarnobylu dzia\u0142a\u0142a, bo kto to zrobi\u0142 dowiedzie\u0107 si\u0119 chcia\u0142a. Gdy zrozumia\u0142a, \u017ce to polityka by\u0142a &#8211; nad losem Polski zap\u0142aka\u0142a. Ona ju\u017c wiedzia\u0142a, \u017ce Francja w energetyce j\u0105drowej nas pokona\u0142a. Ale walczy\u0107 pr\u00f3bowa\u0142a, gdyby \u017cy\u0142a, na pewno by wygra\u0142a.<\/p>\n\n\n\n<p> <\/p>\n\n\n\n<p><\/p>\n","protected":false},"excerpt":{"rendered":"<p>Po\u0142owa wakacji &#8211; zawsze stara\u0142em si\u0119 napisa\u0107 co\u015b fajnego w tym okresie. Jednak po katastrofie smole\u0144skiej w 2010 roku, kt\u00f3ra wydarzy\u0142a si\u0119 10 maja kadencja prezydenta Lecha Kaczy\u0144skiego zosta\u0142a tragicznie przerwana i teraz wybory prezydenckie wypadaj\u0105 w okresie wakacji, a nie pod koniec pa\u017adziernika. W tym roku niestety wypad\u0142y. Niestety, bo teraz s\u0105 dwa nieszcz\u0119\u015bcia. [&hellip;]<\/p>\n","protected":false},"author":1,"featured_media":28033,"comment_status":"open","ping_status":"open","sticky":false,"template":"","format":"standard","meta":{"_jetpack_memberships_contains_paid_content":false,"footnotes":""},"categories":[4],"tags":[648],"class_list":["post-27868","post","type-post","status-publish","format-standard","has-post-thumbnail","hentry","category-daty-i-fakty-blog","tag-zaprzysiezenie-prezydenta-rp-andrzeja-dudy"],"jetpack_sharing_enabled":true,"jetpack_featured_media_url":"https:\/\/htb.com.pl\/wp-content\/uploads\/2020\/08\/zaprzysi\u0119\u017cenie.jpg","_links":{"self":[{"href":"https:\/\/htb.com.pl\/index.php?rest_route=\/wp\/v2\/posts\/27868","targetHints":{"allow":["GET"]}}],"collection":[{"href":"https:\/\/htb.com.pl\/index.php?rest_route=\/wp\/v2\/posts"}],"about":[{"href":"https:\/\/htb.com.pl\/index.php?rest_route=\/wp\/v2\/types\/post"}],"author":[{"embeddable":true,"href":"https:\/\/htb.com.pl\/index.php?rest_route=\/wp\/v2\/users\/1"}],"replies":[{"embeddable":true,"href":"https:\/\/htb.com.pl\/index.php?rest_route=%2Fwp%2Fv2%2Fcomments&post=27868"}],"version-history":[{"count":23,"href":"https:\/\/htb.com.pl\/index.php?rest_route=\/wp\/v2\/posts\/27868\/revisions"}],"predecessor-version":[{"id":28047,"href":"https:\/\/htb.com.pl\/index.php?rest_route=\/wp\/v2\/posts\/27868\/revisions\/28047"}],"wp:featuredmedia":[{"embeddable":true,"href":"https:\/\/htb.com.pl\/index.php?rest_route=\/wp\/v2\/media\/28033"}],"wp:attachment":[{"href":"https:\/\/htb.com.pl\/index.php?rest_route=%2Fwp%2Fv2%2Fmedia&parent=27868"}],"wp:term":[{"taxonomy":"category","embeddable":true,"href":"https:\/\/htb.com.pl\/index.php?rest_route=%2Fwp%2Fv2%2Fcategories&post=27868"},{"taxonomy":"post_tag","embeddable":true,"href":"https:\/\/htb.com.pl\/index.php?rest_route=%2Fwp%2Fv2%2Ftags&post=27868"}],"curies":[{"name":"wp","href":"https:\/\/api.w.org\/{rel}","templated":true}]}}