{"id":28227,"date":"2020-08-14T05:59:22","date_gmt":"2020-08-14T05:59:22","guid":{"rendered":"https:\/\/htb.com.pl\/?p=28227"},"modified":"2020-08-14T07:25:17","modified_gmt":"2020-08-14T07:25:17","slug":"wybory-po-bialorusku-jedziemy-na-jednym-wozku","status":"publish","type":"post","link":"https:\/\/htb.com.pl\/?p=28227","title":{"rendered":"Wybory po bia\u0142orusku &#8211; jedziemy na jednym w\u00f3zku?"},"content":{"rendered":"\n<p><\/p>\n\n\n\n<figure class=\"wp-block-image size-thumbnail\"><a href=\"https:\/\/htb.com.pl\/wp-content\/uploads\/2020\/08\/Na-jednym-w\u00f3zku.mp3\"><img loading=\"lazy\" decoding=\"async\" width=\"150\" height=\"150\" src=\"https:\/\/htb.com.pl\/wp-content\/uploads\/2018\/04\/posluchaj-150x150.jpg\" alt=\"\" class=\"wp-image-2020\" srcset=\"https:\/\/htb.com.pl\/wp-content\/uploads\/2018\/04\/posluchaj-150x150.jpg 150w, https:\/\/htb.com.pl\/wp-content\/uploads\/2018\/04\/posluchaj-300x300.jpg 300w, https:\/\/htb.com.pl\/wp-content\/uploads\/2018\/04\/posluchaj-100x100.jpg 100w\" sizes=\"auto, (max-width: 150px) 100vw, 150px\" \/><\/a><\/figure>\n\n\n\n<p>Po\u0142owa sierpnia 2020 &#8211; du\u017co z\u0142ego si\u0119 dzieje. Wielu si\u0119 z tego \u015bmieje, ja jednak wiem, \u017ce to nic \u015bmiesznego. Postrzegam bowiem te wydarzenia z perspektywy Marysi, (wcze\u015bniejsze wpisy), a z tej perspektywy s\u0105 to same nieszcz\u0119\u015bcia. Ro\u015bnie liczba zaka\u017ce\u0144 COVID-19,  w Polsce i na \u015bwiecie. Po tym jak wybrano pana Andrzeja Dud\u0119 na kolejna kadencj\u0119, w podobnych okoliczno\u015bciach prezydentem zosta\u0142 Aleksandr \u0141ukaszenko na Bia\u0142orusi. To, \u017ce skala protest\u00f3w na Bia\u0142orusi jest wi\u0119ksza jak w Polsce, wynika z poziomu zamo\u017cno\u015bci spo\u0142ecze\u0144stw. My jeste\u015bmy w Unii Europejskiej i mechanizmy wyr\u00f3wnywania poziom\u00f3w \u017cycia, kt\u00f3re maj\u0105 zapobiega\u0107 wojnom zadzia\u0142a\u0142y. Ludzie maj\u0105 za du\u017co do stracenia. Bia\u0142orusini s\u0105 poza strukturami europejskimi i tam poziom \u017cycia jest ni\u017cszy &#8211; szczeg\u00f3lnie m\u0142odzie\u017c protestuje. Oni znaj\u0105 zachodni \u015bwiat, korzystaj\u0105 z internetu, pracuj\u0105 na zachodzie &#8211; chc\u0105 \u017cy\u0107 godnie. Nie wydaje mi si\u0119, \u017ce fa\u0142szerstwa wyborcze, jakie niew\u0105tpliwie by\u0142y w Polsce i na Bia\u0142orusi mia\u0142y wp\u0142yw na wynik wybor\u00f3w. Zar\u00f3wno tam jak i u nas ludzi, kt\u00f3rzy boj\u0105 si\u0119 zmian jest wi\u0119cej i nasz wsp\u00f3lny wr\u00f3g W\u0142adimir Putin potrafi to wykorzysta\u0107.  Jest jednak r\u00f3\u017cnica. Bia\u0142orusini chce wej\u015b\u0107 do UE, polscy rz\u0105dz\u0105cy robi\u0105 wszystko, aby nas z UE wyprowadzi\u0107.<\/p>\n\n\n\n<p>Pan Ryszard  Czarnecki jest typowym przedstawicielem naszej klasy politycznej, kt\u00f3ry kompletnie nie rozumie czym jest Unia Europejska. Jako Europose\u0142 postanowi\u0142 t\u0105 uni\u0119 okra\u015b\u0107 machlacz\u0105c w kosztach dojazd\u00f3w do Brukseli. Unia to my &#8211; okrada\u0142 pan nas panie po\u015ble. Wiem jak trudno jest Polakowi zdoby\u0107 zaufanie u niemieckiego kontrahenta. Juma, kradzie\u017ce samochod\u00f3w, a teraz jeszcze taki numer polskiego Europos\u0142a nie pomagaj\u0105.<\/p>\n\n\n\n<p>Liban &#8211; to kolejna tragedia. Wybuch\u0142a saletra amonowa w portowych magazynach, w Bejrucie. Zniszczenia s\u0105 ogromne, a ten port dla Libanu jest kluczowy. Poziom \u017cycia w Libanie jest bardzo niski. Po tym jak w 1975 roku zacz\u0119li si\u0119 ze sob\u0105 bi\u0107 i sko\u0144czyli dopiero po 30-stu latach, cierpi\u0105 bied\u0119. Nie maj\u0105 nic do stracenia i protestuj\u0105. Musz\u0119 jednak przyzna\u0107, \u017ce Liba\u0144czycy maj\u0105 o wiele wi\u0119ksze standardy rz\u0105dzenia &#8211; rz\u0105d Libanu po katastrofie poda\u0142 si\u0119 do dymisji. W Polsce ludzie kt\u00f3rzy doprowadzili do katastrofy smole\u0144skiej dobrze si\u0119 maj\u0105 i nawet nie zauwa\u017caj\u0105, \u017ce to Rosjanie z nimi w <a href=\"https:\/\/htb.com.pl\/?p=214\">&#8220;szachy graj\u0105&#8221;.<\/a><\/p>\n\n\n\n<p>Ideologia &#8211; to bardzo niebezpieczna rozgrywka, \u0142\u0105czy bowiem religi\u0119 z polityk\u0105. Marysia ostrzega\u0142a przed takim \u0142\u0105czeniem. Ona widzia\u0142 do czego to prowadzi &#8211; walczy\u0142a z terrorystami w Anglii (IRA) i Hiszpanii(ETA). Ale tego co si\u0119 dzieje na polskich ulicach dzi\u015b, pewnie by nie zrozumia\u0142a. Pot\u0119piani s\u0105 ludzie LGBT spod znaku t\u0119czy, kt\u00f3ra symbolizuje przymierze Boga z lud\u017ami. Prosz\u0119 popatrze\u0107 na plakat promuj\u0105cy <a href=\"https:\/\/htb.com.pl\/?p=143\">pielgrzymk\u0119 Jana Paw\u0142a II do Polski z 1983 roku.<\/a> To s\u0142ynna na ca\u0142ym \u015bwiecie Polska Szko\u0142a Plakatu.<\/p>\n\n\n\n<figure class=\"wp-block-image size-large\"><img loading=\"lazy\" decoding=\"async\" width=\"400\" height=\"526\" src=\"https:\/\/htb.com.pl\/wp-content\/uploads\/2018\/04\/III-Pielgrzymka-JP-II.jpg\" alt=\"\" class=\"wp-image-28310\" srcset=\"https:\/\/htb.com.pl\/wp-content\/uploads\/2018\/04\/III-Pielgrzymka-JP-II.jpg 400w, https:\/\/htb.com.pl\/wp-content\/uploads\/2018\/04\/III-Pielgrzymka-JP-II-228x300.jpg 228w\" sizes=\"auto, (max-width: 400px) 100vw, 400px\" \/><\/figure>\n\n\n\n<p>Symbolika jest niezwyk\u0142a  &#8211; w\u0142a\u015bnie przymierze jest najwa\u017cniejsze. Matka Boska Hodegertia wskazuje jedynie drog\u0119 do Boga, a na samym dole mamy Jana Paw\u0142a II &#8211; przewodnika. To On podczas tej w\u0142asnie pielgrzymki wskaza\u0142 genera\u0142owi Wojciechowi Jaruzelskiemu drog\u0119. Genera\u0142 pos\u0142ucha\u0142 i pokaza\u0142 nam w\u0142a\u015bciw\u0105 drog\u0119 ale gdy odszed\u0142 zb\u0142\u0105dzili\u015bmy. Odnajd\u017amy drog\u0119 do zwyci\u0119stwa. Nasz kr\u00f3l i figury s\u0105 s\u0142abe, trzeba zrobi\u0107 wymian\u0119, niech pionek przeciwko ich hetmanowi stanie. On rozumie czym jest muru w naszych sercach obalanie, a to w\u0142a\u015bnie jest zwyci\u0119\u017canie.<\/p>\n\n\n\n<h2 class=\"wp-block-heading\">WARSZAWSKIE ZWYCI\u0118STWA<\/h2>\n\n\n\n<p><strong>13 sierpie\u0144 2020<\/strong> &#8211; setna rocznica Bitwy Warszawskiej 1920 roku (13-25 sierpnia). Mia\u0142 by\u0107 pomnik &#8211; nawet o tym pisa\u0142em i na spowolnienie mowy nienawi\u015bci nadzieje mia\u0142em. Niestety &#8211; na pomnik si\u0119 nie doczeka\u0142em, a mow\u0119 nienawi\u015bci jak umia\u0142em hamowa\u0142em. Jutro kolejna audycja <a href=\"https:\/\/htb.com.pl\/?p=18742\">HEJT BRAKE<\/a>. w <a href=\"http:\/\/radiomaria.com.pl\/\">RADIU MARIA.<\/a><\/p>\n\n\n\n<figure class=\"wp-block-image size-large\"><img loading=\"lazy\" decoding=\"async\" width=\"800\" height=\"600\" src=\"https:\/\/htb.com.pl\/wp-content\/uploads\/2020\/08\/Obro\u0144com-Warszawy.jpg\" alt=\"\" class=\"wp-image-28345\" srcset=\"https:\/\/htb.com.pl\/wp-content\/uploads\/2020\/08\/Obro\u0144com-Warszawy.jpg 800w, https:\/\/htb.com.pl\/wp-content\/uploads\/2020\/08\/Obro\u0144com-Warszawy-300x225.jpg 300w, https:\/\/htb.com.pl\/wp-content\/uploads\/2020\/08\/Obro\u0144com-Warszawy-768x576.jpg 768w, https:\/\/htb.com.pl\/wp-content\/uploads\/2020\/08\/Obro\u0144com-Warszawy-600x450.jpg 600w\" sizes=\"auto, (max-width: 800px) 100vw, 800px\" \/><\/figure>\n\n\n\n<p>Gdy przez te wszystkie miesi\u0105ce w 1986-7 roku, kiedy do Marysi, do Warszawy autobusem z Mielca doje\u017cd\u017ca\u0142em, to w\u0142a\u015bnie miejsce zapami\u0119ta\u0142em. Skrzy\u017cowanie Gr\u00f3jeckiej i Bitwy Warszawskiej 1920 r. Stoi tam <a href=\"https:\/\/pl.wikipedia.org\/wiki\/Pomnik_Barykada_Wrze%C5%9Bnia\">Pomnik Barykady Wrze\u015bnia.<\/a> To nie by\u0142o zwyci\u0119stwo ale autobus skr\u0119ca\u0142 w Ul. Bitwy Warszawskiej 1920 r. i teraz si\u0119 u\u015bmiecha\u0142em. Na Dworcu Zachodnim kwiatach dla Marysi kupowa\u0142em, Ona cz\u0119\u015b\u0107 pod pomnik Wincentego Witosa zanosi\u0142a. Dzi\u015b te\u017c tak by zrobi\u0142a &#8211; gdyby \u017cy\u0142a. Pos\u0142uchajmy jej radia, Ona by si\u0119 cieszy\u0142a.<\/p>\n\n\n\n<figure class=\"wp-block-image size-large\"><a href=\"http:\/\/stacja.radiohost.pl\/customBoxes\/link\/568\/8d5a0\/type\/aplayer2\/\"><img loading=\"lazy\" decoding=\"async\" width=\"1024\" height=\"512\" src=\"https:\/\/htb.com.pl\/wp-content\/uploads\/2020\/06\/Beethoven_top2-1-1200x600-1-1024x512.jpg\" alt=\"\" class=\"wp-image-25345\" srcset=\"https:\/\/htb.com.pl\/wp-content\/uploads\/2020\/06\/Beethoven_top2-1-1200x600-1-1024x512.jpg 1024w, https:\/\/htb.com.pl\/wp-content\/uploads\/2020\/06\/Beethoven_top2-1-1200x600-1-300x150.jpg 300w, https:\/\/htb.com.pl\/wp-content\/uploads\/2020\/06\/Beethoven_top2-1-1200x600-1-768x384.jpg 768w, https:\/\/htb.com.pl\/wp-content\/uploads\/2020\/06\/Beethoven_top2-1-1200x600-1-600x300.jpg 600w, https:\/\/htb.com.pl\/wp-content\/uploads\/2020\/06\/Beethoven_top2-1-1200x600-1.jpg 1200w\" sizes=\"auto, (max-width: 1024px) 100vw, 1024px\" \/><\/a><\/figure>\n\n\n\n<p>Da w\u0142a\u015bcicieli Gospodarstw Agroturystycznych, Lokali Gastronomicznych. Kochani &#8211; proponuj\u0119 niezwyk\u0142\u0105 reklam\u0119. Tak\u0105 na kt\u00f3r\u0105 klienci prze\u0142\u0105cz\u0105, gdy reklam\u0119 w innych mediach wy\u0142\u0105cz\u0105. Zrobimy audycj\u0119 w Waszej Firmie. Muzyk\u0119 Marysi pogramy, o Waszej ofercie porozmawiamy, po\u015bpiewamy, a na koniec marsza zagramy. <strong><a href=\"https:\/\/htb.com.pl\/?product=wywiad-sponsorowany\">TU KLIKAMY<\/a><\/strong><\/p>\n","protected":false},"excerpt":{"rendered":"<p>Po\u0142owa sierpnia 2020 &#8211; du\u017co z\u0142ego si\u0119 dzieje. Wielu si\u0119 z tego \u015bmieje, ja jednak wiem, \u017ce to nic \u015bmiesznego. Postrzegam bowiem te wydarzenia z perspektywy Marysi, (wcze\u015bniejsze wpisy), a z tej perspektywy s\u0105 to same nieszcz\u0119\u015bcia. Ro\u015bnie liczba zaka\u017ce\u0144 COVID-19, w Polsce i na \u015bwiecie. Po tym jak wybrano pana Andrzeja Dud\u0119 na kolejna [&hellip;]<\/p>\n","protected":false},"author":1,"featured_media":28310,"comment_status":"open","ping_status":"open","sticky":false,"template":"","format":"standard","meta":{"_jetpack_memberships_contains_paid_content":false,"footnotes":""},"categories":[4],"tags":[],"class_list":["post-28227","post","type-post","status-publish","format-standard","has-post-thumbnail","hentry","category-daty-i-fakty-blog"],"jetpack_sharing_enabled":true,"jetpack_featured_media_url":"https:\/\/htb.com.pl\/wp-content\/uploads\/2018\/04\/III-Pielgrzymka-JP-II.jpg","_links":{"self":[{"href":"https:\/\/htb.com.pl\/index.php?rest_route=\/wp\/v2\/posts\/28227","targetHints":{"allow":["GET"]}}],"collection":[{"href":"https:\/\/htb.com.pl\/index.php?rest_route=\/wp\/v2\/posts"}],"about":[{"href":"https:\/\/htb.com.pl\/index.php?rest_route=\/wp\/v2\/types\/post"}],"author":[{"embeddable":true,"href":"https:\/\/htb.com.pl\/index.php?rest_route=\/wp\/v2\/users\/1"}],"replies":[{"embeddable":true,"href":"https:\/\/htb.com.pl\/index.php?rest_route=%2Fwp%2Fv2%2Fcomments&post=28227"}],"version-history":[{"count":26,"href":"https:\/\/htb.com.pl\/index.php?rest_route=\/wp\/v2\/posts\/28227\/revisions"}],"predecessor-version":[{"id":28407,"href":"https:\/\/htb.com.pl\/index.php?rest_route=\/wp\/v2\/posts\/28227\/revisions\/28407"}],"wp:featuredmedia":[{"embeddable":true,"href":"https:\/\/htb.com.pl\/index.php?rest_route=\/wp\/v2\/media\/28310"}],"wp:attachment":[{"href":"https:\/\/htb.com.pl\/index.php?rest_route=%2Fwp%2Fv2%2Fmedia&parent=28227"}],"wp:term":[{"taxonomy":"category","embeddable":true,"href":"https:\/\/htb.com.pl\/index.php?rest_route=%2Fwp%2Fv2%2Fcategories&post=28227"},{"taxonomy":"post_tag","embeddable":true,"href":"https:\/\/htb.com.pl\/index.php?rest_route=%2Fwp%2Fv2%2Ftags&post=28227"}],"curies":[{"name":"wp","href":"https:\/\/api.w.org\/{rel}","templated":true}]}}