{"id":285,"date":"2018-04-23T10:07:09","date_gmt":"2018-04-23T10:07:09","guid":{"rendered":"http:\/\/htb.com.pl\/?p=285"},"modified":"2021-06-07T12:05:42","modified_gmt":"2021-06-07T12:05:42","slug":"wypadki-drogowe-ze-skutkiem-smiertelnym","status":"publish","type":"post","link":"https:\/\/htb.com.pl\/?p=285","title":{"rendered":"Wypadki drogowe ze skutkiem \u015bmiertelnym"},"content":{"rendered":"<div class=\"p_18_fpesjyd e_18_fpewi1u clearfix\">\n<div class=\"clearfix v_18_fpesitm\">\n<div class=\"clearfix _42ef\">\n<div class=\"c_18_fpesitl\">\n<div class=\"_6a _5u5j\">\n<div class=\"_6a _5u5j _6b\">\n<h5 class=\"_14f3 _14f5 _5pbw _5vra\" data-ft=\"{&quot;tn&quot;:&quot;C&quot;}\"><span class=\"fwn fcg\"><span class=\"fwb fcg\" data-ft=\"{&quot;tn&quot;:&quot;;&quot;}\">\u00a0<\/span><\/span><\/h5>\n<div id=\"feed_subtitle_100001376195691;1681388931916964;;9\" class=\"_5pcp _5lel _2jyu _232_\">\n<p><span class=\"fsm fwn fcg\"><abbr class=\"_5ptz\" title=\"21.04.2018 07:09\" data-utime=\"1524287346\" data-shorten=\"1\"><span class=\"timestampContent\"><a class=\"_5pcq\" href=\"https:\/\/www.facebook.com\/jan.chmura.79\/posts\/1681388931916964\" target=\"\" rel=\"noopener noreferrer\">21 kwietnia\u00a0<\/a>2018<\/span><\/abbr><\/span><\/p>\n<div><\/div>\n<p>\u00b7<\/p>\n<div id=\"u_0_15\" class=\"_6a _43_1 _4f-9 _nws _21p0 _fol\"><\/div>\n<\/div>\n<\/div>\n<\/div>\n<\/div>\n<\/div>\n<\/div>\n<\/div>\n<div class=\"_5pbx userContent _3576\" data-ft=\"{&quot;tn&quot;:&quot;K&quot;}\">\n<p>\u00a0<img loading=\"lazy\" decoding=\"async\" class=\"alignnone size-full wp-image-286\" src=\"http:\/\/htb.com.pl\/wp-content\/uploads\/2018\/04\/wypadek.jpg\" alt=\"\" width=\"269\" height=\"180\" \/><br \/>\nPisa\u0142em kiedy\u015b, \u017ce jak rz\u0105dz\u0105 dobrzy politycy, to nawet ceny spadaj\u0105. Tak jako\u015b jest, mamy wtedy deflacj\u0119. Teraz gdy rz\u0105dz\u0105 \u017ali politycy, ceny oczywi\u015bcie rosn\u0105. Inflacja &#8211; nawet jak obrobi si\u0119 dane kreatywn\u0105 ksi\u0119gowo\u015bci\u0105, wynosi aktualnie 1. 3 %. Nikt kto robi codzienne zakupy nie uwierzy w te dane. No ale to nie jest jeszcze to co by\u0142o w okresie przemian, gdy inflacja wynosi\u0142a 300 %. To wszystko dopiero przed nami. Pami\u0119tam wtedy by\u0142y podobne trendy w \u201erz\u0105dzeniu\u201d. Nikt nie my\u015bla\u0142 jak zarabia\u0107 tylko jak mniej da\u0107. Popiwek \u2013 podatek od ponadnormatywnych wynagrodze\u0144. Prosz\u0119 sobie wyobrazi\u0107, \u017ce \u00f3wcze\u015bni \u017ali politycy postanowili ukara\u0107 tych, co dobrze pracuj\u0105. Teraz ci co dobrze pracuj\u0105 te\u017c s\u0105 karani. Wprowadza si\u0119 im podatek powierzchniowy, solidarno\u015bciowy, zakazuje handlu w niedziele, r\u00f3\u017cnicuje podatki, a nawet sk\u0142adki ZUS. \u0179li politycy, kt\u00f3rzy aktualnie u nas rz\u0105dz\u0105 nie maj\u0105 poj\u0119cia o gospodarce, zauwa\u017cyli jednak, \u017ce gospodarka to pieni\u0105dze i to du\u017ce. Nie wiadomo sk\u0105d s\u0105 i czyje s\u0105 ale s\u0105. Postanowili sobie wzi\u0105\u0107 ile si\u0119 da, a reszt\u0119 porozdawa\u0107. Daj\u0105 nasze pieni\u0105dze z podatk\u00f3w i opowiadaj\u0105, \u017ce to oni daj\u0105. My\u015bl\u0105, \u017ce rz\u0105dzenie polega na rozdawaniu. By\u0142 ju\u017c kiedy\u015b taki \u0142ysy co wymy\u015bli\u0142, \u017ce ka\u017cdemu wed\u0142ug jego potrzeb. Teraz nasi m\u0105drale zmodyfikowali nieco t\u0105 doktryn\u0119. Ka\u017cdemu NASZEMU wed\u0142ug jego potrzeb. To te\u017c si\u0119 nie uda. Im wcze\u015bniej to zrozumiej\u0105 tym lepiej.<br \/>\nPan Jaros\u0142aw Kaczy\u0144ski tw\u00f3rca tej teorii ma naprawd\u0119 mocne podstawy, \u017ceby co\u015b takiego stworzy\u0107. Egzamin doktorski zdawa\u0142 z teorii pa\u0144stwa i prawa oraz filozofii marksistowskiej. Jego Pa\u0144stwo prawa to Polska lat siedemdziesi\u0105tych. Rok 1976, dla mnie to pami\u0119tny rok, pozna\u0142em Tancerk\u0119 i czytaj\u0105c \u201eMa\u0142ego Ksi\u0119cia\u201d zrozumia\u0142em, \u017ce\u00a0 \u015bwiat nie jest taki jak go widzimy. Pan Kaczy\u0144ski wybra\u0142 Lenina dzie\u0142a wszystkie \u2013 szkoda. Dzi\u015b za p\u00f3\u017ano na Ma\u0142ego Ksi\u0119cia. Pewnie spodoba\u0142by si\u0119 \u201eFolwark zwierz\u0119cy \u201eGeorga Orwella.<\/p>\n<p><a href=\"https:\/\/htb.com.pl\/?product=folwark-zwierzecy\"><img loading=\"lazy\" decoding=\"async\" class=\"size-medium wp-image-410 alignleft\" src=\"https:\/\/htb.com.pl\/wp-content\/uploads\/2018\/05\/folwark-orwell-okl-195x300.jpg\" alt=\"\" width=\"195\" height=\"300\" srcset=\"https:\/\/htb.com.pl\/wp-content\/uploads\/2018\/05\/folwark-orwell-okl-195x300.jpg 195w, https:\/\/htb.com.pl\/wp-content\/uploads\/2018\/05\/folwark-orwell-okl.jpg 390w\" sizes=\"auto, (max-width: 195px) 100vw, 195px\" \/><\/a><\/p>\n<p>To o \u201eNapoleonie\u201d jest. Dla polityk\u00f3w powinna to by\u0107 lektura obowi\u0105zkowa.<br \/>\nRz\u0105dz\u0105cy organizuj\u0105 jakie\u015b wybory, m\u00f3wi\u0105 o nich samorz\u0105dowe. Jako\u015b nie wierz\u0119, \u017ceby dali rad\u0119 je zorganizowa\u0107. Pami\u0119tam jak rz\u0105dzili w latach 2006 \u2013 2007 &#8211; wybudowali p\u00f3\u0142 kilometra autostrady i \u201ejebn\u0119li te robot\u0119\u201d. To moim zdaniem by\u0142o genialne posuni\u0119cie Pana Jaros\u0142awa Kaczy\u0144skiego. Dzi\u0119ki temu wybudowano w Polsce drogi, autostrady, stadiony &#8211; kraj sta\u0142 si\u0119 nowoczesny, taki prawdziwie zachodni. Potem w roku 2011 gdy mia\u0142y si\u0119 odby\u0107 kolejne wybory parlamentarne, Pan Jaros\u0142aw Kaczy\u0144ski tu\u017c przed cisz\u0105 wyborcz\u0105 zwyzywa\u0142 Pani\u0105 Merkel. To te\u017c nale\u017cy uzna\u0107 za przejaw geniuszu. Mieli\u015bmy kolejne pi\u0119\u0107 lat rozwoju kraju, nawet pomimo \u015bwiatowego kryzysu. W kolejnych wyborach 2015 roku sytuacja si\u0119 zmieni\u0142a. Z\u0142ym politykom potrzebne by\u0142y pieni\u0105dze. Trzeba by\u0142o sporo da\u0107 ojcu Tadeuszowi Rydzykowi, a i wielu nowych kandydat\u00f3w na z\u0142ych polityk\u00f3w pojawi\u0142o si\u0119 w szeregach PiS &#8211; u. Dw\u00f3ch najwa\u017cniejszych polityk\u00f3w tego ugrupowania, Pan\u00f3w Macierewicza i Kaczy\u0144skiego\u00a0 schowano i PiS wygra\u0142, dosta\u0142 prawie 40% g\u0142os\u00f3w. Wkr\u00f3tce, Pan Jaros\u0142aw Kaczy\u0144ski bardzo tego po\u017ca\u0142owa\u0142, musia\u0142 biedny wstawa\u0107 rano do roboty. Jego ludzie o rz\u0105dzeniu krajem nie mieli zielonego poj\u0119cia. Szybko zmieniono tryb pracy Sejmu RP, obradowano nocami i Pan Kaczy\u0144ski m\u00f3g\u0142 swoim ludziom pom\u00f3c. Te\u017c nie wie o co w tym wszystkim chodzi ale ma przecie\u017c doktorat z marksizmu i leninizmu. Wzi\u0105\u0142 stare notatki i do roboty. Zlikwidowa\u0142 Konstytucj\u0119, chcia\u0142 jeszcze zlikwidowa\u0107 Niezale\u017cny Wymiar Sprawiedliwo\u015bci ale co\u015b \u017ale posz\u0142o. S\u0119dziowie jeszcze \u201edychaj\u0105\u201d. Ostatnio widzia\u0142em jak si\u0119 chwali\u0142, \u017ce pomnik zbudowa\u0142. Ale to chyba nie jest sko\u0144czone, jeszcze, musi kto\u015b w\u0142azi\u0107 po tych schodach. Doko\u0144czcie sobie i odpu\u015b\u0107cie. Jest bowiem problem. Powa\u017cny \u2013 na naszych drogach gin\u0105 ludzie.<br \/>\nW roku 2016 liczba wypadk\u00f3w \u015bmiertelnych na drogach w Unii Europejskiej spad\u0142a o 2 %., natomiast w Polsce wzros\u0142a o 2 %. Ten negatywny trend wyst\u0105pi\u0142 w naszym kraju po raz pierwszy od pi\u0119ciu lat. Gdy we\u017amiemy dane z lat 2010 i 2015 liczba wypadk\u00f3w \u015bmiertelnych na naszych drogach spad\u0142a o 23 %. Skoro tak spada\u0142o, to czemu po doj\u015bciu Pis-u do w\u0142adzy wzros\u0142o? Dla mnie prostego cz\u0142owieka przyczyna jest oczywista. Rz\u0105dz\u0105cy pokazali, \u017ce wszelkie przepisy nale\u017cy mie\u0107 w du..e. Ta \u201efilozofia\u201d doprowadzi\u0142a do Katastrofy Smole\u0144skiej. Na naszych drogach taka katastrofa jest co kwarta\u0142. Co maj\u0105 powiedzie\u0107 ci, kt\u00f3rym bliskich pozabijali durnie, dla kt\u00f3rych zasady ruchu drogowego s\u0105 po to, \u017ceby je \u0142ama\u0107. Wprowadzono zasad\u0119, \u017ce zabiera si\u0119 prawo jazdy jak kto\u015b przekroczy dozwolona pr\u0119dko\u015b\u0107 o 50 km\/h w terenie zabudowanym &#8211; i co? Liczba wypadk\u00f3w \u015bmiertelnych wzros\u0142a. Zaostrzanie przepis\u00f3w nic nie da. Potrzebna jest edukacja, wychowanie oparte na autorytetach. Tylko kto\u015b kto ma autorytet, mo\u017ce nauczy\u0107 poszanowania Konstytucji, prawa, porz\u0105dku. No ale autorytet\u00f3w chwilowo brak &#8211; wysz\u0142y. Mo\u017ce wi\u0119c przestrzegajmy przepis\u00f3w drogowych tak dla siebie. Nie czekajmy a\u017c nas kto\u015b tego nauczy.<br \/>\nW terenie zabudowanym dozwolona pr\u0119dko\u015b\u0107 to 50 km\/h. Bardzo trudno tak jecha\u0107. Tamujemy ruch, wszyscy bowiem jad\u0105 70 km\/h, z przyzwyczajenia. Kiedy\u015b nic si\u0119 nie dzia\u0142o, piesi czekali przed przej\u015bciem. Teraz wchodz\u0105, wje\u017cd\u017caj\u0105 rowerami &#8211; to zupe\u0142nie inna droga jest. W Niemczech ma\u0142e miejscowo\u015bci cz\u0119sto na g\u0142\u00f3wnej ulicy maj\u0105 tak zorganizowany ruch, \u017ce nie da si\u0119 jecha\u0107 szybko. Na \u015brodku ulicy s\u0105 wysepki, kt\u00f3re trzeba omija\u0107. Przy wje\u017adzie do Mielca od strony Tarnobrzega by\u0142o co\u015b podobnego. Mieszkam obok i obserwowa\u0142em jak wielu kierowc\u00f3w pourywa\u0142o zawieszenie w tym miejscu. Teraz kraw\u0119\u017cnik przesuni\u0119to, znowu mo\u017cna w terenie zabudowanym jecha\u0107 \u201eset\u0105\u201d i nic si\u0119 nie stanie \u2013 zawieszeniu si\u0119 nie stanie. Przed modernizacj\u0105 tego odcinka w ci\u0105gu dwudziestu lat zgin\u0119\u0142o tam ponad 20 os\u00f3b. Po modernizacji w 2010 roku odpuka\u0107 nikt nie zgin\u0105\u0142. Mo\u017ce ten kraw\u0119\u017cnik nale\u017ca\u0142o zostawi\u0107?<br \/>\n\u015amier\u0107 bliskiej osoby to zawsze tragedia. \u015amier\u0107 na drodze to straszna tragedia, straszna bo nie musia\u0142o tak by\u0107. Ka\u017cdego dnia na polskich drogach ginie prawie 10 os\u00f3b, 4 z nich gin\u0105 z winy z\u0142ych polityk\u00f3w!<br \/>\nJako\u015b nie wierz\u0119 \u017ceby rz\u0105dz\u0105cy dali rad\u0119 zorganizowa\u0107 wybory samorz\u0105dowe, ale gdyby im si\u0119 jakim\u015b cudem uda\u0142o, popatrzcie na listy wyborcze. Nie g\u0142osujcie na tych co Matk\u0119 Boga Mari\u0119, Maryj\u0105 nazywaj\u0105. B\u0119dzie lepiej, zobaczycie.<\/p>\n<\/div>\n","protected":false},"excerpt":{"rendered":"<p>\u00a0 21 kwietnia\u00a02018 \u00b7 \u00a0 Pisa\u0142em kiedy\u015b, \u017ce jak rz\u0105dz\u0105 dobrzy politycy, to nawet ceny spadaj\u0105. Tak jako\u015b jest, mamy wtedy deflacj\u0119. Teraz gdy rz\u0105dz\u0105 \u017ali politycy, ceny oczywi\u015bcie rosn\u0105. Inflacja &#8211; nawet jak obrobi si\u0119 dane kreatywn\u0105 ksi\u0119gowo\u015bci\u0105, wynosi aktualnie 1. 3 %. Nikt kto robi codzienne zakupy nie uwierzy w te dane. No [&hellip;]<\/p>\n","protected":false},"author":1,"featured_media":0,"comment_status":"open","ping_status":"open","sticky":false,"template":"","format":"standard","meta":{"_jetpack_memberships_contains_paid_content":false,"footnotes":""},"categories":[4],"tags":[],"class_list":["post-285","post","type-post","status-publish","format-standard","hentry","category-daty-i-fakty-blog"],"jetpack_sharing_enabled":true,"jetpack_featured_media_url":"","_links":{"self":[{"href":"https:\/\/htb.com.pl\/index.php?rest_route=\/wp\/v2\/posts\/285","targetHints":{"allow":["GET"]}}],"collection":[{"href":"https:\/\/htb.com.pl\/index.php?rest_route=\/wp\/v2\/posts"}],"about":[{"href":"https:\/\/htb.com.pl\/index.php?rest_route=\/wp\/v2\/types\/post"}],"author":[{"embeddable":true,"href":"https:\/\/htb.com.pl\/index.php?rest_route=\/wp\/v2\/users\/1"}],"replies":[{"embeddable":true,"href":"https:\/\/htb.com.pl\/index.php?rest_route=%2Fwp%2Fv2%2Fcomments&post=285"}],"version-history":[{"count":5,"href":"https:\/\/htb.com.pl\/index.php?rest_route=\/wp\/v2\/posts\/285\/revisions"}],"predecessor-version":[{"id":46717,"href":"https:\/\/htb.com.pl\/index.php?rest_route=\/wp\/v2\/posts\/285\/revisions\/46717"}],"wp:attachment":[{"href":"https:\/\/htb.com.pl\/index.php?rest_route=%2Fwp%2Fv2%2Fmedia&parent=285"}],"wp:term":[{"taxonomy":"category","embeddable":true,"href":"https:\/\/htb.com.pl\/index.php?rest_route=%2Fwp%2Fv2%2Fcategories&post=285"},{"taxonomy":"post_tag","embeddable":true,"href":"https:\/\/htb.com.pl\/index.php?rest_route=%2Fwp%2Fv2%2Ftags&post=285"}],"curies":[{"name":"wp","href":"https:\/\/api.w.org\/{rel}","templated":true}]}}