{"id":2864,"date":"2019-01-02T07:04:45","date_gmt":"2019-01-02T07:04:45","guid":{"rendered":"https:\/\/htb.com.pl\/?p=2864"},"modified":"2020-07-27T15:43:15","modified_gmt":"2020-07-27T15:43:15","slug":"in-veritate-zmarl-biskup-tadeusz-pieronek","status":"publish","type":"post","link":"https:\/\/htb.com.pl\/?p=2864","title":{"rendered":"&#8220;In Veritate&#8221; Zmar\u0142 Biskup Tadeusz Pieronek"},"content":{"rendered":"<p><img loading=\"lazy\" decoding=\"async\" class=\"alignnone size-medium wp-image-2872\" src=\"https:\/\/htb.com.pl\/wp-content\/uploads\/2019\/01\/Biskup-300x169.jpg\" alt=\"\" width=\"300\" height=\"169\" srcset=\"https:\/\/htb.com.pl\/wp-content\/uploads\/2019\/01\/Biskup-300x169.jpg 300w, https:\/\/htb.com.pl\/wp-content\/uploads\/2019\/01\/Biskup.jpg 768w, https:\/\/htb.com.pl\/wp-content\/uploads\/2019\/01\/Biskup-600x338.jpg 600w\" sizes=\"auto, (max-width: 300px) 100vw, 300px\" \/><\/p>\n<p>27 grudnia 2018 roku w wieku 84 lat odszed\u0142 Biskup Tadeusz Pieronek. By\u0142 dla mnie niezwyk\u0142ym pasterzem, <a href=\"https:\/\/htb.com.pl\/?p=148\">to jego wymieni\u0142em jako tego, kt\u00f3ry daje nadziej\u0119<\/a>. By\u0142\u00a0 przedstawicielem mojego ko\u015bcio\u0142a, kt\u00f3ry sobie nazwa\u0142em &#8220;In Veritate&#8221; z \u0142ac. w prawdzie, to dewiza Biskupia Pieronka. Stosowa\u0142 j\u0105, gdy w swoim stylu m\u00f3wi\u0142 o trudnych faktach naszej rzeczywisto\u015bci. M\u00f3wi\u0142 prawd\u0119, a ta nie zawsze jest przyjmowana. czasem boli &#8211; nie lubimy b\u00f3lu, wi\u0119c go odrzucamy. Wolimy s\u0142ucha\u0107 jacy to jeste\u015bmy wspaniali a to, \u017ce co\u015b nam nie wysz\u0142o, to wina innych. To nie jest prawda &#8211; wiemy to ale lubimy \u017cy\u0107 w k\u0142amstwie. S\u0142uchaj\u0105c Biskupa Tadeusza Pieronka, stara\u0142em si\u0119 polubi\u0107 prawd\u0119, nawet t\u0105, kt\u00f3ra boli.<\/p>\n<p>30 grudnia by\u0142a niedziela, z moj\u0105 \u017bon\u0105 Dorotk\u0105 poszli\u015bmy do naszego Ko\u015bcio\u0142a \u015awi\u0119tego Ducha w Mielcu. Jeszcze przed msz\u0105 modli\u0142em si\u0119 za dusz\u0119 zmar\u0142ego Biskupa. Pierwsza niedziela po Bo\u017cym Narodzeniu, to niedziela \u015awi\u0119tej Rodziny. W tym roku wypad\u0142a w dniu 30 grudnia, a to dzie\u0144 naszego \u015blubu &#8211; 29 rocznica. Odnowienie przyrzecze\u0144 ma\u0142\u017ce\u0144skich, by\u0142o dla nas naprawd\u0119 wzruszaj\u0105ce. Ja jednak czeka\u0142em na modlitw\u0119 za Biskupa Tadeusza Pieronka.\u00a0 Nie doczeka\u0142em si\u0119&#8230;<\/p>\n<p>Gdy po mszy opuszcza\u0142em \u015bwi\u0105tyni\u0119 patrzy\u0142em na wychodz\u0105cych ludzi i my\u015bla\u0142am &#8211; czemu tu jego \u015bmier\u0107 przesz\u0142a bez echa? Czas jest \u015bwi\u0105teczny, radosny, dlatego mog\u0119 zrozumie\u0107 ludzi ale ksi\u0105dz odprawiaj\u0105cy msz\u0119 powinien pami\u0119ta\u0107 o tym niezwyk\u0142ym cz\u0142owieku. Niezwyk\u0142ym, bo m\u00f3wienie prawdy, to nie jest dzi\u015b norma. Zacz\u0105\u0142em si\u0119 zastanawia\u0107 kiedy pierwszy raz us\u0142ysza\u0142em o Pieronku\u00a0 i tu eureka &#8211; zrozumia\u0142em wszystko. To Marysia opowiada\u0142a mi o nim &#8211; chwali\u0142a si\u0119, \u017ce studiowa\u0142a we W\u0142oszech filozofie na tej samej uczelni co Pieronek prawo, na Papieskim Uniwersytecie Latera\u0144skim w Rzymie. Zapami\u0119ta\u0142em, bo m\u00f3wi\u0142a o nim dobrze, a zwykle o duchownych m\u00f3wi\u0142a \u017ale. By\u0142 rok 1985,\u00a0 wiedzia\u0142a, \u017ce Pieronek wyk\u0142ada\u00a0 Prawo Kanoniczne na Akademii \u015awi\u0119tego Krzy\u017ca w Rzymie. Chcia\u0142a go pozna\u0107 bli\u017cej, nadarzy\u0142a si\u0119 okazja podczas lotu do Polski z W\u0142och, by\u0142 to czas, gdy zajmowa\u0142a si\u0119 spraw\u0105 mordu na Ksi\u0119dzu Jerzym Popie\u0142uszce. Na jedn\u0105 z misji lecia\u0142a z dwoma lud\u017ami, przy kt\u00f3rych terrory\u015bci z ETA to anio\u0142ki. Kaza\u0142a im trzyma\u0107 si\u0119 z boku, a sama pr\u00f3bowa\u0142a zagada\u0107 ksi\u0119dza. Wtedy jeden z jej ludzi podszed\u0142 i zameldowa\u0142, \u017ce duchowny ma &#8220;opiek\u0119&#8221;. Postanowi\u0142a sprawdzi\u0107 co to za &#8220;anio\u0142&#8221; pilnuje Pieronka. Okaza\u0142o si\u0119 \u017ce to SB-ek. Zdziwi\u0142a si\u0119, \u017ce\u00a0 zna\u0142 jej prawdziwe nazwisko i nazwiska jej ludzi, zna\u0142 te\u017c cel ich misji. Wyja\u015bni\u0142, \u017ce jest tu po to, \u017ceby nie mieli wi\u0119cej roboty &#8211; nie upilnowali Popie\u0142uszki, teraz ju\u017c nie pope\u0142ni\u0105 tego b\u0142\u0119du. Prosi\u0142, \u017ceby zostawi\u0107 duchownego &#8211; to mo\u017ce by\u0107 przysz\u0142y Papie\u017c, doda\u0142.<\/p>\n<p>Tadeusz Pieronek Biskupem zosta\u0142 26 kwietnia 1992 roku, mianowa\u0142 go Jan Pawe\u0142 II, Marysia ju\u017c nie \u017cy\u0142a od pi\u0119ciu lat. By\u0142 to czas wychodzenia wojsk radzieckich z Polski. I to dochodzimy do sedna sprawy, gdyby Marysia \u017cy\u0142a, przej\u0119\u0142aby cz\u0119stotliwo\u015bci radiowe, kt\u00f3re by\u0142y w gestii Rosjan. M\u00f3wi\u0142a, \u017ce to wa\u017cniejsze ni\u017c te ich rakiety. Ca\u0142y ten Bal Sylwestrowy, kt\u00f3ry opisa\u0142em w poprzednim wpisie mia\u0142 temu s\u0142u\u017cy\u0107. GRU &#8211; radziecki wywiad wojskowy tak pokierowa\u0142o sprawy, \u017ce cz\u0119stotliwo\u015bci przej\u0119\u0142o Radio Maryja. Papie\u017c odszed\u0142, a Biskup Tadeusz Pieronek do ko\u0144ca swoich dni pozosta\u0142 Biskupem.<\/p>\n<p>Pami\u0119tam jedn\u0105 z jego ostatnich wypowiedzi w programie TVN Moniki Olejnik, gdzie Biskup Pieronek m\u00f3wi\u0105c o sukcesie filmu &#8220;Kler&#8221;. zrobi\u0142 to tak, \u017ce zobaczy\u0142em w nim\u00a0 przegranego cz\u0142owieka &#8211; ja te\u017c jestem kler, powiedzia\u0142.<\/p>\n<p>Wiem jedno &#8211; gdyby Marysia \u017cy\u0142a, nie by\u0142oby filmu &#8220;Kler&#8221; a Biskup Pieronek by\u0142by Kardyna\u0142em. My te\u017c nie byliby\u015bmy tu gdzie teraz. To nieprawda, \u017ce nie ma ludzi niezast\u0105pionych &#8211; Biskup Tadeusz Pieronek taki by\u0142.<\/p>\n<p>04.01.2019. &#8211; wczoraj odby\u0142 si\u0119 pogrzeb Biskupa Tadeusza Pieronka. Wiele s\u0142\u00f3w powiedziano \u017cegnaj\u0105c tego niezwyk\u0142ego duchownego. Mnie utkwi\u0142a wypowied\u017a ks. Jacka Urbana, kt\u00f3ry powiedzia\u0142, \u017ce dla jednych sta\u0142 si\u0119 znakiem sprzeciwu, a dla innych znakiem nadziei. M\u00f3wi\u0142 o mnie, to ja widzia\u0142em w nim nadziej\u0119. Widzia\u0142em j\u0105 po \u015bmierci Jana Paw\u0142a II.\u00a0 Wielu wtedy swe nadzieje zacz\u0119\u0142o widzie\u0107 gdzie indziej,<a href=\"https:\/\/htb.com.pl\/?p=1083\"> opisa\u0142em przyczyny tego nag\u0142ego odwr\u00f3cenia si\u0119 od nauk Naszego Papie\u017ca &#8211; \u015awi\u0119tego Jana Paw\u0142a II.<\/a> Opisa\u0142em je tak jak nauczy\u0142 mnie sw\u0105 postaw\u0105 Biskup Pieronek. Nazywaj\u0105c\u00a0 ludzi, kt\u00f3rzy odrzucili nauki Papie\u017ca z\u0142ymi politykami, stosuj\u0119\u00a0 jedn\u0105 wa\u017cniejszych moim zadaniem nauk Biskupa Tadeusza Pieronka. On uwa\u017ca\u0142, \u017ce ludzie nie s\u0105 \u017ali &#8211; ludzie s\u0105 dobrzy, tylko czyni\u0105 \u017ale.<\/p>\n<p>Podam teraz kilka przyk\u0142ad\u00f3w z ostatnich dni, gdzie dobrzy sk\u0105din\u0105d ludzie czyni\u0105 \u017ale dla utrzymania\u00a0 w\u0142adzy &#8211; to jest faszyzm, <a href=\"https:\/\/htb.com.pl\/?p=1834\">Pani Madeleine Albright\u00a0 m\u00f3wi\u0142a.<\/a><\/p>\n<p>Pan Jaros\u0142aw Kaczy\u0144ski jest tu wr\u0119cz modelowym przyk\u0142adem. Zacz\u0105\u0142 udawa\u0107 zwolennika Unii Europejskiej &#8211; w jego mediach pokazuj\u0105 obrazki, z kt\u00f3rych to wynika, a my uwierzyli\u015bmy w to:)<\/p>\n<p>Pan Antoni Macierewicz, kt\u00f3ry rywalizuje z Panem Kaczy\u0144skim &#8211; po kompromitacji przy wyja\u015bnianiu Katastrofy Smole\u0144skiej, postanowi\u0142 wyeliminowa\u0107 Donalda Tuska ze sceny politycznej. Do afery Amber Gold i VAT-owskiej pr\u00f3buje si\u0119 dopisa\u0107 Tuskowi zdrad\u0119 dyplomatyczn\u0105. Pan Macierewicz graj\u0105c w parze ze Zbigniewem Ziobro tymi samymi s\u0142abymi kartami co przy Katastrofie Smole\u0144skiej, pr\u00f3buj\u0105 postawi\u0107 Tuskowi zarzut zdrady Pa\u0144stwa. To w mediach Ojca Tadeusza Rydzyka ju\u017c teraz jest tak przedstawiane. Te media nazywane s\u0105 katolickimi &#8211; a Biskup Pieronek m\u00f3wi\u0142 &#8211; je\u017celi co\u015b jest katolickie, to ma by\u0107 powszechne, a nie przypisane jednej opcji politycznej. Decyzja Prokuratury, \u017ceby przes\u0142ucha\u0107 t\u0142umaczk\u0119 Premiera Donalda Tuska Pani\u0105 Fitas-Dukaczewsk\u0105, kt\u00f3ra uczestniczy\u0142a w rozmowach Tuska z Putinem, to tragedia. Je\u017celi Polska mia\u0142a jeszcze jakie\u015b cienie wiarygodno\u015bci u dyplomat\u00f3w innych pa\u0144stw, to teraz je straci\u0142a.<\/p>\n<p>Premier Mateusz Morawiecki te\u017c chce zab\u0142ysn\u0105\u0107 &#8211; wymy\u015bli\u0142 jak zwi\u0119kszy\u0107 sw\u00f3j elektorat. Powo\u0142a\u0142 na ministra cyfryzacji Adama Andruszkiewicza, przedstawiciela skrajnej prawicy. S\u0142ucha\u0142em wypowiedzi tego m\u0142odego cz\u0142owieka, tembr jego g\u0142osu przypomina tych, co Wis\u0142\u0119 Krak\u00f3w, ten zas\u0142u\u017cony Klub Sportowy doprowadzili do upadku.<\/p>\n<p>Pan Prezydent Andrzej Duda, \u017cegnaj\u0105c Biskupa Tadeusza Pieronka powiedzia\u0142, \u017ce r\u00f3\u017cnili si\u0119 w pogl\u0105dach. S\u0142uchaj\u0105c Pana Prezydenta odnios\u0142em wra\u017cenie, \u017ce mia\u0142 za z\u0142e, i\u017c Biskup Pieronek\u00a0 wypowiada\u0142 si\u0119 w kwestiach politycznych. On t\u0105 Nasz\u0105 Polsk\u0119 ratowa\u0107 chcia\u0142 &#8211; trzeba mie\u0107 wyobra\u017ani\u0119, \u017ceby to zrozumie i \u017ceby t\u0105 Polsk\u0105 rz\u0105dzi\u0107.<\/p>\n<p>Ja \u017cegnaj\u0105c Biskupa Tadeusza Pieronka, s\u0142ucham pie\u015bni <a href=\"https:\/\/www.youtube.com\/watch?v=XoKyhlKAnqY&amp;t=90s\">&#8220;P\u00f3jd\u017a do Jezusa&#8221;<\/a>. Pie\u015bni kt\u00f3r\u0105 \u017cegna\u0142em Moj\u0105 Marysi\u0119, te\u017c wybra\u0142em dla niej tak\u0105 prost\u0105 trumn\u0119, chod\u017a by\u0142a dla mnie kim\u015b wielkim. Mo\u017ce si\u0119 tam spotkaj\u0105, mo\u017ce teraz Majka zagada i razem b\u0119d\u0105 dawa\u0107 nam znaki jak \u017cy\u0107, \u017ceby nie straci\u0107 Ojczyzny &#8211; Oni to wiedzieli.<\/p>\n","protected":false},"excerpt":{"rendered":"<p>27 grudnia 2018 roku w wieku 84 lat odszed\u0142 Biskup Tadeusz Pieronek. By\u0142 dla mnie niezwyk\u0142ym pasterzem, to jego wymieni\u0142em jako tego, kt\u00f3ry daje nadziej\u0119. By\u0142\u00a0 przedstawicielem mojego ko\u015bcio\u0142a, kt\u00f3ry sobie nazwa\u0142em &#8220;In Veritate&#8221; z \u0142ac. w prawdzie, to dewiza Biskupia Pieronka. Stosowa\u0142 j\u0105, gdy w swoim stylu m\u00f3wi\u0142 o trudnych faktach naszej rzeczywisto\u015bci. M\u00f3wi\u0142 [&hellip;]<\/p>\n","protected":false},"author":1,"featured_media":2872,"comment_status":"open","ping_status":"open","sticky":false,"template":"","format":"standard","meta":{"_jetpack_memberships_contains_paid_content":false,"footnotes":""},"categories":[4],"tags":[355],"class_list":["post-2864","post","type-post","status-publish","format-standard","has-post-thumbnail","hentry","category-daty-i-fakty-blog","tag-biskup-tadeusz-pieronek"],"jetpack_sharing_enabled":true,"jetpack_featured_media_url":"https:\/\/htb.com.pl\/wp-content\/uploads\/2019\/01\/Biskup.jpg","_links":{"self":[{"href":"https:\/\/htb.com.pl\/index.php?rest_route=\/wp\/v2\/posts\/2864","targetHints":{"allow":["GET"]}}],"collection":[{"href":"https:\/\/htb.com.pl\/index.php?rest_route=\/wp\/v2\/posts"}],"about":[{"href":"https:\/\/htb.com.pl\/index.php?rest_route=\/wp\/v2\/types\/post"}],"author":[{"embeddable":true,"href":"https:\/\/htb.com.pl\/index.php?rest_route=\/wp\/v2\/users\/1"}],"replies":[{"embeddable":true,"href":"https:\/\/htb.com.pl\/index.php?rest_route=%2Fwp%2Fv2%2Fcomments&post=2864"}],"version-history":[{"count":28,"href":"https:\/\/htb.com.pl\/index.php?rest_route=\/wp\/v2\/posts\/2864\/revisions"}],"predecessor-version":[{"id":27444,"href":"https:\/\/htb.com.pl\/index.php?rest_route=\/wp\/v2\/posts\/2864\/revisions\/27444"}],"wp:featuredmedia":[{"embeddable":true,"href":"https:\/\/htb.com.pl\/index.php?rest_route=\/wp\/v2\/media\/2872"}],"wp:attachment":[{"href":"https:\/\/htb.com.pl\/index.php?rest_route=%2Fwp%2Fv2%2Fmedia&parent=2864"}],"wp:term":[{"taxonomy":"category","embeddable":true,"href":"https:\/\/htb.com.pl\/index.php?rest_route=%2Fwp%2Fv2%2Fcategories&post=2864"},{"taxonomy":"post_tag","embeddable":true,"href":"https:\/\/htb.com.pl\/index.php?rest_route=%2Fwp%2Fv2%2Ftags&post=2864"}],"curies":[{"name":"wp","href":"https:\/\/api.w.org\/{rel}","templated":true}]}}