{"id":28642,"date":"2020-08-21T06:26:17","date_gmt":"2020-08-21T06:26:17","guid":{"rendered":"https:\/\/htb.com.pl\/?p=28642"},"modified":"2020-08-21T07:11:19","modified_gmt":"2020-08-21T07:11:19","slug":"uchadzi","status":"publish","type":"post","link":"https:\/\/htb.com.pl\/?p=28642","title":{"rendered":"&#8220;Uchadzi&#8221;"},"content":{"rendered":"\n<p><\/p>\n\n\n\n<figure class=\"wp-block-image size-thumbnail\"><a href=\"https:\/\/htb.com.pl\/wp-content\/uploads\/2020\/08\/Uchadzi.mp3\"><img loading=\"lazy\" decoding=\"async\" width=\"150\" height=\"150\" src=\"https:\/\/htb.com.pl\/wp-content\/uploads\/2018\/04\/posluchaj-150x150.jpg\" alt=\"\" class=\"wp-image-2020\" srcset=\"https:\/\/htb.com.pl\/wp-content\/uploads\/2018\/04\/posluchaj-150x150.jpg 150w, https:\/\/htb.com.pl\/wp-content\/uploads\/2018\/04\/posluchaj-300x300.jpg 300w, https:\/\/htb.com.pl\/wp-content\/uploads\/2018\/04\/posluchaj-100x100.jpg 100w\" sizes=\"auto, (max-width: 150px) 100vw, 150px\" \/><\/a><\/figure>\n\n\n\n<p>Tak na Bia\u0142orusi krzyczeli robotnicy na wiecu &#8220;poparcia&#8221; dla prezydenta Aleksandra \u0141ukaszenki. Us\u0142yszeli to r\u00f3wnie\u017c polscy politycy. Ostatnio Polska i Bia\u0142oru\u015b nie schodzi z pierwszych stron gazet. Zachodnie telewizje pokazuj\u0105 jak polska policja bije ludzi spod znaku LGBT, a na drugiej po\u0142\u00f3wce ekranu, jak OMON na Bia\u0142orusi bije demonstrant\u00f3w. Tam bij\u0105 mocniej &#8211; w 1987 roku radziecki \u017co\u0142nierz chcia\u0142 s\u0142u\u017cy\u0107 Marysi, (wcze\u015bniejsze wpisy). Chwali\u0142 si\u0119, \u017ce przeszed\u0142 test na funkcjonariusza OMON-u, pokonuj\u0105c w walce na go\u0142e pi\u0119\u015bci czterech wyszkolonych onowc\u00f3w. Marysia potrzebowa\u0142a takich ludzi i zaproponowa\u0142a mu &#8220;rozmow\u0119 kwalifikacyjn\u0105&#8221; &#8211; jakby\u015bmy dzi\u015b powiedzieli. Doceni\u0142a, \u017ce ch\u0142opak porzuci\u0142 s\u0142u\u017cb\u0119 po tym co zobaczy\u0142 w Afganistanie, gdzie OMON dokonywa\u0142 masakr ludno\u015bci cywilnej. W\u0142a\u015bnie w 1987 roku, z jednostki kt\u00f3ra mia\u0142a zabezpiecza\u0107 Olimpiad\u0119 w Moskwie (1980 rok), OMON czyli <strong>Otriad Mobilnyj Osobogo Naznaczenija<\/strong>  sta\u0142 si\u0119 oddzia\u0142em, kt\u00f3ry mia\u0142 zabezpiecza\u0107 w\u0142adz\u0119. M\u0142ody by\u0142 bardzo zdziwiony, \u017ce aby pokaza\u0107 co umie,  ma walczy\u0107 z Majk\u0105, a nie z jej lud\u017ami.  Na pocz\u0105tku dosta\u0142 fory, poczeka\u0142a, a\u017c zrozumie z kim walczy. Ja i jej ludzie nawet nie patrzyli\u015bmy, stali\u015bmy z boku rozmawiaj\u0105c. To te\u017c go zdeprymowa\u0142o, po chwili podni\u00f3s\u0142 r\u0119ce do g\u00f3ry, uk\u0142oni\u0142 si\u0119 i odszed\u0142. Paka, po\u017cegnali\u015bmy ch\u0142opaka. Przypomnia\u0142em sobie to jak patrzy\u0142em na bia\u0142oruskie dziewczyny, \u015bciskaj\u0105ce m\u0142odego OMON-owca, kt\u00f3ry zrobi\u0142 co\u015b podobnego. <\/p>\n\n\n\n<figure class=\"wp-block-image size-large\"><img loading=\"lazy\" decoding=\"async\" width=\"960\" height=\"642\" src=\"https:\/\/htb.com.pl\/wp-content\/uploads\/2020\/08\/Omon.jpg\" alt=\"\" class=\"wp-image-28662\" srcset=\"https:\/\/htb.com.pl\/wp-content\/uploads\/2020\/08\/Omon.jpg 960w, https:\/\/htb.com.pl\/wp-content\/uploads\/2020\/08\/Omon-300x201.jpg 300w, https:\/\/htb.com.pl\/wp-content\/uploads\/2020\/08\/Omon-768x514.jpg 768w, https:\/\/htb.com.pl\/wp-content\/uploads\/2020\/08\/Omon-600x401.jpg 600w\" sizes=\"auto, (max-width: 960px) 100vw, 960px\" \/><\/figure>\n\n\n\n<p>  To \u017ce nie mo\u017cna s\u0142u\u017cy\u0107 z\u0142u, zrozumieli te\u017c niekt\u00f3rzy polscy politycy. Minister zdrowia  \u0141ukasz Szumowski i jego wiceminister  Janusz Cieszy\u0144ski podali si\u0119 do dymisji. Do\u0142\u0105czy\u0142a do nich r\u00f3wnie\u017c wiceminister cyfryzacji Wanda Buk, a ostatnio minister spraw zagranicznych Jacek Czaputowicz. Jest okazja, aby podj\u0105\u0107 pr\u00f3b\u0119 uwolnienia si\u0119 ze szpon\u00f3w mafii, bo tak teraz nale\u017cy okre\u015bla\u0107 rz\u0105dy w Polsce, a ta okazja, to urlop pana Jaros\u0142awa Kaczy\u0144skiego. Po\u015brednika  z\u0142ych polityk\u00f3w i \u015bwiata mafijnego. Tu trzeba doda\u0107 &#8211;  nie\u015bwiadomego. W tym \u015bwiecie ka\u017cdemu jest przypisane jakie\u015b przewinienie i musi s\u0142ucha\u0107, k\u0142ama\u0107 albo grozi mu wi\u0119zienie. To i tak dobrze, w systemie gdzie panuje GRU, ci co walcz\u0105 o prawd\u0119 albo jak kto woli walcz\u0105 o wolno\u015b\u0107, maj\u0105 gorzej. W\u0142a\u015bnie dokonano zamachu na Alieksieja Nawalnego &#8211; m\u00f3dlmy si\u0119 za niego, bo tylko to pozosta\u0142o, a dla nas by\u0142oby lepiej, \u017ceby temu co si\u0119 go boi Putin, prze\u017cy\u0107 si\u0119 uda\u0142o. Bo takich niewielu ju\u017c zosta\u0142o. Jak to si\u0119 sta\u0142o, \u017ce wszystko si\u0119 tak poki\u0107ka\u0142o? <\/p>\n\n\n\n<p>To co mamy teraz na Bia\u0142orusi, w Polsce 40 lat temu si\u0119 dzia\u0142o i te\u017c w sierpniu si\u0119 zaczyna\u0142o. Gdy partyjnym aparatczykom dobre \u017cycie si\u0119 urwa\u0142o, wielu si\u0119 to nie spodoba\u0142o i si\u0119 postarali, \u017ceby tak si\u0119 pozmienia\u0142o, by ich dobre \u017cycie pozosta\u0142o. To si\u0119 uda\u0142o. K\u0142amstwo wygra\u0142o i wolno\u015bci\u0105 nazywane zosta\u0142o. Marysia ju\u017c nie \u017cy\u0142a, On by na to nie pozwoli\u0142a, Ona prawd\u0119 historyczn\u0105 by przywr\u00f3ci\u0142a i mafii do w\u0142adzy nie dopu\u015bci\u0142a.<\/p>\n\n\n\n<p>Teraz do Bia\u0142orusin\u00f3w &#8211; Kochami, Marysia o kt\u00f3rej pisz\u0119 zmar\u0142a 13 pa\u017adziernika 1987 roku, w 44 rocznic\u0119 bitwy pod Lenino. Ona zawsze m\u00f3wi\u0142a, \u017ce ta bitwa na Bia\u0142orusi by\u0142a i o Polesiu we wsp\u00f3lnej Europie marzy\u0142a. To ta bitwa sprawi\u0142a, \u017ce Polska po II wojnie \u015bwiatowej nadal by\u0142a. Gdy umiera\u0142a prosi\u0142a, aby prawda historyczna zawsze fundamentem budowy demokracji by\u0142a, bo cho\u0107 na pocz\u0105tku zaboli, to potem godnie \u017cy\u0107 pozwoli. Polska jej nie pos\u0142ucha\u0142a &#8211; mo\u017ce Wy pos\u0142uchacie. Ona ze szcz\u0119\u015bcia by si\u0119 pop\u0142aka\u0142a, bo Polesie jak Ojczyzn\u0119 kocha\u0142a.<\/p>\n\n\n\n<figure class=\"wp-block-image size-large\"><img loading=\"lazy\" decoding=\"async\" width=\"600\" height=\"300\" src=\"https:\/\/htb.com.pl\/wp-content\/uploads\/2020\/08\/mapa-polesia-600x300-1.jpg\" alt=\"\" class=\"wp-image-28759\" srcset=\"https:\/\/htb.com.pl\/wp-content\/uploads\/2020\/08\/mapa-polesia-600x300-1.jpg 600w, https:\/\/htb.com.pl\/wp-content\/uploads\/2020\/08\/mapa-polesia-600x300-1-300x150.jpg 300w\" sizes=\"auto, (max-width: 600px) 100vw, 600px\" \/><\/figure>\n\n\n\n<p>Mo\u017cliwe, \u017ce za ratowanie tej pi\u0119knej krainy, po katastrofie w Czrnobylu &#8211; \u017cycie odda\u0142a&#8230;<\/p>\n\n\n\n<p>Kolejny raz zaproponuj\u0119 &#8220;oleum&#8221;, jak mawia\u0142 Onufry Zag\u0142oba. On siemi\u0119 lniane podjada\u0107 radzi\u0142, ja nasiona konopi polecam. Nie zauwa\u017cy\u0142em \u017ceby rozumu od tego przybywa\u0142o ale na pewno dostarczamy do organizmu &nbsp;<strong>nienasycone kwasy t\u0142uszczowe omega 3-6-9 (NNKT)<\/strong> oraz <strong>\u0142atwo przyswajalne i hipoalergiczne bia\u0142ka<\/strong>.<\/p>\n\n\n\n<figure class=\"wp-block-image size-large\"><a href=\"https:\/\/htb.com.pl\/?product=nasiona-konopne-250g-lekko-prazone\"><img loading=\"lazy\" decoding=\"async\" width=\"800\" height=\"800\" src=\"https:\/\/htb.com.pl\/wp-content\/uploads\/2019\/09\/Naswiona.png\" alt=\"\" class=\"wp-image-8840\" srcset=\"https:\/\/htb.com.pl\/wp-content\/uploads\/2019\/09\/Naswiona.png 800w, https:\/\/htb.com.pl\/wp-content\/uploads\/2019\/09\/Naswiona-150x150.png 150w, https:\/\/htb.com.pl\/wp-content\/uploads\/2019\/09\/Naswiona-300x300.png 300w, https:\/\/htb.com.pl\/wp-content\/uploads\/2019\/09\/Naswiona-768x768.png 768w, https:\/\/htb.com.pl\/wp-content\/uploads\/2019\/09\/Naswiona-600x600.png 600w, https:\/\/htb.com.pl\/wp-content\/uploads\/2019\/09\/Naswiona-100x100.png 100w\" sizes=\"auto, (max-width: 800px) 100vw, 800px\" \/><\/a><\/figure>\n","protected":false},"excerpt":{"rendered":"<p>Tak na Bia\u0142orusi krzyczeli robotnicy na wiecu &#8220;poparcia&#8221; dla prezydenta Aleksandra \u0141ukaszenki. Us\u0142yszeli to r\u00f3wnie\u017c polscy politycy. Ostatnio Polska i Bia\u0142oru\u015b nie schodzi z pierwszych stron gazet. Zachodnie telewizje pokazuj\u0105 jak polska policja bije ludzi spod znaku LGBT, a na drugiej po\u0142\u00f3wce ekranu, jak OMON na Bia\u0142orusi bije demonstrant\u00f3w. Tam bij\u0105 mocniej &#8211; w 1987 [&hellip;]<\/p>\n","protected":false},"author":1,"featured_media":28759,"comment_status":"open","ping_status":"open","sticky":false,"template":"","format":"standard","meta":{"_jetpack_memberships_contains_paid_content":false,"footnotes":""},"categories":[4],"tags":[],"class_list":["post-28642","post","type-post","status-publish","format-standard","has-post-thumbnail","hentry","category-daty-i-fakty-blog"],"jetpack_sharing_enabled":true,"jetpack_featured_media_url":"https:\/\/htb.com.pl\/wp-content\/uploads\/2020\/08\/mapa-polesia-600x300-1.jpg","_links":{"self":[{"href":"https:\/\/htb.com.pl\/index.php?rest_route=\/wp\/v2\/posts\/28642","targetHints":{"allow":["GET"]}}],"collection":[{"href":"https:\/\/htb.com.pl\/index.php?rest_route=\/wp\/v2\/posts"}],"about":[{"href":"https:\/\/htb.com.pl\/index.php?rest_route=\/wp\/v2\/types\/post"}],"author":[{"embeddable":true,"href":"https:\/\/htb.com.pl\/index.php?rest_route=\/wp\/v2\/users\/1"}],"replies":[{"embeddable":true,"href":"https:\/\/htb.com.pl\/index.php?rest_route=%2Fwp%2Fv2%2Fcomments&post=28642"}],"version-history":[{"count":22,"href":"https:\/\/htb.com.pl\/index.php?rest_route=\/wp\/v2\/posts\/28642\/revisions"}],"predecessor-version":[{"id":28766,"href":"https:\/\/htb.com.pl\/index.php?rest_route=\/wp\/v2\/posts\/28642\/revisions\/28766"}],"wp:featuredmedia":[{"embeddable":true,"href":"https:\/\/htb.com.pl\/index.php?rest_route=\/wp\/v2\/media\/28759"}],"wp:attachment":[{"href":"https:\/\/htb.com.pl\/index.php?rest_route=%2Fwp%2Fv2%2Fmedia&parent=28642"}],"wp:term":[{"taxonomy":"category","embeddable":true,"href":"https:\/\/htb.com.pl\/index.php?rest_route=%2Fwp%2Fv2%2Fcategories&post=28642"},{"taxonomy":"post_tag","embeddable":true,"href":"https:\/\/htb.com.pl\/index.php?rest_route=%2Fwp%2Fv2%2Ftags&post=28642"}],"curies":[{"name":"wp","href":"https:\/\/api.w.org\/{rel}","templated":true}]}}