{"id":29051,"date":"2020-08-28T08:30:40","date_gmt":"2020-08-28T08:30:40","guid":{"rendered":"https:\/\/htb.com.pl\/?p=29051"},"modified":"2020-08-29T08:05:46","modified_gmt":"2020-08-29T08:05:46","slug":"koniec-wakacji-i-co-teraz","status":"publish","type":"post","link":"https:\/\/htb.com.pl\/?p=29051","title":{"rendered":"Koniec wakacji i co teraz?"},"content":{"rendered":"\n<p><\/p>\n\n\n\n<p><\/p>\n\n\n\n<p><\/p>\n\n\n\n<figure class=\"wp-block-image size-thumbnail\"><a href=\"https:\/\/htb.com.pl\/wp-content\/uploads\/2020\/08\/I-co-teraz.mp3\"><img loading=\"lazy\" decoding=\"async\" width=\"150\" height=\"150\" src=\"https:\/\/htb.com.pl\/wp-content\/uploads\/2018\/04\/posluchaj-150x150.jpg\" alt=\"\" class=\"wp-image-2020\" srcset=\"https:\/\/htb.com.pl\/wp-content\/uploads\/2018\/04\/posluchaj-150x150.jpg 150w, https:\/\/htb.com.pl\/wp-content\/uploads\/2018\/04\/posluchaj-300x300.jpg 300w, https:\/\/htb.com.pl\/wp-content\/uploads\/2018\/04\/posluchaj-100x100.jpg 100w\" sizes=\"auto, (max-width: 150px) 100vw, 150px\" \/><\/a><\/figure>\n\n\n\n<p>Wszystko kiedy\u015b si\u0119 ko\u0144czy, warto o tym pami\u0119ta\u0107. \u017bycie &#8211; to jest najwa\u017cniejszy nasz koniec. Zmienia wszystko. Na tablicy nagrobnej Mamy mojej \u017bony Dorotki jest napisane; &#8220;Nie umiera ten, kto pozostaje w pami\u0119ci bliskich&#8221;. By\u0142a nauczycielk\u0105, jak moja \u017bona. Na ich przyk\u0142adzie widz\u0119 jak w edukacji bezpowrotnie odesz\u0142o co\u015b, o co walczy\u0142a Marysia (wcze\u015bniejsze wpisy). Uwzgl\u0119dni\u0107 w programie nauczania zmian\u0119 pokoleniow\u0105, to by\u0142 jej  program. Pami\u0119tam jak przekonywa\u0142a Pani\u0105 Joasi\u0119, ( Minister o\u015bwiaty i wychowania w rz\u0105dzie Zbigniewa Messnera Joann\u0119 Micha\u0142owsk\u0105-Gumowsk\u0105), \u017ce to bardzo wa\u017cne, aby pokolenie kt\u00f3re nie pami\u0119ta wojny, wiedzia\u0142o, \u017ce wojna jest z\u0142em, a nie romantyczn\u0105 przygod\u0105, kt\u00f3ra zapisze nas w pami\u0119ci bliskich, a mo\u017ce i w historii. A tak dzi\u015b pokazuje si\u0119 nasze wojenne tragedie. <\/p>\n\n\n\n<p>J\u00f3zef Pi\u0142sudski &#8211; napisa\u0107 o nim, \u017ce by\u0142 kontrowersyjnym politykiem, to moim zdaniem dobrze napisa\u0107. Stawianie jego i jego Sanacji za wz\u00f3r i pr\u00f3ba na\u015bladowania, to b\u0142\u0105d. Tak Marysia m\u00f3wi\u0142a, a Ona si\u0119 nie myli\u0142a.<\/p>\n\n\n\n<p>Przypomn\u0119 teraz to co ju\u017c wielokrotnie pisa\u0142em jak j\u0105 wspomina\u0142em, bo to dzi\u015b, w dobie pandemii,  bardzo by si\u0119 sprawdzi\u0142o.<\/p>\n\n\n\n<ul class=\"wp-block-list\"><li>Religia w szkole &#8211; Marysia by\u0142a bardzo temu przeciwna, twierdzi\u0142a, \u017ce to b\u0119dzie koniec Wiary Naszych Ojc\u00f3w. Jest okazja aby to zatrzyma\u0107, <strong>powr\u00f3t religii do sal katechetycznych bardzo by szko\u0142om pom\u00f3g\u0142<\/strong> w organizacji nauki w okresie koronawirusa. Moja \u017bona uczy przyrody w szko\u0142ach podstawowych, ma w klasach V &#8211; VIII tylko jedn\u0105 godzin\u0119 lekcyjn\u0105  w tygodniu. Jedynie klasy si\u00f3dme maj\u0105 dwie, bo tam jest omawiany cz\u0142owiek. \u017bona twierdzi, \u017ce nawet pomimo tych dw\u00f3ch godzin nie da si\u0119 zrealizowa\u0107 programu. Zazdro\u015bci ksi\u0119dzu, on w ka\u017cdej klasie ma dwie godziny tygodniowo i nie uczy nic. Ma bowiem uczy\u0107 jak kocha\u0107 Boga i Bli\u017aniego ale w warunkach szkolnych,  tego nie da si\u0119 nauczy\u0107. Tak m\u00f3wi\u0142a Marysia.<\/li><li>Kuratoria &#8211; Marysia twierdzi\u0142a, \u017ce powinny znikn\u0105\u0107, jak znikn\u0119\u0142y zjednoczenia. To poprawi system decyzyjny, dyrektor szko\u0142y nie b\u0119dzie zwala\u0142 na kuratorium, a kuratoriom na dyrektora &#8211; no i b\u0119d\u0105 ogromne oszcz\u0119dno\u015bci.<\/li><\/ul>\n\n\n\n<p>Wiem, \u017ce kiedy\u015b tak b\u0119dzie, Marysia si\u0119 nie myli\u0142a &#8211; a mo\u017ce ju\u017c teraz przysz\u0142a ta chwila, mo\u017ce nasz koniec jest ju\u017c bliski?<\/p>\n\n\n\n<p>Aleksandr \u0141ukaszenka &#8211; prezydent Bia\u0142orusi tez widzi sw\u00f3j koniec. Mnie cieszy, \u017ce Bia\u0142orusini w odr\u00f3\u017cnieniu od Polak\u00f3w stosuj\u0105 zasady Marysi, to dobrze wr\u00f3\u017cy. Ich Rada Koordynacyjna, to nic innego jak nasza<a href=\"https:\/\/htb.com.pl\/?p=2699\"> Rada Konsultacyjna<\/a>, kt\u00f3ra w Polsce doprowadzi\u0142a do obrad okr\u0105g\u0142ego sto\u0142u. Nam si\u0119 uda\u0142o &#8211; chcia\u0142bym \u017ceby i na Bia\u0142orusi morze krwi si\u0119 nie pola\u0142o. Wiem jak u nas ma\u0142o brakowa\u0142o, \u017ceby tak si\u0119 sta\u0142o. <\/p>\n\n\n\n<p>Pan prezydent Andrzej Duda powo\u0142a\u0142 dw\u00f3ch nowych ministr\u00f3w. Za \u0141ukasza Szumowskiego Adama Niedzielskiego &#8211; zdrowie, a za Jacka Czaputowicza MSZ, Zbigniewa Rau. Komentarz do tego&#8230; Podobne fakty ju\u017c opisywa\u0142em. Dymisja Szumowskiego to ucieczka Rydza-\u015amig\u0142ego, a Rau przypomina Becka z okresu przedwojennego. To wtedy doprowadzili\u015bmy do tragedii Narodu Polskiego. Wybrali\u015bmy Mi\u0119dzymorze dla rozbicia koalicji antyhitlerowskiej. Dzi\u015b wybieramy Tr\u00f3jmorze dla rozbicia Unii Europejskiej. I wtedy i dzi\u015b wsp\u00f3lnym mianownikiem jest strach. Widz\u0119 to, gdy prosz\u0119 o wypowied\u017a na jakikolwiek temat dla<a href=\"http:\/\/stacja.radiohost.pl\/customBoxes\/link\/568\/8d5a0\/type\/aplayer2\/\"> RADIA MARIA<\/a> <a href=\"http:\/\/stacja.radiohost.pl\/customBoxes\/link\/568\/8d5a0\/type\/aplayer2\/\"><img loading=\"lazy\" decoding=\"async\" width=\"150\" height=\"75\" class=\"wp-image-25345\" style=\"width: 150px;\" src=\"https:\/\/htb.com.pl\/wp-content\/uploads\/2020\/06\/Beethoven_top2-1-1200x600-1.jpg\" alt=\"\" srcset=\"https:\/\/htb.com.pl\/wp-content\/uploads\/2020\/06\/Beethoven_top2-1-1200x600-1.jpg 1200w, https:\/\/htb.com.pl\/wp-content\/uploads\/2020\/06\/Beethoven_top2-1-1200x600-1-300x150.jpg 300w, https:\/\/htb.com.pl\/wp-content\/uploads\/2020\/06\/Beethoven_top2-1-1200x600-1-1024x512.jpg 1024w, https:\/\/htb.com.pl\/wp-content\/uploads\/2020\/06\/Beethoven_top2-1-1200x600-1-768x384.jpg 768w, https:\/\/htb.com.pl\/wp-content\/uploads\/2020\/06\/Beethoven_top2-1-1200x600-1-600x300.jpg 600w\" sizes=\"auto, (max-width: 150px) 100vw, 150px\" \/><\/a> . Zwykli ludzie wypowiadaj\u0105 si\u0119 ch\u0119tnie &#8211; politycy, bud\u017cet\u00f3wka boj\u0105 si\u0119. To ma by\u0107 wolno\u015b\u0107 &#8211; to o to podobno walczyli\u015bcie?<\/p>\n\n\n\n<p><strong>POMY\u015aLCIE &#8211; DO CZEGO DOPROWADZILI\u015aCIE<\/strong>.<\/p>\n\n\n\n<p><strong>Teraz do Bia\u0142orusin\u00f3w &#8211; Kochani<\/strong><\/p>\n\n\n\n<ul class=\"wp-block-list\"><li>\u017beby wasza Rada Koordynacyjna zda\u0142a egzamin, musz\u0105 si\u0119 w niej znale\u017a\u0107 wszyscy, r\u00f3wnie\u017c ci, kt\u00f3rych nazywacie wrogami.<\/li><li>Nie pr\u00f3bujcie budowa\u0107 socjalizmu z ludzka twarz\u0105 &#8211; nie ma czego\u015b takiego, a by\u0142 to podstawowy b\u0142\u0105d naszego zrywu sierpniowego.<\/li><li>Wolno\u015b\u0107 to zdrowa gospodarka, uniezale\u017cniona od \u015bwiata politycznego, oparta o co\u015b stabilnego. Dzi\u015b w\u0142adza w Polsce nie rozumie tego i Uni\u0119 Europejsk\u0105, czyli stabilizacj\u0119 postrzega jako co\u015b z\u0142ego, bo nie pozawala na stosowanie mechanizmu mafijnego. Czyli  podobnego do systemu waszego.<\/li><\/ul>\n\n\n\n<p>Podam teraz przyk\u0142ad, jak dobrze jest nale\u017ce\u0107 do rynku unijnego &#8211; czyli du\u017cego. M\u00f3j spinacz zak\u0142adka <a href=\"https:\/\/htb.com.pl\/?product=spinacz-zakladka\"><img loading=\"lazy\" decoding=\"async\" width=\"150\" height=\"200\" class=\"wp-image-29123\" style=\"width: 150px;\" src=\"https:\/\/htb.com.pl\/wp-content\/uploads\/2020\/08\/plakietka.jpg\" alt=\"\" srcset=\"https:\/\/htb.com.pl\/wp-content\/uploads\/2020\/08\/plakietka.jpg 480w, https:\/\/htb.com.pl\/wp-content\/uploads\/2020\/08\/plakietka-225x300.jpg 225w\" sizes=\"auto, (max-width: 150px) 100vw, 150px\" \/><\/a> .  <\/p>\n\n\n\n<p>W Polsce m\u00f3g\u0142bym miesi\u0119cznie sprzeda\u0107 50 takich komplet\u00f3w (4 szt.) za nieco ponad 400 z\u0142. Na ogromnym rynku, jakim jest UE, mog\u0119 sprzeda\u0107 1000 za ponad 8000 z\u0142. Wa\u017cne, \u017ce jest z drewna odpadowego i nie za\u015bmieca \u015bwiata naszego, bo to te\u017c wieszczy koniec jego. Pami\u0119tajcie, \u017ce najwi\u0119ksze z\u0142o powoduje cz\u0142owiek i nie powiedzieli\u015bmy tu jeszcze s\u0142owa ostatniego, zawsze potrafimy wymy\u015bli\u0107 co\u015b gorszego.<\/p>\n\n\n\n<p><strong><a href=\"http:\/\/stacja.radiohost.pl\/customBoxes\/link\/568\/8d5a0\/type\/aplayer2\/\">S\u0141UCHAJCIE RADIA MARYSINEGO &#8211; TAM JEST DU\u017bO DOBREGO<\/a><\/strong><\/p>\n\n\n\n<p><\/p>\n","protected":false},"excerpt":{"rendered":"<p>Wszystko kiedy\u015b si\u0119 ko\u0144czy, warto o tym pami\u0119ta\u0107. \u017bycie &#8211; to jest najwa\u017cniejszy nasz koniec. Zmienia wszystko. Na tablicy nagrobnej Mamy mojej \u017bony Dorotki jest napisane; &#8220;Nie umiera ten, kto pozostaje w pami\u0119ci bliskich&#8221;. By\u0142a nauczycielk\u0105, jak moja \u017bona. Na ich przyk\u0142adzie widz\u0119 jak w edukacji bezpowrotnie odesz\u0142o co\u015b, o co walczy\u0142a Marysia (wcze\u015bniejsze wpisy). [&hellip;]<\/p>\n","protected":false},"author":1,"featured_media":29127,"comment_status":"open","ping_status":"open","sticky":false,"template":"","format":"standard","meta":{"_jetpack_memberships_contains_paid_content":false,"footnotes":""},"categories":[4],"tags":[],"class_list":["post-29051","post","type-post","status-publish","format-standard","has-post-thumbnail","hentry","category-daty-i-fakty-blog"],"jetpack_sharing_enabled":true,"jetpack_featured_media_url":"https:\/\/htb.com.pl\/wp-content\/uploads\/2020\/08\/koniec-bynajmniej.jpg","_links":{"self":[{"href":"https:\/\/htb.com.pl\/index.php?rest_route=\/wp\/v2\/posts\/29051","targetHints":{"allow":["GET"]}}],"collection":[{"href":"https:\/\/htb.com.pl\/index.php?rest_route=\/wp\/v2\/posts"}],"about":[{"href":"https:\/\/htb.com.pl\/index.php?rest_route=\/wp\/v2\/types\/post"}],"author":[{"embeddable":true,"href":"https:\/\/htb.com.pl\/index.php?rest_route=\/wp\/v2\/users\/1"}],"replies":[{"embeddable":true,"href":"https:\/\/htb.com.pl\/index.php?rest_route=%2Fwp%2Fv2%2Fcomments&post=29051"}],"version-history":[{"count":23,"href":"https:\/\/htb.com.pl\/index.php?rest_route=\/wp\/v2\/posts\/29051\/revisions"}],"predecessor-version":[{"id":29177,"href":"https:\/\/htb.com.pl\/index.php?rest_route=\/wp\/v2\/posts\/29051\/revisions\/29177"}],"wp:featuredmedia":[{"embeddable":true,"href":"https:\/\/htb.com.pl\/index.php?rest_route=\/wp\/v2\/media\/29127"}],"wp:attachment":[{"href":"https:\/\/htb.com.pl\/index.php?rest_route=%2Fwp%2Fv2%2Fmedia&parent=29051"}],"wp:term":[{"taxonomy":"category","embeddable":true,"href":"https:\/\/htb.com.pl\/index.php?rest_route=%2Fwp%2Fv2%2Fcategories&post=29051"},{"taxonomy":"post_tag","embeddable":true,"href":"https:\/\/htb.com.pl\/index.php?rest_route=%2Fwp%2Fv2%2Ftags&post=29051"}],"curies":[{"name":"wp","href":"https:\/\/api.w.org\/{rel}","templated":true}]}}