{"id":2907,"date":"2019-01-12T07:23:41","date_gmt":"2019-01-12T07:23:41","guid":{"rendered":"https:\/\/htb.com.pl\/?p=2907"},"modified":"2019-01-12T10:38:42","modified_gmt":"2019-01-12T10:38:42","slug":"te-moje-mlode-lata","status":"publish","type":"post","link":"https:\/\/htb.com.pl\/?p=2907","title":{"rendered":"Te moje m\u0142ode lata"},"content":{"rendered":"<p><img loading=\"lazy\" decoding=\"async\" class=\"alignnone size-full wp-image-819\" src=\"https:\/\/htb.com.pl\/wp-content\/uploads\/2018\/06\/technikum.jpg\" alt=\"\" width=\"256\" height=\"192\" \/><\/p>\n<p>Rok 1976 &#8211; to pami\u0119tny dla mnie rok. Ko\u0144czy\u0142em szko\u0142\u0119 podstawow\u0105, wydawa\u0142o mi si\u0119, \u017ce zaczynam rozumie\u0107 \u015bwiat. Zdecydowa\u0142em, \u017ce chc\u0119 by\u0107 taratacznikiem jak Tata i pozna\u0142em Pani\u0105 Mari\u0119. Wtedy jeszcze nie wiedzia\u0142em, \u017ce znajomo\u015b\u0107 ta, b\u0119dzie dla mnie tak wa\u017cna. W prasie mo\u017cna by\u0142o przeczyta\u0107, \u017ce jeste\u015bmy sz\u00f3st\u0105 pot\u0119g\u0105 gospodarcz\u0105 \u015awiata. <a href=\"https:\/\/htb.com.pl\/?product=dziennik-pokladowy-lata-siedemdziesiate\"><img loading=\"lazy\" decoding=\"async\" class=\"size-full wp-image-2933 alignleft\" src=\"https:\/\/htb.com.pl\/wp-content\/uploads\/2019\/01\/siedemdziesi\u0105t.jpg\" alt=\"\" width=\"200\" height=\"285\" \/><\/a>Pani Maria m\u00f3wi\u0142a, \u017ce w naszym systemie gospodarczym nie jest to mo\u017cliwe. Zrozumia\u0142em to dopiero pod koniec lat siedemdziesi\u0105tych. Nasz system gospodarki planowej zbankrutowa\u0142. Epoka Edwarda Gierka odesz\u0142a. Dzi\u015b chce j\u0105 wskrzesi\u0107 Pan Jaros\u0142aw Kaczy\u0144ski. Pami\u0119tam has\u0142o tamtej epoki;\u00a0<em>&#8220;Ploretariusze wszystkich kraj\u00f3w \u0142\u0105czcie si\u0119&#8221;.\u00a0<\/em>Dzi\u015b trzeba go odrobink\u0119 zmodyfikowa\u0107. Teraz s\u0142owo ploretariusze nale\u017cy zast\u0105pi\u0107 s\u0142owem populi\u015bci. Ale jak kiedy\u015b brzmi super &#8211; pami\u0119tam, \u017ce lubi\u0142em jego brzmienie po Czesku;\u00a0<em>&#8220;Populi\u015bci z ka\u017cdoj grupki, hop do kupki:) <\/em>Spotkanie Pana Jaros\u0142awa Kaczy\u0144skiego z w\u0142oskim ministrem spraw wewn\u0119trznych Matteo Salvinim ma s\u0142u\u017cy\u0107 realizacji tego \u015bmiesznego has\u0142a. Ono jest \u015bmieszne we wszystkich j\u0119zykach &#8211; prosz\u0119 mi wierzy\u0107. Proletariusze, czy jak ich dzi\u015b nazywam populi\u015bci, to ludzie bez wyobra\u017ani. W Polsce ta grupa ma szczeg\u00f3lnie du\u017c\u0105 reprezentacj\u0119, dlatego rz\u0105dz\u0105 nami \u017ali politycy.\u00a0 <a href=\"https:\/\/htb.com.pl\/?p=285\">Pisa\u0142em o wypadkach<\/a> na drogach, <a href=\"https:\/\/htb.com.pl\/?p=1247\">utoni\u0119ciach<\/a>, gdzie w sensie negatywnym przodujemy w\u015br\u00f3d innych narod\u00f3w. Gdy pisz\u0119 te s\u0142owa jest 10.01.2019. dzi\u015b odbywa si\u0119 pogrzeb pi\u0119ciu gimnazjalistek, kt\u00f3re zgin\u0119\u0142y zaczadzone w eskape roomie. Zatru\u0142y si\u0119\u00a0 tlenkiem w\u0119gla &#8211; <a href=\"https:\/\/htb.com.pl\/?p=2699\">wspominam piecyk Majki,<\/a> kt\u00f3ry podnosi\u0142 alarm i odcina\u0142 gaz, gdy pojawi\u0142 si\u0119 czad. Ona mia\u0142a wyobra\u017ani\u0119.<\/p>\n<p>Pr\u00f3by odbudowania\u00a0 komunizmu, czy jak go dzi\u015b nazywam populizmu wida\u0107 w Polsce na przyk\u0142adzie energetyki. \u0179li politycy przej\u0119li rz\u0105dy w tej dziedzinie gospodarki, upa\u0144stwowi\u0142y j\u0105 i mechanizmy rynkowe przesta\u0142y tam dzia\u0142a\u0107. Doprowadzi\u0142o to do katastrofy o kt\u00f3rej pisa\u0142em. Dzi\u015b chc\u0119 pokaza\u0107 t\u0105 utopi\u0119 na przyk\u0142adzie geotermii Ojca Tadeusza Rydzyka, kt\u00f3ra s\u0142u\u017cy do wy\u0142udzania pieni\u0119dzy z bud\u017cetu pa\u0144stwa. Trzeba przyzna\u0107, \u017ce redemptorysta mia\u0142 z tym problem, gdy rz\u0105dzi\u0142a Platforma Obywatelska. Dopiero po zamachu stanu w 2015 roku, gdzie obalono Konstytucj\u0119 i wszelkie zasady, &#8220;specjalni&#8221; zwolennicy Radia Maryja poczuli si\u0119 bezkarni. S\u0142ysza\u0142em, \u017ce stolic\u0119 do Torunia chc\u0105 przenie\u015b\u0107 &#8211; to dobre rozwi\u0105zanie. Lew\u0105 kas\u0119 got\u00f3wk\u0105 trzeba wozi\u0107 a to nie jest bezpieczne.<\/p>\n<p>Gdyby toru\u0144ska geotermia by\u0142a taka super jak to si\u0119 przedstawia, ju\u017c dawno znalaz\u0142by si\u0119 inwestor, kt\u00f3ry da\u0142by na to kas\u0119. W roku 2005 w Stargardzie Szczeci\u0144skim uruchomiono podobn\u0105 geotermi\u0119, gdzie woda mia\u0142a nie 61 jak w Toruniu ale 86, 9 stopni Celsiusza i po dw\u00f3ch latach projekt upad\u0142. Dlatego \u017ceby na toru\u0144skiej geotermii zarobi\u0107, to nie ciep\u0142\u0105 wod\u0119 trzeba pompowa\u0107, tylko pa\u0144stwow\u0105 kas\u0119. Widz\u0119 ten g\u0142upawy u\u015bmiech go\u015bci z GRU &#8211; macie szcz\u0119\u015bcie, \u017ce Mari nie \u017cyje&#8230;<\/p>\n<p>Obserwuj\u0119, \u017ce \u017ali politycy szykuj\u0105 si\u0119 do wybor\u00f3w. Chcieli si\u0119 pochwali\u0107 w kampanii jak to za ich rz\u0105d\u00f3w spad\u0142a przemoc w rodzinie. Ta przemoc jest obecnie akceptowana, wi\u0119c nie spada ale ro\u015bnie. \u017beby pokaza\u0107 jej spadek, postanowiono zmieni\u0107 definicj\u0119 przemocy. Proponowano aby \u017con\u0119 trzeba by\u0142o dwa razy pobi\u0107 i \u017ceby to pobita zg\u0142asza\u0142a pro\u015bb\u0119 o niebiesk\u0105 kart\u0119. Teraz ka\u017cdy taki incydent jest odnotowywany z &#8220;urz\u0119du&#8221;. Musz\u0119 przyzna\u0107, \u017ce to rzeczywi\u015bcie mog\u0142o poprawi\u0107 statystyki. Przemoc w rodzinie na pewno by spad\u0142a &#8211; na papierze. Do podobnego elektoratu zwr\u00f3ci\u0142 si\u0119 te\u017c Pan Prezydent Andrzej Duda &#8211; stwierdzi\u0142, \u017ce tymi \u015bmieciami to mo\u017cna pali\u0107, nikt nie udowodni\u0142, \u017ce ocieplenie klimatu to wina cz\u0142owieka. \u017ba\u0142owa\u0142 te\u017c, \u017ce jest Prezydentem, marzy mu si\u0119 praca u pana Adama Glapi\u0144skiego w NBP. Kusz\u0105 go astronomiczne wynagrodzenia &#8211; tam to co\u015b umi\u0107 trza.<\/p>\n<p>Na celowniku z\u0142ych polityk\u00f3w, jako potencjalni wyborcy,\u00a0 s\u0105 te\u017c rolnicy, kt\u00f3rym ASF &#8211; afryka\u0144ski pom\u00f3r \u015bwi\u0144 pustoszy tuczarnie. \u017beby udobrucha\u0107 rolnik\u00f3w, postanowiono wystrzela\u0107 dziki. Kto\u015b wymy\u015bli\u0142, \u017ce to one przenosz\u0105 ASF. Tak sobie my\u015bl\u0119, co dzik mo\u017ce robi\u0107 w tuczarni? Bo co robi w lesie wiem.<\/p>\n<p>Zacz\u0105\u0142em si\u0119 zastanawia\u0107 &#8211; co wst\u0105pi\u0142o w rz\u0105dz\u0105cych, \u017ce pope\u0142niaj\u0105 takie b\u0142\u0119dy? I tu przypomnia\u0142em sobie m\u00f3j wpis z przed roku. <a href=\"https:\/\/htb.com.pl\/?p=214\">Tam pisz\u0105c o Wielkiej Orkiestrze \u015awi\u0105tecznej Pomocy, opisa\u0142em w \u017cartobliwej formie mecz szachowy<\/a>. Jak co roku agenci GRU, Rosjanie, kt\u00f3rzy nas sk\u0142\u00f3caj\u0105 przy pomocy naszych z\u0142ych polityk\u00f3w, maj\u0105 \u015awi\u0119ta Bo\u017cego Narodzenia. Znowu wyjechali i nasi sami rz\u0105dz\u0105, dlatego s\u0105 tak straszna jaja. No ale jest ju\u017c po \u015awi\u0119tach, ruscy powinni wr\u00f3ci\u0107 i zacz\u0105\u0107 wszystko prostowa\u0107. W\u0142\u0105czy\u0142em Radio Maryja, obieca\u0142em na spowiedzi popraw\u0119 ale &#8220;Lucek&#8221; kusi. Us\u0142ysza\u0142em Pana Jana Szyszko, by\u0142ego ministra \u015brodowiska jak odni\u00f3s\u0142 si\u0119 do decyzji o wystrzelaniu dzik\u00f3w. Wydawa\u0142 polecenie aby\u00a0 nie strzela\u0107 do pro\u015bnych loch i tych co prowadz\u0105 ma\u0142e warchlaki. Czyli kaza\u0142 powr\u00f3ci\u0107 do normalno\u015bci. To jego polecenie natychmiast wdro\u017cy\u0142 w \u017cycie Pan Prezydent Andrzej Duda\u00a0 na wieczornym spotkaniu z ministrami. Ja jednak chc\u0119 wr\u00f3ci\u0107 do audycji w Radiu Maryja, do kt\u00f3rej wys\u0142uchania podkusi\u0142 mnie &#8220;Lucek&#8221;. Us\u0142ysza\u0142em tam bowiem co\u015b, co mi si\u0119 w g\u0142owie nie mie\u015bci. Cz\u0142owiek, kt\u00f3ry to m\u00f3wi\u0142, musia\u0142 m\u00f3wi\u0107 z g\u0142owy, czyli z niczego. Powiedzia\u0142, \u017ce ci co tak broni\u0105 pro\u015bnych loch, nie maj\u0105 skrupu\u0142\u00f3w opowiada\u0107 si\u0119 za aborcj\u0105&#8230;<\/p>\n<p>Tego nie wymy\u015blili agenci GRU &#8211; pami\u0119tam z jakim szacunkiem traktowali Marysi\u0119, chocia\u017c w ich rozumieniu by\u0142a wrogiem.<\/p>\n<p style=\"text-align: center;\"><strong>MAM DO\u015a\u0106 &#8211; TO JAKA\u015a PARANOJA\u00a0<\/strong><\/p>\n<p style=\"text-align: left;\">Nie mo\u017cna si\u0119 jednak poddawa\u0107 z\u0142u, dobro misi zwyci\u0119\u017ca\u0107 i zwyci\u0119\u017ca &#8211; rusza WIELKA ORKIESTRA \u015aWI\u0104TECZNEJ POMOCY.<\/p>\n<p><img loading=\"lazy\" decoding=\"async\" class=\"size-full wp-image-2935 aligncenter\" src=\"https:\/\/htb.com.pl\/wp-content\/uploads\/2019\/01\/serduszko.png\" alt=\"\" width=\"177\" height=\"171\" \/><\/p>\n<p style=\"text-align: center;\"><strong>27. Fina\u0142 WO\u015aP<\/strong><\/p>\n<p style=\"text-align: center;\"><strong>13 stycznia 2019 r.<\/strong><\/p>\n<p style=\"text-align: center;\"><strong>POMAGANIE JEST DZIECINNIE PROSTE<\/strong><\/p>\n<p style=\"text-align: center;\"><strong>\u00a0Orkiestra gra dla dzieci ma\u0142ych i bez focha &#8211; na zakup sprz\u0119tu dla specjalistycznych szpitali dzieci\u0119cych<\/strong><\/p>\n<p>Widzisz &#8220;Lucek&#8221; &#8211; dobro tryumfuje, te\u017c by\u015b co\u015b do puszki wrzuci\u0142.<\/p>\n<p>&nbsp;<\/p>\n<p>&nbsp;<\/p>\n","protected":false},"excerpt":{"rendered":"<p>Rok 1976 &#8211; to pami\u0119tny dla mnie rok. Ko\u0144czy\u0142em szko\u0142\u0119 podstawow\u0105, wydawa\u0142o mi si\u0119, \u017ce zaczynam rozumie\u0107 \u015bwiat. Zdecydowa\u0142em, \u017ce chc\u0119 by\u0107 taratacznikiem jak Tata i pozna\u0142em Pani\u0105 Mari\u0119. Wtedy jeszcze nie wiedzia\u0142em, \u017ce znajomo\u015b\u0107 ta, b\u0119dzie dla mnie tak wa\u017cna. W prasie mo\u017cna by\u0142o przeczyta\u0107, \u017ce jeste\u015bmy sz\u00f3st\u0105 pot\u0119g\u0105 gospodarcz\u0105 \u015awiata. Pani Maria m\u00f3wi\u0142a, [&hellip;]<\/p>\n","protected":false},"author":1,"featured_media":819,"comment_status":"open","ping_status":"open","sticky":false,"template":"","format":"standard","meta":{"_jetpack_memberships_contains_paid_content":false,"footnotes":""},"categories":[4],"tags":[357],"class_list":["post-2907","post","type-post","status-publish","format-standard","has-post-thumbnail","hentry","category-daty-i-fakty-blog","tag-te-moje-mlode-lata"],"jetpack_sharing_enabled":true,"jetpack_featured_media_url":"https:\/\/htb.com.pl\/wp-content\/uploads\/2018\/06\/technikum.jpg","_links":{"self":[{"href":"https:\/\/htb.com.pl\/index.php?rest_route=\/wp\/v2\/posts\/2907","targetHints":{"allow":["GET"]}}],"collection":[{"href":"https:\/\/htb.com.pl\/index.php?rest_route=\/wp\/v2\/posts"}],"about":[{"href":"https:\/\/htb.com.pl\/index.php?rest_route=\/wp\/v2\/types\/post"}],"author":[{"embeddable":true,"href":"https:\/\/htb.com.pl\/index.php?rest_route=\/wp\/v2\/users\/1"}],"replies":[{"embeddable":true,"href":"https:\/\/htb.com.pl\/index.php?rest_route=%2Fwp%2Fv2%2Fcomments&post=2907"}],"version-history":[{"count":29,"href":"https:\/\/htb.com.pl\/index.php?rest_route=\/wp\/v2\/posts\/2907\/revisions"}],"predecessor-version":[{"id":2939,"href":"https:\/\/htb.com.pl\/index.php?rest_route=\/wp\/v2\/posts\/2907\/revisions\/2939"}],"wp:featuredmedia":[{"embeddable":true,"href":"https:\/\/htb.com.pl\/index.php?rest_route=\/wp\/v2\/media\/819"}],"wp:attachment":[{"href":"https:\/\/htb.com.pl\/index.php?rest_route=%2Fwp%2Fv2%2Fmedia&parent=2907"}],"wp:term":[{"taxonomy":"category","embeddable":true,"href":"https:\/\/htb.com.pl\/index.php?rest_route=%2Fwp%2Fv2%2Fcategories&post=2907"},{"taxonomy":"post_tag","embeddable":true,"href":"https:\/\/htb.com.pl\/index.php?rest_route=%2Fwp%2Fv2%2Ftags&post=2907"}],"curies":[{"name":"wp","href":"https:\/\/api.w.org\/{rel}","templated":true}]}}