{"id":29360,"date":"2020-09-04T05:09:46","date_gmt":"2020-09-04T05:09:46","guid":{"rendered":"https:\/\/htb.com.pl\/?p=29360"},"modified":"2020-09-04T06:30:06","modified_gmt":"2020-09-04T06:30:06","slug":"i-co-samo-zlo","status":"publish","type":"post","link":"https:\/\/htb.com.pl\/?p=29360","title":{"rendered":"I co &#8211; samo z\u0142o."},"content":{"rendered":"\n<p> <\/p>\n\n\n\n<figure class=\"wp-block-image size-large\"><img loading=\"lazy\" decoding=\"async\" width=\"400\" height=\"400\" src=\"https:\/\/htb.com.pl\/wp-content\/uploads\/2020\/09\/wrzesie\u0144-1939-poprawna.jpg\" alt=\"\" class=\"wp-image-29483\" srcset=\"https:\/\/htb.com.pl\/wp-content\/uploads\/2020\/09\/wrzesie\u0144-1939-poprawna.jpg 400w, https:\/\/htb.com.pl\/wp-content\/uploads\/2020\/09\/wrzesie\u0144-1939-poprawna-300x300.jpg 300w, https:\/\/htb.com.pl\/wp-content\/uploads\/2020\/09\/wrzesie\u0144-1939-poprawna-150x150.jpg 150w, https:\/\/htb.com.pl\/wp-content\/uploads\/2020\/09\/wrzesie\u0144-1939-poprawna-100x100.jpg 100w\" sizes=\"auto, (max-width: 400px) 100vw, 400px\" \/><\/figure>\n\n\n\n<p><\/p>\n\n\n\n<figure class=\"wp-block-image size-thumbnail\"><a href=\"https:\/\/htb.com.pl\/wp-content\/uploads\/2020\/09\/Depresja.mp3\"><img loading=\"lazy\" decoding=\"async\" width=\"150\" height=\"150\" src=\"https:\/\/htb.com.pl\/wp-content\/uploads\/2018\/04\/posluchaj-150x150.jpg\" alt=\"\" class=\"wp-image-2020\" srcset=\"https:\/\/htb.com.pl\/wp-content\/uploads\/2018\/04\/posluchaj-150x150.jpg 150w, https:\/\/htb.com.pl\/wp-content\/uploads\/2018\/04\/posluchaj-300x300.jpg 300w, https:\/\/htb.com.pl\/wp-content\/uploads\/2018\/04\/posluchaj-100x100.jpg 100w\" sizes=\"auto, (max-width: 150px) 100vw, 150px\" \/><\/a><\/figure>\n\n\n\n<p>Pa\u0144stwo jeszcze tego nie widzicie &#8211; ja zna\u0142em Marysi\u0119 (wcze\u015bniejsze wpisy)  i patrz\u0119 z jej perspektywy, a tu same negatywy. Mamy ogromny spadek naszego PKB! <\/p>\n\n\n\n<figure class=\"wp-block-image size-large\"><img loading=\"lazy\" decoding=\"async\" width=\"362\" height=\"252\" src=\"https:\/\/htb.com.pl\/wp-content\/uploads\/2020\/09\/PKB-dynamika.png\" alt=\"\" class=\"wp-image-29364\" srcset=\"https:\/\/htb.com.pl\/wp-content\/uploads\/2020\/09\/PKB-dynamika.png 362w, https:\/\/htb.com.pl\/wp-content\/uploads\/2020\/09\/PKB-dynamika-300x209.png 300w\" sizes=\"auto, (max-width: 362px) 100vw, 362px\" \/><\/figure>\n\n\n\n<p>Trend wzrostowy rozpocz\u0105\u0142 si\u0119 po obj\u0119ciu rz\u0105d\u00f3w przez <a href=\"https:\/\/htb.com.pl\/?p=155\">premiera Leszka Millera &#8211; po &#8220;Dziurze Bauca&#8221;<\/a>, (04.10.2001.) potem pomog\u0142o nasze wej\u015bcie do Unii Europejskiej (01.05.2004.). \u015awiatowy kryzys finansowy 2007 &#8211; 2009 rok spowodowa\u0142 niewielki spadek. Prawdziwe problemy zacz\u0119\u0142y si\u0119, gdy si\u0142y, kt\u00f3re chc\u0105 nas z UE wyprowadzi\u0107, g\u0142upoty  nam wciska\u0142y i &#8220;wiatr w \u017cagle z\u0142apa\u0142y&#8221;. W 2015 roku zamachu stanu dokona\u0142y i nasze pieni\u0105dze porozdawa\u0142y. Te pieni\u0105dze na chwil\u0119 zadzia\u0142a\u0142y ale w roku 2018 dzia\u0142a\u0107 przesta\u0142y i trend spadkowy wywo\u0142a\u0142y. Niedofinansowana administracja w dobie cyfryzacji dzia\u0142a przy pomocy telekomunikacji. Wida\u0107 to na przyk\u0142adzie Sanepidu &#8211; ta instytucja w okresie pandemii koronawierusa sparali\u017cowa\u0142a gospodark\u0119 i swojego &#8220;koleg\u0119&#8221; fiskusa. Luka VAT, z okresu rz\u0105du PO &#8211; tak ch\u0119tnie przez PiS przypominana, ostatni jako\u015b zosta\u0142a zapomniana. W roku 2019 zrealizowano tylko 2,2% planu uszczelniania VAT-u &#8211; i stad ta zmiana. Wida\u0107 tu jak na d\u0142oni brak medi\u00f3w publicznych. Te  komercyjne reklamodawc\u00f3w zdobywaj\u0105 i nieprawdopodobne g\u0142upoty opowiadaj\u0105. Ostatnim hitem jest wypowied\u017a Rzecznika&nbsp;Praw Dziecka Miko\u0142aja Pawlaka, w programie &#8220;Rozmowy z Piaseckim&#8221; na antenie TVN24 o podawaniu pigu\u0142ek na zmian\u0119 p\u0142ci:) Zabawne, \u017ce naprawd\u0119 powa\u017cni ludzie to komentuj\u0105. Marysia m\u00f3wi\u0142a o takich &#8211; pozbawieni wyobra\u017ani, a definiowa\u0142a ich w bardzo prosty spos\u00f3b. Je\u017celi kto\u015b J\u00f3zefa Pi\u0142sudskiego uwa\u017ca za bohatera, nie ma wyobra\u017ani. To doskonale wida\u0107 na przyk\u0142adzie kolejnej awarii w Warszawskiej Oczyszczalni \u015aciek\u00f3w &#8220;Czajka&#8221;. To flagowa inwestycja ludzi wzoruj\u0105cych si\u0119 na Sanacji. Ju\u017c sam pomys\u0142, \u017ceby pompowa\u0107 \u015bcieki na drug\u0105 stron\u0119 Wis\u0142y jest idiotyczny &#8211; a to, \u017ce zastosowano rury kompozytowe do przesy\u0142u ci\u015bnieniowego jest tak straszn\u0105 g\u0142upot\u0105, \u017ce ka\u017cdy hydraulik by to wy\u015bmia\u0142.<\/p>\n\n\n\n<p>Jest jednak co\u015b gorszego &#8211; nasza energetyka. I to te\u017c jest wina obecnego trendu sanacyjnego &#8211; <a href=\"https:\/\/htb.com.pl\/?p=13842\">pisa\u0142em o grubej kresce Mazowieckiego<\/a>.  Jeste\u015bmy jedynym krajem w tej cz\u0119\u015bci Europy, kt\u00f3ry nie ma elektrowni j\u0105drowej. <a href=\"https:\/\/htb.com.pl\/?p=10152\">Pisa\u0142em jak Marysia wyja\u015bnia\u0142a, \u017ce zakup 4,6 TWh pr\u0105du w 1984 roku by\u0142 katastrof\u0105. <\/a><strong>W 2019 kupili\u015bmy 10,6 TWh &#8211; zabrak\u0142o nam pi\u0119\u0107 elektrowni!<\/strong><\/p>\n\n\n\n<p>Pomy\u015blcie Kochani co b\u0119dzie, jak w gniazdku pr\u0105du nie b\u0119dzie. No &#8211; do bani b\u0119dzie. Wtedy rozumu przyb\u0119dzie, Polska z\u0142ych polityk\u00f3w si\u0119 pozb\u0119dzie i znowu dobrze b\u0119dzie.<\/p>\n\n\n\n<p>Jak zwykle zako\u0144czy\u0142em mora\u0142em, cho\u0107 fakty przytacza\u0142em, a nie bajk\u0119 pisa\u0142em. Je\u017celi depresj\u0119 u Pa\u0144stwa wywo\u0142a\u0142em, \u015bwiec\u0119 konopn\u0105 antydepresyjna zaproponowa\u0107 chcia\u0142em.<\/p>\n\n\n\n<figure class=\"wp-block-image size-large\"><a href=\"https:\/\/htb.com.pl\/?product=swieca-konopna-antydepresyjna-90g\"><img loading=\"lazy\" decoding=\"async\" width=\"480\" height=\"480\" src=\"https:\/\/htb.com.pl\/wp-content\/uploads\/2020\/09\/\u015bwieca_antydepresyjna-ma\u0142a.png\" alt=\"\" class=\"wp-image-29426\" srcset=\"https:\/\/htb.com.pl\/wp-content\/uploads\/2020\/09\/\u015bwieca_antydepresyjna-ma\u0142a.png 480w, https:\/\/htb.com.pl\/wp-content\/uploads\/2020\/09\/\u015bwieca_antydepresyjna-ma\u0142a-300x300.png 300w, https:\/\/htb.com.pl\/wp-content\/uploads\/2020\/09\/\u015bwieca_antydepresyjna-ma\u0142a-150x150.png 150w, https:\/\/htb.com.pl\/wp-content\/uploads\/2020\/09\/\u015bwieca_antydepresyjna-ma\u0142a-100x100.png 100w\" sizes=\"auto, (max-width: 480px) 100vw, 480px\" \/><\/a><\/figure>\n","protected":false},"excerpt":{"rendered":"<p>Pa\u0144stwo jeszcze tego nie widzicie &#8211; ja zna\u0142em Marysi\u0119 (wcze\u015bniejsze wpisy) i patrz\u0119 z jej perspektywy, a tu same negatywy. Mamy ogromny spadek naszego PKB! Trend wzrostowy rozpocz\u0105\u0142 si\u0119 po obj\u0119ciu rz\u0105d\u00f3w przez premiera Leszka Millera &#8211; po &#8220;Dziurze Bauca&#8221;, (04.10.2001.) potem pomog\u0142o nasze wej\u015bcie do Unii Europejskiej (01.05.2004.). \u015awiatowy kryzys finansowy 2007 &#8211; 2009 [&hellip;]<\/p>\n","protected":false},"author":1,"featured_media":29480,"comment_status":"open","ping_status":"open","sticky":false,"template":"","format":"standard","meta":{"_jetpack_memberships_contains_paid_content":false,"footnotes":""},"categories":[4],"tags":[655],"class_list":["post-29360","post","type-post","status-publish","format-standard","has-post-thumbnail","hentry","category-daty-i-fakty-blog","tag-masze-tragedie"],"jetpack_sharing_enabled":true,"jetpack_featured_media_url":"https:\/\/htb.com.pl\/wp-content\/uploads\/2020\/09\/wrzesie\u0144-1939.jpg","_links":{"self":[{"href":"https:\/\/htb.com.pl\/index.php?rest_route=\/wp\/v2\/posts\/29360","targetHints":{"allow":["GET"]}}],"collection":[{"href":"https:\/\/htb.com.pl\/index.php?rest_route=\/wp\/v2\/posts"}],"about":[{"href":"https:\/\/htb.com.pl\/index.php?rest_route=\/wp\/v2\/types\/post"}],"author":[{"embeddable":true,"href":"https:\/\/htb.com.pl\/index.php?rest_route=\/wp\/v2\/users\/1"}],"replies":[{"embeddable":true,"href":"https:\/\/htb.com.pl\/index.php?rest_route=%2Fwp%2Fv2%2Fcomments&post=29360"}],"version-history":[{"count":19,"href":"https:\/\/htb.com.pl\/index.php?rest_route=\/wp\/v2\/posts\/29360\/revisions"}],"predecessor-version":[{"id":29491,"href":"https:\/\/htb.com.pl\/index.php?rest_route=\/wp\/v2\/posts\/29360\/revisions\/29491"}],"wp:featuredmedia":[{"embeddable":true,"href":"https:\/\/htb.com.pl\/index.php?rest_route=\/wp\/v2\/media\/29480"}],"wp:attachment":[{"href":"https:\/\/htb.com.pl\/index.php?rest_route=%2Fwp%2Fv2%2Fmedia&parent=29360"}],"wp:term":[{"taxonomy":"category","embeddable":true,"href":"https:\/\/htb.com.pl\/index.php?rest_route=%2Fwp%2Fv2%2Fcategories&post=29360"},{"taxonomy":"post_tag","embeddable":true,"href":"https:\/\/htb.com.pl\/index.php?rest_route=%2Fwp%2Fv2%2Ftags&post=29360"}],"curies":[{"name":"wp","href":"https:\/\/api.w.org\/{rel}","templated":true}]}}