{"id":2941,"date":"2019-01-14T13:52:26","date_gmt":"2019-01-14T13:52:26","guid":{"rendered":"https:\/\/htb.com.pl\/?p=2941"},"modified":"2019-01-20T11:56:26","modified_gmt":"2019-01-20T11:56:26","slug":"pawel-adamowicz-prezydent-gdanska-nie-zyje","status":"publish","type":"post","link":"https:\/\/htb.com.pl\/?p=2941","title":{"rendered":"PAWE\u0141 ADAMOWICZ PREZYDENT GDA\u0143SKA NIE \u017bYJE"},"content":{"rendered":"<p><img loading=\"lazy\" decoding=\"async\" class=\"alignnone size-medium wp-image-2944\" src=\"https:\/\/htb.com.pl\/wp-content\/uploads\/2019\/01\/Adamowicz-300x169.jpg\" alt=\"\" width=\"300\" height=\"169\" srcset=\"https:\/\/htb.com.pl\/wp-content\/uploads\/2019\/01\/Adamowicz-300x169.jpg 300w, https:\/\/htb.com.pl\/wp-content\/uploads\/2019\/01\/Adamowicz-768x433.jpg 768w, https:\/\/htb.com.pl\/wp-content\/uploads\/2019\/01\/Adamowicz-600x338.jpg 600w, https:\/\/htb.com.pl\/wp-content\/uploads\/2019\/01\/Adamowicz.jpg 788w\" sizes=\"auto, (max-width: 300px) 100vw, 300px\" \/><\/p>\n<p>14. 01.2019. &#8211; wczoraj zako\u0144czy\u0142 si\u0119 27 Fina\u0142 Wielkiej Orkiestry \u015awi\u0105tecznej Pomocy. W tej nieustannej walce dobra ze z\u0142em, dobro tryumfuje &#8211; gdy widz\u0119 Jerzego Owsiaka i jego Orkiestr\u0119. Jednak to z\u0142o zostanie zapami\u0119tana z tego fina\u0142u. Prezydent Gda\u0144ska zosta\u0142 zaatakowany no\u017cem podczas &#8220;\u015awiate\u0142ka do nieba&#8221;. <strong>DZI\u015a ZMAR\u0141<\/strong>.<\/p>\n<p>Przypominam sobie Marysi\u0119, o kt\u00f3rej ci\u0105gle pisz\u0119,<a href=\"https:\/\/htb.com.pl\/?p=626\"> jak sama bez \u017cadnej ochrony stan\u0119\u0142a naprzeciwko ogromnej demonstracji przeciwko budowie elektrowni atomowej w \u017barnowcu.<\/a> By\u0142 rok 1986, ci\u0119\u017ckie czasy ale nikomu nawet do g\u0142owy nie przysz\u0142o, \u017ceby zaatakowa\u0107 przedstawiciela rz\u0105du PRL. Trzeba przyzna\u0107, \u017ce wcze\u015bniej zdarza\u0142y si\u0119 ataki ale te ko\u0144czy\u0142y si\u0119 tragicznie. Pami\u0119tano masakr\u0119 w kopalni Wujek, wcze\u015bniejsze pogromy na wybrze\u017cu, czy w Poznaniu. To by\u0142o z\u0142e, dzi\u015b nikt sobie nawet nie jest w stanie tego wyobrazi\u0107. Jednak gdy widzia\u0142em w telewizji wchodz\u0105cego napastnika z no\u017cem na scen\u0119, podczas imprezy masowej, kt\u00f3ry nie niepokojony przez nikogo perfekcyjnie atakuje\u00a0 no\u017cem Prezydenta Adamowicza a potem w ge\u015bcie triumfu podnosi r\u0119ce trzymaj\u0105c zakrwawiony n\u00f3\u017c, co\u015b we mnie p\u0119k\u0142o.\u00a0Czym jest z\u0142o, kt\u00f3re tu zatryumfowa\u0142o?<\/p>\n<p>16 grudnia 1922 roku z r\u0105k zamachowca ginie pierwszy prezydent\u00a0 Polski Gabriel Narutowicz. Zgin\u0105\u0142 w zamachu zastrzelony przez\u00a0 Eligiusza Niewiadomskiego &#8211; w bardzo podobnej sytuacji jak Prezydent Gda\u0144ska. Narutowicz zwiedza\u0142 wystaw\u0119 malarsk\u0105 w Warszawskiej Zach\u0119cie, jego morderca r\u00f3wnie\u017c nie stawia\u0142 oporu przy aresztowani. Uwa\u017ca\u0142, \u017ce to co zrobi\u0142, to czyn &#8220;bohaterski&#8221;. S\u0105 jednak i inne podobie\u0144stwa &#8211; wtedy i dzi\u015b rz\u0105dzili\u00a0 Polsk\u0105 ludzie bez wyobra\u017ani, te\u017c byli\u015bmy sk\u0142\u00f3ceni. J\u00f3zef Pi\u0142sudski doprowadzi\u0142 do zamachu majowego (12-15 maja 1926), powsta\u0142a Sanacja a ta doprowadzi\u0142a do kl\u0119ski wrze\u015bniowej. Do ludzi bez wyobra\u017ani si\u0119 zwracam &#8211; Kochani, jeste\u015bcie na tej samej \u015bcie\u017cce i tym samym kursie.<\/p>\n<p>Zakaz dla s\u0142u\u017cb mundurowych uczestnictwa w Wielkiej Orkiestrze \u015awi\u0105tecznej Pomocy, wydany przez rz\u0105dz\u0105cych, to najg\u0142upszy rozkaz jaki mo\u017cna by\u0142o wyda\u0107 w tej sytuacji. Policja wspieraj\u0105ca t\u0105 wspania\u0142\u0105 akcj\u0119, gwarantowa\u0142aby bezpiecze\u0144stwo bez jakiegokolwiek prowokowania kogokolwiek. Tak panie Po\u015ble Pi\u0119ta, to pan wymy\u015bli\u0142 t\u0105 g\u0142upot\u0119 trzy lata temu. Nale\u017ca\u0142 pan do PiS-u, czyli ugrupowania, kt\u00f3re skupia ludzi bez wyobra\u017ani. Teraz rz\u0105dz\u0105cy b\u0119d\u0105 si\u0119 czepia\u0107 agencji ochrony &#8211; wy w czo\u0142o si\u0119 puknijcie, tylko nie za mocno, bo ludzie pomy\u015bl\u0105, \u017ce bij\u0105 w tarabany.<\/p>\n<p>To powiedzenie Marysi &#8211; ona ju\u017c w 1976 roku wiedzia\u0142a, czym jest z\u0142o, kt\u00f3re doprowadzi\u0142o do tragedii w Gda\u0144sku. Gdy m\u00f3wi\u0142a mi jaka b\u0119dzie Polska kiedy b\u0119dzie wolna &#8211; powiedzia\u0142a zdanie, kt\u00f3rego wtedy nie rozumia\u0142em. <a href=\"https:\/\/htb.com.pl\/?p=243\">W telewizji nie b\u0119dzie si\u0119 m\u00f3wi\u0142o \u017ale o nieobecnych<\/a>. Dzi\u015b to rozumiem i wiem, \u017ce sprawa jest zero-jedynkowa.\u00a0 Je\u017celi kto\u015b o kim\u015b m\u00f3wi \u017ale w mediach, pom\u00f3wiony musi mie\u0107 mo\u017cliwo\u015b\u0107 riposty. Je\u017celi media nie zapewniaj\u0105 mo\u017cliwo\u015bci obrony &#8211; powinny traci\u0107 mo\u017cliwo\u015b\u0107 nadawania. To jest mo\u017cliwe nawet przy dzisiejszym stanie prawnym. Internet to wolne medium, tu hejt (z angielskiego hate &#8211; nienawi\u015b\u0107) zawsze b\u0119dzie. Mo\u017cna go ograniczy\u0107 wybieraj\u0105c dobrych polityk\u00f3w, dla z\u0142ych bowiem, to hejt jest tym, co im umo\u017cliwi\u0142o przej\u0119cie w\u0142adzy i co ich przy w\u0142adzy trzyma ale radio i telewizja podlegaj\u0105 pod Krajow\u0105 Rad\u0119 Radiofonii i Telewizji. Ta mo\u017ce w podleg\u0142ych sobie mediach zlikwidowa\u0107 mow\u0119 nienawi\u015bci.<strong> &#8220;Nie m\u00f3wi\u0107 \u017ale o nieobecnych&#8221; albo nie nadawa\u0107<\/strong>. To sprawi, \u017ce my, kt\u00f3rzy tak \u0142atwo ulegamy z\u0142u, staniemy si\u0119 lepsi &#8211; wie to nawet &#8220;Lucek&#8221;. Media Ojca Tadeusza Rydzyka, to media katolicko-spo\u0142eczne, nie podlegaj\u0105 KRRT a kszta\u0142tuj\u0105 z\u0142ych polityk\u00f3w.\u00a0 Dlatego cieszy postawa naszych Pos\u0142\u00f3w &#8211; 16 stycznia podczas posiedzenia Sejmu, prawie wszyscy modlili si\u0119 za dusz\u0119 Prezydenta Paw\u0142a Adamowicza. Dobro zatryumfowa\u0142o.<\/p>\n<p>Prezydent Pawe\u0142 Adamowicz by\u0142 dobrym politykiem, pokaza\u0142, \u017ce w Polsce mo\u017cna by\u0107 Katolikiem &#8211; kocha\u0107 Bli\u017aniego i wygra\u0107 wybory. \u0179li politycy nie mogli uwierzy\u0107, \u017ce kto\u015b kto opowiada si\u0119 za uchod\u017acami zosta\u0142 wybrany na Prezydenta Gda\u0144ska.<\/p>\n<p>Z\u0142o dobrem zwyci\u0119\u017caj &#8211; m\u00f3wi\u0142 Ksi\u0105dz Jerzy Popie\u0142uszko. <a href=\"https:\/\/htb.com.pl\/?p=2793\">Nie zawsze s\u0142owem mo\u017cna pokona\u0107 z\u0142o &#8211; m\u00f3wi\u0142a Marysia<\/a>, kt\u00f3ra z broni\u0105 w r\u0119ku walczy\u0142a z terrorystami IRA i ETA. Pami\u0119tam blizny na jej ciele. My jeszcze mo\u017cemy Popie\u0142uszki s\u0142ucha\u0107, jeszcze nie jest za p\u00f3\u017ano. Prosz\u0119 jednak zapami\u0119ta\u0107 inne s\u0142owa Marysi\u00a0<strong>&#8220;NIE M\u00d3WI\u0106 \u0179LE O NIEOBECNYCH&#8221;\u00a0<\/strong>&#8211; s\u0142owa, kt\u00f3re wypowiedzia\u0142a zanim zrozumia\u0142a, \u017ce nie zawsze z\u0142o mo\u017cna dobrem zwyci\u0119\u017ca\u0107.<\/p>\n<p>17.01.2019. &#8211; W programie TVN\u00a0 &#8220;Fakty po faktach&#8221; W\u0142odzimierz Cimoszewicz odnosz\u0105c si\u0119 do \u015bmierci Prezydenta Adamowicza powiedzia\u0142. &#8220;Polacy s\u0105 podzieleni &#8211; to dwa Narody, jeden nienawidzi drugiego a drugi pa\u0142a niech\u0119ci\u0105 do pierwszego. \u017baden zewn\u0119trzny wr\u00f3g nie osi\u0105gn\u0105by tego, Polacy wobec wroga zewn\u0119trznego zjednoczyliby si\u0119&#8221;&#8230; Nieprawda &#8211; jest wr\u00f3g zewn\u0119trzny. Pisz\u0119 o nim od lat, pisz\u0119 bo tak\u00a0 m\u00f3wi\u0142a Marysia. <a href=\"https:\/\/htb.com.pl\/?p=2099\">&#8220;To GRU Jasiu, nie chcia\u0142abym aby\u015bmy musieli stan\u0105\u0107 naprzeciwko nich jako wrogowie&#8221;<\/a>. Robi\u0142a wszystko \u017ceby tak nie by\u0142o, my robimy wszystko \u017ceby tak by\u0142o &#8211; dlatego tak jest.<\/p>\n<p style=\"text-align: center;\"><a href=\"https:\/\/www.youtube.com\/watch?v=OkseW5UOtz4\">Kliknij i pos\u0142uchaj\u00a0<strong>D\u0179WI\u0118KU CISZY\u00a0<\/strong><\/a><\/p>\n<p style=\"text-align: left;\">&#8216;The sound of silence&#8217; autorstwa Simon and Garfunkel, w wykonaniu Disturbed. Pami\u0119tam jak ta\u0144czy\u0142em z Pani\u0105 Mari\u0105 do oryginalnego wykonania tego utworu. By\u0142 1976 rok &#8211; wolny utw\u00f3r a to oznacza\u0142o, \u017ce porozmawiamy. Jednak Pani Maria powiedzia\u0142a tylko &#8220;cii&#8221; i przytuli\u0142a mnie mocno. Fajna ta cisza powiedzia\u0142em gdy utw\u00f3r si\u0119 sko\u0144czy\u0142. Tak b\u0119dzie zawsze, nawet po \u015bmierci ale musimy by\u0107 dobrzy. My musimy by\u0107 dobrzy, nie s\u0105siad, walk\u0119 ze z\u0142em\u00a0 zawsze musimy\u00a0 zaczyna\u0107 od siebie, to sprawi, \u017ce nie b\u0119dziemy si\u0119 ba\u0107 ciszy. Te jej s\u0142owa zrozumia\u0142em dopiero dzi\u015b, czytaj\u0105c polskie t\u0142umaczenie tego utworu:<\/p>\n<p style=\"text-align: center;\">Witaj ciemno\u015bci, moja stara przyjaci\u00f3\u0142ko<br \/>\nZnowu przyszed\u0142em z Tob\u0105 porozmawia\u0107<br \/>\nPoniewa\u017c jaka\u015b wizja, zakradaj\u0105c si\u0119 z cicha,<br \/>\nZasadzi\u0142a we mnie swe ziarno gdy spa\u0142em,<br \/>\nI ten obraz kt\u00f3ry zostawi\u0142a w mojej g\u0142owie<br \/>\nJest ci\u0105gle \u017cywy<br \/>\nw d\u017awi\u0119ku ciszy.<\/p>\n<p style=\"text-align: center;\">W moich niespokojnych snach szed\u0142em sam<br \/>\nPrzez ciasne, brukowe ulice.<br \/>\nW blasku ulicznej lampy<br \/>\nPostawi\u0142em ko\u0142nierz, chroni\u0105c si\u0119 od zimna i wilgoci<br \/>\nKiedy moje oczy zosta\u0142y przeszyte neonowym \u015bwiat\u0142em,<br \/>\nkt\u00f3re rozdar\u0142o noc<br \/>\ni poruszy\u0142o cisz\u0119<\/p>\n<p style=\"text-align: center;\">I w plamie \u015bwiat\u0142a ujrza\u0142em<br \/>\ndziesi\u0119\u0107 tysi\u0119cy ludzi, mo\u017ce wi\u0119cej<br \/>\nLudzi, kt\u00f3rzy rozmawiali, nic nie m\u00f3wi\u0105c<br \/>\nLudzi, kt\u00f3rzy s\u0142yszeli, nie s\u0142uchaj\u0105c<br \/>\nLudzi, kt\u00f3rzy pisali pie\u015bni, kt\u00f3rych nikt nigdy nie za\u015bpiewa<br \/>\nI nikt nie \u015bmia\u0142<br \/>\nzak\u0142\u00f3ci\u0107 d\u017awi\u0119ku ciszy<\/p>\n<p style=\"text-align: center;\">&#8220;G\u0142upcy&#8221;, rzek\u0142em, &#8220;Nic nie rozumiecie<br \/>\nCisza rozrasta si\u0119 jak rak.<br \/>\nUs\u0142yszcie moje s\u0142owa, a b\u0119d\u0119 m\u00f3g\u0142 was pouczy\u0107<br \/>\nPodajcie mi d\u0142onie, a b\u0119d\u0119 was m\u00f3g\u0142 dosi\u0119gn\u0105\u0107&#8221;<br \/>\nAle moje s\u0142owa pada\u0142y, i jak ciche krople deszczu<br \/>\nrozbrzmiewa\u0142y<br \/>\nW studniach ciszy<\/p>\n<p style=\"text-align: center;\">A ludzie p\u0142aszczyli si\u0119 i modlili<br \/>\ndo neonowych bog\u00f3w, kt\u00f3rych sami stworzyli<br \/>\nI znak ukaza\u0142 swoje ostrze\u017cenie<br \/>\nw s\u0142owach, kt\u00f3re wy\u015bwietli\u0142.<br \/>\nI znak rzek\u0142: &#8220;S\u0142owa prorok\u00f3w s\u0105 spisane na dworcach<br \/>\ni w osiedlowych bramach,<br \/>\ni cicho brzmi\u0105 w d\u017awi\u0119kach ciszy&#8221;<\/p>\n<p style=\"text-align: center;\">Przez ciasne, brukowe ulice.<br \/>\nW blasku ulicznej lampy<br \/>\nPostawi\u0142em ko\u0142nierz, chroni\u0105c si\u0119 od zimna i wilgoci<br \/>\nKiedy moje oczy zosta\u0142y przeszyte neonowym \u015bwiat\u0142em,<br \/>\nkt\u00f3re rozdar\u0142o noc<br \/>\ni poruszy\u0142o cisz\u0119<\/p>\n<p style=\"text-align: center;\">I w plamie \u015bwiat\u0142a ujrza\u0142em<br \/>\ndziesi\u0119\u0107 tysi\u0119cy ludzi, mo\u017ce wi\u0119cej<br \/>\nLudzi, kt\u00f3rzy rozmawiali, nic nie m\u00f3wi\u0105c<br \/>\nLudzi, kt\u00f3rzy s\u0142yszeli, nie s\u0142uchaj\u0105c<br \/>\nLudzi, kt\u00f3rzy pisali pie\u015bni, kt\u00f3rych nikt nigdy nie za\u015bpiewa<br \/>\nI nikt nie \u015bmia\u0142<br \/>\nzak\u0142\u00f3ci\u0107 d\u017awi\u0119ku ciszy<\/p>\n<p style=\"text-align: center;\">&#8220;G\u0142upcy&#8221;, rzek\u0142em, &#8220;Nic nie rozumiecie<br \/>\nCisza rozrasta si\u0119 jak rak.<br \/>\nUs\u0142yszcie moje s\u0142owa, a b\u0119d\u0119 m\u00f3g\u0142 was pouczy\u0107<br \/>\nPodajcie mi d\u0142onie, a b\u0119d\u0119 was m\u00f3g\u0142 dosi\u0119gn\u0105\u0107&#8221;<br \/>\nAle moje s\u0142owa pada\u0142y, i jak ciche krople deszczu<br \/>\nrozbrzmiewa\u0142y<br \/>\nW studniach ciszy<\/p>\n<p style=\"text-align: center;\">A ludzie p\u0142aszczyli si\u0119 i modlili<br \/>\ndo neonowych bog\u00f3w, kt\u00f3rych sami stworzyli<br \/>\nI znak ukaza\u0142 swoje ostrze\u017cenie<br \/>\nw s\u0142owach, kt\u00f3re wy\u015bwietli\u0142.<br \/>\nI znak rzek\u0142: &#8220;S\u0142owa prorok\u00f3w s\u0105 spisane na dworcach<br \/>\ni w osiedlowych bramach,<br \/>\ni cicho brzmi\u0105 w d\u017awi\u0119kach ciszy&#8221;<\/p>\n<p>19.01.2019 &#8211; Pogrzeb Paw\u0142a Adamowicza; wzruszy\u0142em si\u0119 ogl\u0105daj\u0105c telewizyjn\u0105 transmisj\u0119 nabo\u017ce\u0144stwa. Klimat jaki pami\u0119tam z dzieci\u0144stwa. Pie\u015b\u0144<a href=\"https:\/\/www.youtube.com\/watch?v=XoKyhlKAnqY&amp;feature=share\"> &#8220;P\u00f3jd\u017a do Jezusa&#8221;<\/a>, ta kt\u00f3r\u0105 \u017cegna\u0142em Marysi\u0119. Przekaz\u00a0 Ojca Ludwika Wi\u015bniewskiego &#8211; aby\u015bmy si\u0119 opami\u0119tali i sko\u0144czyli z nienawi\u015bci\u0105 nagrodzony brawami, te brawa &#8211; jest dla nas nadzieja, pokonamy z\u0142o.<\/p>\n<p>&nbsp;<\/p>\n<p>&nbsp;<\/p>\n","protected":false},"excerpt":{"rendered":"<p>14. 01.2019. &#8211; wczoraj zako\u0144czy\u0142 si\u0119 27 Fina\u0142 Wielkiej Orkiestry \u015awi\u0105tecznej Pomocy. W tej nieustannej walce dobra ze z\u0142em, dobro tryumfuje &#8211; gdy widz\u0119 Jerzego Owsiaka i jego Orkiestr\u0119. Jednak to z\u0142o zostanie zapami\u0119tana z tego fina\u0142u. Prezydent Gda\u0144ska zosta\u0142 zaatakowany no\u017cem podczas &#8220;\u015awiate\u0142ka do nieba&#8221;. DZI\u015a ZMAR\u0141. Przypominam sobie Marysi\u0119, o kt\u00f3rej ci\u0105gle pisz\u0119, [&hellip;]<\/p>\n","protected":false},"author":1,"featured_media":2944,"comment_status":"open","ping_status":"open","sticky":false,"template":"","format":"standard","meta":{"_jetpack_memberships_contains_paid_content":false,"footnotes":""},"categories":[4],"tags":[],"class_list":["post-2941","post","type-post","status-publish","format-standard","has-post-thumbnail","hentry","category-daty-i-fakty-blog"],"jetpack_sharing_enabled":true,"jetpack_featured_media_url":"https:\/\/htb.com.pl\/wp-content\/uploads\/2019\/01\/Adamowicz.jpg","_links":{"self":[{"href":"https:\/\/htb.com.pl\/index.php?rest_route=\/wp\/v2\/posts\/2941","targetHints":{"allow":["GET"]}}],"collection":[{"href":"https:\/\/htb.com.pl\/index.php?rest_route=\/wp\/v2\/posts"}],"about":[{"href":"https:\/\/htb.com.pl\/index.php?rest_route=\/wp\/v2\/types\/post"}],"author":[{"embeddable":true,"href":"https:\/\/htb.com.pl\/index.php?rest_route=\/wp\/v2\/users\/1"}],"replies":[{"embeddable":true,"href":"https:\/\/htb.com.pl\/index.php?rest_route=%2Fwp%2Fv2%2Fcomments&post=2941"}],"version-history":[{"count":39,"href":"https:\/\/htb.com.pl\/index.php?rest_route=\/wp\/v2\/posts\/2941\/revisions"}],"predecessor-version":[{"id":2983,"href":"https:\/\/htb.com.pl\/index.php?rest_route=\/wp\/v2\/posts\/2941\/revisions\/2983"}],"wp:featuredmedia":[{"embeddable":true,"href":"https:\/\/htb.com.pl\/index.php?rest_route=\/wp\/v2\/media\/2944"}],"wp:attachment":[{"href":"https:\/\/htb.com.pl\/index.php?rest_route=%2Fwp%2Fv2%2Fmedia&parent=2941"}],"wp:term":[{"taxonomy":"category","embeddable":true,"href":"https:\/\/htb.com.pl\/index.php?rest_route=%2Fwp%2Fv2%2Fcategories&post=2941"},{"taxonomy":"post_tag","embeddable":true,"href":"https:\/\/htb.com.pl\/index.php?rest_route=%2Fwp%2Fv2%2Ftags&post=2941"}],"curies":[{"name":"wp","href":"https:\/\/api.w.org\/{rel}","templated":true}]}}