{"id":29626,"date":"2020-09-11T05:00:09","date_gmt":"2020-09-11T05:00:09","guid":{"rendered":"https:\/\/htb.com.pl\/?p=29626"},"modified":"2020-09-11T07:12:40","modified_gmt":"2020-09-11T07:12:40","slug":"tragedie-tego-tygodnia","status":"publish","type":"post","link":"https:\/\/htb.com.pl\/?p=29626","title":{"rendered":"Tragedie tego tygodnia"},"content":{"rendered":"\n<figure class=\"wp-block-image size-thumbnail\"><a href=\"https:\/\/htb.com.pl\/wp-content\/uploads\/2020\/09\/Ostarnie-tragedie.mp3\"><img loading=\"lazy\" decoding=\"async\" width=\"150\" height=\"150\" src=\"https:\/\/htb.com.pl\/wp-content\/uploads\/2018\/04\/posluchaj-150x150.jpg\" alt=\"\" class=\"wp-image-2020\" srcset=\"https:\/\/htb.com.pl\/wp-content\/uploads\/2018\/04\/posluchaj-150x150.jpg 150w, https:\/\/htb.com.pl\/wp-content\/uploads\/2018\/04\/posluchaj-300x300.jpg 300w, https:\/\/htb.com.pl\/wp-content\/uploads\/2018\/04\/posluchaj-100x100.jpg 100w\" sizes=\"auto, (max-width: 150px) 100vw, 150px\" \/><\/a><\/figure>\n\n\n\n<p>Zastanawia\u0142em si\u0119 jaki interes polityczny ma pan Jaros\u0142aw Kaczy\u0144ski, \u017ce zrobi\u0142 siebie takiego b\u0142azna. <\/p>\n\n\n\n<p>Trzeba si\u0119 w pas k\u0142ania\u0107 ojcu dyrektorowi, m\u00f3wi\u0142 na pikniku&nbsp;\u015brodowisk Radia Maryja i Telewizji Trwam. Dzi\u0119kowa\u0142 o. Tadeuszowi Rydzykowi za&nbsp;przeciwstawianie si\u0119 ofensywie z\u0142a. To nie by\u0142a uroczysto\u015b\u0107 religijna, wprawdzie ojciec dyrektor wyst\u0105pi\u0142 w habicie  ale jako polityk&nbsp;<img loading=\"lazy\" decoding=\"async\" width=\"150\" height=\"100\" class=\"wp-image-29629\" style=\"width: 150px;\" src=\"https:\/\/htb.com.pl\/wp-content\/uploads\/2020\/09\/tragedia-1.jpg\" alt=\"\" srcset=\"https:\/\/htb.com.pl\/wp-content\/uploads\/2020\/09\/tragedia-1.jpg 960w, https:\/\/htb.com.pl\/wp-content\/uploads\/2020\/09\/tragedia-1-300x200.jpg 300w, https:\/\/htb.com.pl\/wp-content\/uploads\/2020\/09\/tragedia-1-768x512.jpg 768w, https:\/\/htb.com.pl\/wp-content\/uploads\/2020\/09\/tragedia-1-600x400.jpg 600w\" sizes=\"auto, (max-width: 150px) 100vw, 150px\" \/> . To moim zdaniem nie jedyne faux pas. <\/p>\n\n\n\n<p>Gdy popatrzymy na to wydarzenie z perspektywy Marysi, (wcze\u015bniejsze wpisy), str\u00f3j redemptorysty nie b\u0119dzie gaf\u0105 ale tragedi\u0105 &#8211; Kochani. Poczytajcie o Marysi &#8211; zrozumiecie czemu, tak jest do bani. <\/p>\n\n\n\n<p>Bia\u0142orusini jej pos\u0142uchali, ca\u0142y tydzie\u0144 wraz z Pa\u0144stwem \u017ce\u015bmy do nich w<a href=\"http:\/\/stacja.radiohost.pl\/customBoxes\/link\/568\/8d5a0\/type\/aplayer2\/\"> Radiu MARIA <img loading=\"lazy\" decoding=\"async\" width=\"150\" height=\"75\" class=\"wp-image-25345\" style=\"width: 150px;\" src=\"https:\/\/htb.com.pl\/wp-content\/uploads\/2020\/06\/Beethoven_top2-1-1200x600-1.jpg\" alt=\"\" srcset=\"https:\/\/htb.com.pl\/wp-content\/uploads\/2020\/06\/Beethoven_top2-1-1200x600-1.jpg 1200w, https:\/\/htb.com.pl\/wp-content\/uploads\/2020\/06\/Beethoven_top2-1-1200x600-1-300x150.jpg 300w, https:\/\/htb.com.pl\/wp-content\/uploads\/2020\/06\/Beethoven_top2-1-1200x600-1-1024x512.jpg 1024w, https:\/\/htb.com.pl\/wp-content\/uploads\/2020\/06\/Beethoven_top2-1-1200x600-1-768x384.jpg 768w, https:\/\/htb.com.pl\/wp-content\/uploads\/2020\/06\/Beethoven_top2-1-1200x600-1-600x300.jpg 600w\" sizes=\"auto, (max-width: 150px) 100vw, 150px\" \/><\/a> gadali i moim zdaniem oni dobrze wybrali. <a href=\"http:\/\/radiomaria.com.pl\/?p=358\">Bia\u0142oruskie  RADIO MARIA<\/a> uruchomili, czym polityk\u0119 od religii oddzielili. Dobrze zrobili? Moi starsi s\u0142uchacze na to pytanie ju\u017c odpowiedzieli, gdy opr\u00f3cz  j\u0119zyka w\u0142oskiego, bia\u0142oruski w naszym radiu us\u0142yszeli, bardzo si\u0119 ucieszyli. Po w\u0142osku tylko modlitwy rozumieli, tera po bia\u0142orusku ca\u0142\u0105 reszt\u0119 poj\u0119li i bardzo by chcieli, \u017ceby inni Polacy zrozumieli, \u017ce walcz\u0105c o wolno\u015b\u0107 &#8211; nie takiej wolno\u015bci chcieli.<\/p>\n\n\n\n<p>&#8220;Publicystyka&#8221; o. Rydzyka nie jest jeszcze najgorsza, w <strong>Polskim Radiu 24<\/strong>, jest o wiele gorsza. Odkry\u0142em t\u0105 rozg\u0142o\u015bni\u0119 dzi\u0119ki Pani, kt\u00f3ra kupuje u mnie  MIESZANK\u0118 \u201cWYSZCZUPLAJ\u0104C\u0104\u201d <a href=\"https:\/\/htb.com.pl\/?product=mieszanka-wyszczuplajaca-50-g\"><img loading=\"lazy\" decoding=\"async\" width=\"150\" height=\"150\" class=\"wp-image-5931\" style=\"width: 150px;\" src=\"https:\/\/htb.com.pl\/wp-content\/uploads\/2019\/07\/wyszczuplaj\u0105ca.png\" alt=\"\" srcset=\"https:\/\/htb.com.pl\/wp-content\/uploads\/2019\/07\/wyszczuplaj\u0105ca.png 800w, https:\/\/htb.com.pl\/wp-content\/uploads\/2019\/07\/wyszczuplaj\u0105ca-150x150.png 150w, https:\/\/htb.com.pl\/wp-content\/uploads\/2019\/07\/wyszczuplaj\u0105ca-300x300.png 300w, https:\/\/htb.com.pl\/wp-content\/uploads\/2019\/07\/wyszczuplaj\u0105ca-768x769.png 768w, https:\/\/htb.com.pl\/wp-content\/uploads\/2019\/07\/wyszczuplaj\u0105ca-600x601.png 600w, https:\/\/htb.com.pl\/wp-content\/uploads\/2019\/07\/wyszczuplaj\u0105ca-100x100.png 100w\" sizes=\"auto, (max-width: 150px) 100vw, 150px\" \/><\/a>. Musz\u0119 przyzna\u0107, \u017ce by\u0142em w szoku &#8211; nie pozna\u0142em tak wyszczupla\u0142a, a nie widzia\u0142em jej zaledwie miesi\u0105c. Wyja\u015bni\u0142a, \u017ce schud\u0142a, bo pije moje zi\u00f3\u0142ka ale ma co\u015b jeszcze. S\u0142ucha Polskiego Radia 24 w\u0142a\u015bnie. Opowiadaj\u0105 tam nieprawdopodobne bzdury, siorbi\u0105c przy tym kaw\u0119 albo herbat\u0119. Nawet jak cz\u0142owiek jest g\u0142odny, przechodzi ochota na jak\u0105kolwiek przek\u0105sk\u0119. Sprawdzi\u0142em &#8211; rzeczywi\u015bcie. W dezinformacji stosuj\u0105 metod\u0119 o. Tadeusza Rydzyka &#8211; wywiady to pytania z tez\u0105 przez telefon.  Ma to uwiarygadnia\u0107 wygadywane tam bzdury. Kto\u015b kto ma odrobin\u0119 wyobra\u017ani, czy wiedzy historycznej, nie da rady tego s\u0142ucha\u0107 &#8211; ale jak si\u0119 zmusi, mo\u017ce nie tylko nie mie\u0107 ochot\u0119 na jedzenie ale mie\u0107 &#8211; do zwrotu. Mlaskanie i siorbanie redaktor\u00f3w jest  obrzydliwe. S\u0142ucha\u0142em audycji o Zbigniewie Bo\u0144ku <a href=\"https:\/\/htb.com.pl\/?product=krotka-pilka\"><img loading=\"lazy\" decoding=\"async\" width=\"150\" height=\"236\" class=\"wp-image-572\" style=\"width: 150px;\" src=\"https:\/\/htb.com.pl\/wp-content\/uploads\/2018\/05\/pilka.jpg\" alt=\"\" srcset=\"https:\/\/htb.com.pl\/wp-content\/uploads\/2018\/05\/pilka.jpg 200w, https:\/\/htb.com.pl\/wp-content\/uploads\/2018\/05\/pilka-191x300.jpg 191w\" sizes=\"auto, (max-width: 150px) 100vw, 150px\" \/><\/a>. Chodzi\u0142o o wyrok S\u0105du Okr\u0119gowego w Warszawie, kt\u00f3ry zdecydowa\u0142, \u017ce \u201eGazeta Polska Codziennie\u201d przez rok nie mo\u017ce pisa\u0107 o by\u0142ym pi\u0142karzu, a dzi\u015b prezesie PZPN artyku\u0142\u00f3w.&nbsp;Zbigniew Boniek  kiedy\u015b o generale Wojciechu Jaruzelskim dobrze powiedzia\u0142 i teraz si\u0119 t\u0142umaczy. Z wyrokami S\u0105d\u00f3w si\u0119 nie dyskutuje. Ja chc\u0119 zwr\u00f3ci\u0107 uwag\u0119 wszystkim przedstawicielom medi\u00f3w, a szczeg\u00f3lnie tu wymienionym, \u017ce kto\u015b nas roluje. Tworzymy lini\u0119 programow\u0105 Putina, kt\u00f3ra nasz byt we wsp\u00f3lnej europie ucina. Chc\u0119 wierzy\u0107, \u017ce nie\u015bwiadomie Polsce szkodzimy i wkr\u00f3tce si\u0119 poprawimy, bo jak nie &#8211; \u017ale sko\u0144czymy.<\/p>\n\n\n\n<p>Pani Sviatlana Tsikhanouskaya przyby\u0142a do Polski. Nie da si\u0119 ju\u017c policzy\u0107 g\u0142os\u00f3w jakie Bia\u0142orusini oddali w wyborach prezydenckich &#8211; kto\u015b ukrad\u0142:) Opozycja jest przekonana, \u017ce wygra\u0142a Sviatlana. Wystartowa\u0142a w tych wyborach  dla swojego m\u0119\u017ca, kt\u00f3ry zamierza\u0142 wystartowa\u0107 ale \u0141ukaszenka go zamkn\u0105\u0142. To i tak dobrze,  Putin Aleksandra Nawalnego pr\u00f3bowa\u0142 otru\u0107 ale piloci si\u0119 nie bali i w Omsku wyl\u0105dowali. \u017bycie Nawalnemu uratowali. Z Tomska na Syberii do Moskwy lecieli. Ruscy dobrze wiedzieli, \u017ce z \u017cywym Nawalnym, by nie dolecieliby.  Niemcy w berli\u0144skiej klinice Charite go w\u0142a\u015bnie wybudzili. <\/p>\n\n\n\n<p>  Tsikhanouskaya w Polsce spotka\u0142a si\u0119 premierem panem Mateuszem Morawieckim, przewodnicz\u0105cym Solidarno\u015bci panem Piotrem Dud\u0105, uczestniczy\u0142a te\u017c w Forum Ekonomicznym w Karpaczu, gdzie otrzyma\u0142a Nagrod\u0119 Specjaln\u0105.  Mnie cieszy, \u017ce ci\u0105gle wierzy, i\u017c ich Rada Koordynacyjna doprowadzi do okr\u0105g\u0142ego sto\u0142u na Bia\u0142orusi. Jak Rada Konsultacyjna w Polsce. Ja widz\u0119 tu jednak r\u00f3\u017cnic\u0119. W ich Radzie Koordynacyjnej dzia\u0142a ju\u017c tylko Noblistka  Swiat\u0142ana Aleksijewicz, reszta siedzi albo zosta\u0142a wydalona z kraju. Noblistki broni\u0105 dyplomaci &#8211; naszej Rady Konsultacyjnej broni\u0142a Marysia i jej &#8220;przystojniacy&#8221;. Skutecznie bronili, a Jaruzelskiego patronem zrobili. Oni i \u0141ukaszenk\u0119 mi\u0142o\u015bci do bli\u017aniego, by nauczyli. <\/p>\n\n\n\n<p>Pi\u0105tek 11.09. 2020 rok. Wyja\u015bni\u0142a si\u0119 b\u0142azenada pana Jaros\u0142awa Kaczy\u0144skiego z pocz\u0105tku wpisu mojego. Tu ch\u0142opaki z razwietpura dzia\u0142aj\u0105 i o. Rydzyka z panem Kaczy\u0144skim sk\u0142\u00f3caj\u0105. To ich zadanie &#8211; robi\u0107 w Polsce  zamieszenie. Wykorzystuj\u0105 mi\u0142o\u015b\u0107 do zwierz\u0105t pana Jaros\u0142awa i uwielbienie pieni\u0119dzy ojca dyrektora. Chodzi o przygotowywan\u0105 ustaw\u0119 o ochron\u0119 zwierz\u0105t. Je\u017celi zabronimy hodowli futrzak\u00f3w jak to m\u00f3wi ojciec dyrektor, tylko kas\u0119 stracimy. Ma racj\u0119 panie Jaros\u0142awie. Ub\u00f3j rytualny byd\u0142a i przemys\u0142 futrzarski przedsi\u0119biorcy przenios\u0105 do innych kraj\u00f3w, to nie poprawi bytu zwierz\u0105t &#8211; a mo\u017ce nawet go pogorszy. <\/p>\n\n\n\n<p>Potrzeba jest \u015bwiadomo\u015b\u0107 ludzi, a ta mo\u017ce pogorszy\u0107 wasz byt &#8211; Kochani, zwracam si\u0119 do tych, co na moim blogu z\u0142ymi politykami s\u0105 nazywani. O ten w\u0142asnie byt dba prezydent Rosji W\u0142adimir Putin, wykorzystuj\u0105c GRU i nasze uwielbienie romantyzmu.<\/p>\n","protected":false},"excerpt":{"rendered":"<p>Zastanawia\u0142em si\u0119 jaki interes polityczny ma pan Jaros\u0142aw Kaczy\u0144ski, \u017ce zrobi\u0142 siebie takiego b\u0142azna. Trzeba si\u0119 w pas k\u0142ania\u0107 ojcu dyrektorowi, m\u00f3wi\u0142 na pikniku&nbsp;\u015brodowisk Radia Maryja i Telewizji Trwam. Dzi\u0119kowa\u0142 o. Tadeuszowi Rydzykowi za&nbsp;przeciwstawianie si\u0119 ofensywie z\u0142a. To nie by\u0142a uroczysto\u015b\u0107 religijna, wprawdzie ojciec dyrektor wyst\u0105pi\u0142 w habicie ale jako polityk&nbsp; . To moim zdaniem [&hellip;]<\/p>\n","protected":false},"author":1,"featured_media":29836,"comment_status":"open","ping_status":"open","sticky":false,"template":"","format":"standard","meta":{"_jetpack_memberships_contains_paid_content":false,"footnotes":""},"categories":[4],"tags":[656,657],"class_list":["post-29626","post","type-post","status-publish","format-standard","has-post-thumbnail","hentry","category-daty-i-fakty-blog","tag-cyrk","tag-tragedia"],"jetpack_sharing_enabled":true,"jetpack_featured_media_url":"https:\/\/htb.com.pl\/wp-content\/uploads\/2020\/09\/Cyrk.jpg","_links":{"self":[{"href":"https:\/\/htb.com.pl\/index.php?rest_route=\/wp\/v2\/posts\/29626","targetHints":{"allow":["GET"]}}],"collection":[{"href":"https:\/\/htb.com.pl\/index.php?rest_route=\/wp\/v2\/posts"}],"about":[{"href":"https:\/\/htb.com.pl\/index.php?rest_route=\/wp\/v2\/types\/post"}],"author":[{"embeddable":true,"href":"https:\/\/htb.com.pl\/index.php?rest_route=\/wp\/v2\/users\/1"}],"replies":[{"embeddable":true,"href":"https:\/\/htb.com.pl\/index.php?rest_route=%2Fwp%2Fv2%2Fcomments&post=29626"}],"version-history":[{"count":27,"href":"https:\/\/htb.com.pl\/index.php?rest_route=\/wp\/v2\/posts\/29626\/revisions"}],"predecessor-version":[{"id":29843,"href":"https:\/\/htb.com.pl\/index.php?rest_route=\/wp\/v2\/posts\/29626\/revisions\/29843"}],"wp:featuredmedia":[{"embeddable":true,"href":"https:\/\/htb.com.pl\/index.php?rest_route=\/wp\/v2\/media\/29836"}],"wp:attachment":[{"href":"https:\/\/htb.com.pl\/index.php?rest_route=%2Fwp%2Fv2%2Fmedia&parent=29626"}],"wp:term":[{"taxonomy":"category","embeddable":true,"href":"https:\/\/htb.com.pl\/index.php?rest_route=%2Fwp%2Fv2%2Fcategories&post=29626"},{"taxonomy":"post_tag","embeddable":true,"href":"https:\/\/htb.com.pl\/index.php?rest_route=%2Fwp%2Fv2%2Ftags&post=29626"}],"curies":[{"name":"wp","href":"https:\/\/api.w.org\/{rel}","templated":true}]}}