{"id":2994,"date":"2019-01-26T09:27:57","date_gmt":"2019-01-26T09:27:57","guid":{"rendered":"https:\/\/htb.com.pl\/?p=2994"},"modified":"2019-01-26T11:38:46","modified_gmt":"2019-01-26T11:38:46","slug":"wieza-antysmogowa","status":"publish","type":"post","link":"https:\/\/htb.com.pl\/?p=2994","title":{"rendered":"Wie\u017ca antysmogowa"},"content":{"rendered":"<p>Smog &#8211; ludzie pal\u0105 &#8220;czym\u015b&#8221; w piecach i nie ma czym oddycha\u0107. Jak co roku &#8211; standard.\u00a0 Zacz\u0105\u0142em si\u0119 zastanawia\u0107 czy wie\u017ca antysmogowa mog\u0142aby w jakim\u015b stopniu rozwi\u0105za\u0107 ten problem? Wymy\u015bli\u0142em, \u017ce taka\u00a0 wie\u017ca to tak naprawd\u0119 powinien by\u0107\u00a0 gigantyczny odkurzacz, kt\u00f3ry ma odkurzy\u0107 nie mieszkanie ale nasze podw\u00f3rko. Postawiony gdzie\u015b w pobli\u017cu sprawi, \u017ce py\u0142 zawieszony PM 2,5 i PM 10 zostanie w jakim\u015b stopniu\u00a0 usuni\u0119ty z powietrza, kt\u00f3rym oddychamy.<a href=\"https:\/\/htb.com.pl\/?product=smog-konsekwencje-zdrowotne-zanieczyszczen-powietrza\"><img loading=\"lazy\" decoding=\"async\" class=\"size-medium wp-image-3010 alignright\" src=\"https:\/\/htb.com.pl\/wp-content\/uploads\/2019\/01\/Smog-188x300.jpg\" alt=\"\" width=\"188\" height=\"300\" srcset=\"https:\/\/htb.com.pl\/wp-content\/uploads\/2019\/01\/Smog-188x300.jpg 188w, https:\/\/htb.com.pl\/wp-content\/uploads\/2019\/01\/Smog.jpg 200w\" sizes=\"auto, (max-width: 188px) 100vw, 188px\" \/><\/a><\/p>\n<p>Napisa\u0142em to zdanie i zrozumia\u0142em, \u017ce jest to\u00a0 totalna bzdura.<a href=\"https:\/\/htb.com.pl\/?p=246\"> Pami\u0119tam rok 1986, ci\u0105gle do niego wracam, to wtedy bowiem spotka\u0142em ponownie Pani\u0119 Mari\u0119<\/a>, po\u00a0 dziesi\u0119ciu latach rozstania. Pami\u0119tam jak ogl\u0105dali\u015bmy film &#8220;Alternatywy 4&#8221; w re\u017cyserii Stanis\u0142awa Barei. Film zosta\u0142 nakr\u0119cony ju\u017c w 1983 roku ale dopiero trzy lata p\u00f3\u017aniej mia\u0142 swoj\u0105 telewizyjn\u0105 premier\u0119 &#8211; cenzura. W\u00a0 jednym z odcink\u00f3w pokazano kobiet\u0119-robota do stania w kolejkach. Majka z politowaniem patrzy\u0142a na mnie, bo mnie pomys\u0142 wyda\u0142 si\u0119 interesuj\u0105cy. Jasiu &#8211; gospodark\u0119 rynkow\u0105 wprowadzi\u0107 trzeba i kolejki znikn\u0105. Mia\u0142a racj\u0119 ale to wiem dzi\u015b. Wtedy\u00a0 nie rozumia\u0142em te\u017c jej <a href=\"https:\/\/htb.com.pl\/?p=626\">niezwyk\u0142ego zaanga\u017cowania w obron\u0119 budowy Elektrowni J\u0105drowej w \u017barnowcu<\/a>. M\u00f3wi\u0142a, \u017ce opr\u00f3cz \u017barnowca, kt\u00f3ry by\u0142 na uko\u0144czeniu, musimy wybudowa\u0107 jeszcze dwie takie elektrownie. Sam \u017barnowiec to 4 bloki po 400 MW razem 16 000 MW. Nie licz\u0119 elektrowni szczytowo-pompowej, kt\u00f3ra mia\u0142a by\u0107 zabezpieczeniem, zosta\u0142a uruchomiona w roku 1983 i dzia\u0142a do dzi\u015b. Jej moc dla pracy turbinowej to 4 bloki po 179 MW razem 716 MW. Czemu \u017barnowiec Atomowy nie zosta\u0142 zbudowany? Czemu dzi\u015b palimy \u015bmieciami i zanieczyszczamy \u015brodowisko? Moja odpowied\u017a jest jedna &#8211; bo Marysia umar\u0142a. Umar\u0142a w 1987 roku i do w\u0142adzy doszli ludzie bez wyobra\u017ani &#8211; tak ich nazywa\u0142a. Gdyby \u017cy\u0142a nie pozwoli\u0142aby na to &#8211;\u00a0 to wiem, ja j\u0105 zna\u0142em. Do dzi\u015b pojawiaj\u0105 si\u0119 opowie\u015bci o s\u0142u\u017cbach PRL, kt\u00f3re wp\u0142ywa\u0142y na kszta\u0142towanie si\u0119 naszej demokracji, to\u00a0 Marysia by\u0142a\u00a0 a nie s\u0142u\u017cby. Gdy jej zabrak\u0142o zlikwidowano nasz program Energetyki J\u0105drowej. Trzeba jednak przyzna\u0107, \u017ce nie wszystko by\u0142o z\u0142e, wprowadzono gospodark\u0119 rynkow\u0105 &#8211; kolejki znikn\u0119\u0142y. Teraz robi si\u0119\u00a0 wszystko, \u017ceby wr\u00f3ci\u0142y, znaczy wolny rynek chce si\u0119 rozwali\u0107, w telewizji, kt\u00f3ra kiedy\u015b by\u0142a publiczn\u0105, przywr\u00f3cono cenzur\u0119.\u00a0 Stanis\u0142aw Bareja by tego nie wymy\u015bli\u0142. Pami\u0119tam 14 czerwca 1987 rok, to data \u015bmierci tego niezwyk\u0142ego tw\u00f3rcy filmowego, zmar\u0142 w Essen. Marysia le\u017ca\u0142a wtedy w szpitalu a ja opowiada\u0142em jej o wizycie <a href=\"https:\/\/htb.com.pl\/?p=1152\">Papie\u017ca Jana Paw\u0142a II w Tarnowie<\/a> &#8211; razem mieli\u015bmy tam by\u0107 i spotka\u0107 si\u0119 z Papie\u017cem.\u00a0 Majka ze \u0142zami w oczach s\u0142ucha\u0142a\u00a0 o milionie ludzi na na mszy w Tarnowie. Mam bardzo z\u0142e wyniki Jasiu, Bareja zmar\u0142 &#8211; B\u00f3g kompletuje za\u0142og\u0119, id\u0105 ci\u0119\u017ckie czasy, kto nam nas teraz poka\u017ce &#8211; powiedzia\u0142a odk\u0142adaj\u0105c gazet\u0119. Cztery miesi\u0105ce p\u00f3\u017aniej zmar\u0142a&#8230;<\/p>\n<p>Ludzie bez wyobra\u017ani przej\u0119li rz\u0105dy w Polsce i mamy to co mamy. \u017beby oddycha\u0107 zdrowym powietrzem wypada\u0142oby\u00a0 odkurza\u0107 \u015awiat. Naprawd\u0119 przysz\u0142o mi to do g\u0142owy. Pomy\u015bla\u0142em, \u017ce mo\u017cna by zastosowa\u0107 filtr HEPA &#8211; High Effibiency Particulare Air, czyli filtr s\u0142u\u017c\u0105cy do dezynfekcji powietrza. Ta dezynfekcja to te\u017c odgrzybianie, jest jednak pewien rodzaj grzyba, kt\u00f3ry jest odporny na taka filtracj\u0119 &#8211; tu wyobra\u017ania jest potrzebna &#8211; Marysia i Bareja ja mieli&#8230; A my?<\/p>\n<p>Zobaczymy &#8211; zabawne jest to, \u017ce tak\u0105 wie\u017c\u0119 antysmogow\u0105\u00a0 wybudowano w Krakowie, w Parku Jordana. Jednak tam powietrze mia\u0142o by\u0107 oczyszczane przez jonizacj\u0119.\u00a0 By\u0142o to dzie\u0142o holenderskiego projektanta Daana Roosegaarde&#8217;a &#8211; nie zda\u0142o egzaminu. Holender nie by\u0142\u00a0 w stanie sobie wyobrazi\u0107, czym my tu oddychamy.<\/p>\n<p>Uchwalono bud\u017cet. Wygl\u0105da, i\u017c ostatnie wydarzenia w kraju spowodowa\u0142y, \u017ce \u017ali politycy postanowili poczeka\u0107 z wyborami. Mo\u017ce nawet wybory odb\u0119d\u0105 si\u0119 w terminach. Cieszy mnie, \u017ce<a href=\"https:\/\/htb.com.pl\/?p=2143\"> Pan Jaros\u0142aw Kaczy\u0144ski kaza\u0142 aby jak kiedy\u015b g\u0142osy liczy\u0142a jedna komisja &#8211; prosi\u0142em go o to<\/a>. Mam jeszcze jedn\u0105 male\u0144k\u0105 pro\u015bb\u0119. Daj sobie Pan spok\u00f3j z polityk\u0105. Mord na Prezydencie Adamowiczu sprawi\u0142, \u017ce wielu Pa\u0144skich ludzi odzyskuje wyobra\u017ani\u0119.<\/p>\n<p>Przychody Pa\u0144stwa na rok 2019 to 387,6 mld z\u0142 wydatki 416,1 mld z\u0142, to daje deficyt 28,5 mld z\u0142.\u00a0 Mnie jak co roku interesuj\u0105 dwie kwoty w takim bud\u017cecie, kwota bazowa dla nauczycieli i nie chodzi tu o moj\u0105 \u017bon\u0119 nauczycielk\u0119 ale o niszczenie elit, kt\u00f3re zawsze prowadzi do tragedii. To Marysia m\u00f3wi\u0142a a <a href=\"https:\/\/htb.com.pl\/?p=852\">Tukdydes w &#8220;Wojnie Peloponeskiej&#8221; opisa\u0142<\/a>. W roku 2019 ta kwota wzro\u015bnie o 145, 01 z\u0142, czyli tak naprawd\u0119 zarobki nauczycieli spadn\u0105, jest przecie\u017c inflacja. Boj\u0119 si\u0119, \u017ce s\u0142owa arcybiskupa S\u0142awoja Leszka G\u0142\u00f3dzia, wypowiedziane na pogrzebie Prezydenta Adamowicza, b\u0119d\u0105 prorocze. Zapomnimy co znaczy; prosz\u0119, dzi\u0119kuj\u0119, przepraszam. Jest te\u017c druga kwota, kt\u00f3ra dotyczy mnie &#8211; prowadz\u0119 dzia\u0142alno\u015b\u0107 gospodarcz\u0105 i rozliczam si\u0119 na warunkach og\u00f3lnych (ksi\u0105\u017cka). To kwota wolna od podatku &#8211; 8000 z\u0142. Kiedy\u015b Niemiec zapyta\u0142 mnie ile ona w Polsce wynosi, gdy mu powiedzia\u0142em by\u0142 przekonany, \u017ce to w EUR, pochwali\u0142 nasz rz\u0105d i m\u00f3wi &#8211; my mamy tyle samo &#8211; (8130 EUR). Wstydzi\u0142em si\u0119 prostowa\u0107, zreszt\u0105 nasi Pos\u0142owie maj\u0105 t\u0105 kwot\u0119 w wysoko\u015bci 30 000 z\u0142 &#8211; super maj\u0105. Premier Mateusz Morawiecki t\u0142umacz\u0105c t\u0105 g\u0142upot\u0119 stwierdzi\u0142, \u017ce Pos\u0142owie ci\u0119\u017cko pracuj\u0105 &#8211; polityka ma by\u0107 s\u0142u\u017cb\u0105 &#8211; Panie premierze, do polityki nie idzie si\u0119 dla pieni\u0119dzy. To m\u00f3wi\u0142a Marysia a teraz powtarza\u00a0 Pan Jaros\u0142aw Kaczy\u0144ski.<\/p>\n<p><a href=\"https:\/\/htb.com.pl\/?p=143\">W roku 1987 modl\u0105c si\u0119 do Boga<\/a> poprosi\u0142em aby Karol Wojty\u0142a zosta\u0142 Papie\u017cem, obieca\u0142em, \u017ce jak si\u0119 tak stanie, ju\u017c nigdy o nic nie poprosz\u0119. Nie dotrzyma\u0142em obietnicy, mia\u0142em jeszcze dwie pro\u015bby. Ostatnio poprosi\u0142em aby <a href=\"https:\/\/htb.com.pl\/?p=252\">Marysi\u0119 przestawi\u0142 do spraw polskich<\/a>. Chyba to zrobi\u0142 &#8211; Anio\u0142ku niech ju\u017c nikt nie ginie, z\u0142o jest w odwrocie.<\/p>\n","protected":false},"excerpt":{"rendered":"<p>Smog &#8211; ludzie pal\u0105 &#8220;czym\u015b&#8221; w piecach i nie ma czym oddycha\u0107. Jak co roku &#8211; standard.\u00a0 Zacz\u0105\u0142em si\u0119 zastanawia\u0107 czy wie\u017ca antysmogowa mog\u0142aby w jakim\u015b stopniu rozwi\u0105za\u0107 ten problem? Wymy\u015bli\u0142em, \u017ce taka\u00a0 wie\u017ca to tak naprawd\u0119 powinien by\u0107\u00a0 gigantyczny odkurzacz, kt\u00f3ry ma odkurzy\u0107 nie mieszkanie ale nasze podw\u00f3rko. Postawiony gdzie\u015b w pobli\u017cu sprawi, \u017ce [&hellip;]<\/p>\n","protected":false},"author":1,"featured_media":2992,"comment_status":"open","ping_status":"open","sticky":false,"template":"","format":"standard","meta":{"_jetpack_memberships_contains_paid_content":false,"footnotes":""},"categories":[4],"tags":[361],"class_list":["post-2994","post","type-post","status-publish","format-standard","has-post-thumbnail","hentry","category-daty-i-fakty-blog","tag-wieza-antysmogowa"],"jetpack_sharing_enabled":true,"jetpack_featured_media_url":"https:\/\/htb.com.pl\/wp-content\/uploads\/2019\/01\/wie\u017ca1.jpg","_links":{"self":[{"href":"https:\/\/htb.com.pl\/index.php?rest_route=\/wp\/v2\/posts\/2994","targetHints":{"allow":["GET"]}}],"collection":[{"href":"https:\/\/htb.com.pl\/index.php?rest_route=\/wp\/v2\/posts"}],"about":[{"href":"https:\/\/htb.com.pl\/index.php?rest_route=\/wp\/v2\/types\/post"}],"author":[{"embeddable":true,"href":"https:\/\/htb.com.pl\/index.php?rest_route=\/wp\/v2\/users\/1"}],"replies":[{"embeddable":true,"href":"https:\/\/htb.com.pl\/index.php?rest_route=%2Fwp%2Fv2%2Fcomments&post=2994"}],"version-history":[{"count":21,"href":"https:\/\/htb.com.pl\/index.php?rest_route=\/wp\/v2\/posts\/2994\/revisions"}],"predecessor-version":[{"id":3017,"href":"https:\/\/htb.com.pl\/index.php?rest_route=\/wp\/v2\/posts\/2994\/revisions\/3017"}],"wp:featuredmedia":[{"embeddable":true,"href":"https:\/\/htb.com.pl\/index.php?rest_route=\/wp\/v2\/media\/2992"}],"wp:attachment":[{"href":"https:\/\/htb.com.pl\/index.php?rest_route=%2Fwp%2Fv2%2Fmedia&parent=2994"}],"wp:term":[{"taxonomy":"category","embeddable":true,"href":"https:\/\/htb.com.pl\/index.php?rest_route=%2Fwp%2Fv2%2Fcategories&post=2994"},{"taxonomy":"post_tag","embeddable":true,"href":"https:\/\/htb.com.pl\/index.php?rest_route=%2Fwp%2Fv2%2Ftags&post=2994"}],"curies":[{"name":"wp","href":"https:\/\/api.w.org\/{rel}","templated":true}]}}