{"id":30024,"date":"2020-09-18T05:02:36","date_gmt":"2020-09-18T05:02:36","guid":{"rendered":"https:\/\/htb.com.pl\/?p=30024"},"modified":"2021-04-06T08:11:29","modified_gmt":"2021-04-06T08:11:29","slug":"strach","status":"publish","type":"post","link":"https:\/\/htb.com.pl\/?p=30024","title":{"rendered":"Strach"},"content":{"rendered":"\n<p><\/p>\n\n\n\n<p><\/p>\n\n\n\n<figure class=\"wp-block-image size-large\"><img loading=\"lazy\" decoding=\"async\" width=\"477\" height=\"359\" src=\"https:\/\/htb.com.pl\/wp-content\/uploads\/2020\/09\/Defilada-we-Lwowie.jpg\" alt=\"\" class=\"wp-image-30194\" srcset=\"https:\/\/htb.com.pl\/wp-content\/uploads\/2020\/09\/Defilada-we-Lwowie.jpg 477w, https:\/\/htb.com.pl\/wp-content\/uploads\/2020\/09\/Defilada-we-Lwowie-300x226.jpg 300w\" sizes=\"auto, (max-width: 477px) 100vw, 477px\" \/><\/figure>\n\n\n\n<p><\/p>\n\n\n\n<figure class=\"wp-block-image size-thumbnail\"><a href=\"https:\/\/htb.com.pl\/wp-content\/uploads\/2020\/09\/Nie-wszyscy-wracali.mp3\"><img loading=\"lazy\" decoding=\"async\" width=\"150\" height=\"150\" src=\"https:\/\/htb.com.pl\/wp-content\/uploads\/2018\/04\/posluchaj-150x150.jpg\" alt=\"\" class=\"wp-image-2020\" srcset=\"https:\/\/htb.com.pl\/wp-content\/uploads\/2018\/04\/posluchaj-150x150.jpg 150w, https:\/\/htb.com.pl\/wp-content\/uploads\/2018\/04\/posluchaj-300x300.jpg 300w, https:\/\/htb.com.pl\/wp-content\/uploads\/2018\/04\/posluchaj-100x100.jpg 100w\" sizes=\"auto, (max-width: 150px) 100vw, 150px\" \/><\/a><\/figure>\n\n\n\n<p>Strach to uczucie znane ka\u017cdemu &#8211; tylko g\u0142upi si\u0119 nie boi, m\u00f3wi\u0142a Marysia, (wcze\u015bniejsze wpisy). Wielokrotnie o strachu pisa\u0142em ale powr\u00f3c\u0119 do tego tematu. Jest bowiem okazja. 81 lat temu 8 wrze\u015bnia Niemcy bez walki zaj\u0119li Mielec. Wprawdzie w godzinach porannych napotkali niewielki op\u00f3r w pobliskim Radomy\u015blu Wielkim ale wieczorem byli w Mielcu. Jak to mo\u017cliwe, \u017ce miasto le\u017c\u0105ce nad Wis\u0142ok\u0105 &#8211; rzek\u0105, kt\u00f3ra stanowi jego zachodni\u0105 granic\u0119, z nowoczesnymi zak\u0142adami lotniczymi zosta\u0142o poddane bez wali, a linie produkcyjne zosta\u0142y zniszczone? Przecie\u017c na froncie trwa\u0142y jeszcze walki &#8211; (nad Bzur\u0105). Strach &#8211; W\u00f3dz Naczelny Edward Rydz \u015amig\u0142y mia\u0142 go w oczach, a to uniemo\u017cliwia\u0142o racjonalne my\u015blenie. Tak m\u00f3wi\u0142a Marysia &#8211; wiedzia\u0142a co m\u00f3wi\u0142a, Ona dowodz\u0105c w akcjach bojowych cz\u0119sto  strach wykorzystywa\u0142a. Terroryst\u00f3w nim parali\u017cowa\u0142a, wojskiem ich  nie nazywa\u0142a i tu regu\u0142 wojennych nie stosowa\u0142a. Strapando idzie po was, jej ludzie krzyczeli. A kim jest Pani major Strapadno, terrory\u015bci wiedzieli i swoje genitalia w ca\u0142o\u015bci zachowa\u0107 woleli. <\/p>\n\n\n\n<p>Mundur Marysia szanowa\u0142a i \u017co\u0142nierzy je\u0144c\u00f3w zgodnie z prawem wojennym traktowa\u0142a ale cywil\u00f3w, kt\u00f3rzy bomby w publicznych miejscach detonowali tak traktowa\u0142a, \u017ceby si\u0119 bali i bezbronnych kobiet i dzieci  nie zabijali.<\/p>\n\n\n\n<p>13 wrze\u015bnia 1939 rok &#8211; Edward Rydz-\u015amig\u0142y \u015bmiga z Polski w kierunku Rumunii, dotar\u0142 do Kowla. Jeszcze tylko poci\u0105g z 75  tonami naszego z\u0142ota musi przekroczy\u0107 polsko-rumu\u0144sk\u0105 granic\u0119 i jego plan obrony b\u0119dzie wykonany. Wtedy w\u0142asnie w g\u0142owie tego przera\u017conego cz\u0142owieka, Edwarda Rydza-\u015amig\u0142ego, &#8220;wodza naczelnego&#8221;, zrodzi\u0142a si\u0119 my\u015bl, \u017ceby przebra\u0107 si\u0119 w cywilne ciuchy. Gdy Marysia mi o tym opowiada\u0142a, \u0142zy w oczach mia\u0142a.<\/p>\n\n\n\n<p>13 wrze\u015bnia 1939 roku w Mielcu sp\u0142on\u0119\u0142a Synagoga, wraz kilkudziesi\u0119cioma mieszka\u0144cami Mielca. Byli to \u017bydzi, kt\u00f3rzy w\u0142asnie tego dnia witali sw\u00f3j Nowy Rok. Wed\u0142ug kalendarza hebrajskiego w\u0142a\u015bnie mamy 5780\/5781. rok.<\/p>\n\n\n\n<figure class=\"wp-block-image size-large\"><img loading=\"lazy\" decoding=\"async\" width=\"499\" height=\"323\" src=\"https:\/\/htb.com.pl\/wp-content\/uploads\/2020\/09\/Mielec_Synagogue.jpg\" alt=\"\" class=\"wp-image-30027\" srcset=\"https:\/\/htb.com.pl\/wp-content\/uploads\/2020\/09\/Mielec_Synagogue.jpg 499w, https:\/\/htb.com.pl\/wp-content\/uploads\/2020\/09\/Mielec_Synagogue-300x194.jpg 300w\" sizes=\"auto, (max-width: 499px) 100vw, 499px\" \/><\/figure>\n\n\n\n<p>W 81 rocznic\u0119 tamtych wydarze\u0144, w miejscu gdzie sta\u0142a ta przepi\u0119kna Synagoga odby\u0142a si\u0119 skromna uroczysto\u015b\u0107. W\u015br\u00f3d grupki uczestnik\u00f3w byli nie tylko ci co maj\u0105 \u017cydowskie pochodzenie i to Marysi\u0119 by ucieszy\u0142o ale to, \u017ce nie by\u0142o w\u0142odarzy miasta, czy m\u0142odzie\u017cy szkolnej &#8211; zmartwi\u0142o.<\/p>\n\n\n\n<figure class=\"wp-block-image size-large\"><img loading=\"lazy\" decoding=\"async\" width=\"640\" height=\"480\" src=\"https:\/\/htb.com.pl\/wp-content\/uploads\/2020\/09\/Uroczysto\u015b\u0107-S.jpg\" alt=\"\" class=\"wp-image-30028\" srcset=\"https:\/\/htb.com.pl\/wp-content\/uploads\/2020\/09\/Uroczysto\u015b\u0107-S.jpg 640w, https:\/\/htb.com.pl\/wp-content\/uploads\/2020\/09\/Uroczysto\u015b\u0107-S-300x225.jpg 300w, https:\/\/htb.com.pl\/wp-content\/uploads\/2020\/09\/Uroczysto\u015b\u0107-S-600x450.jpg 600w\" sizes=\"auto, (max-width: 640px) 100vw, 640px\" \/><\/figure>\n\n\n\n<p>Ja rozmawia\u0142em z obydwoma stronami i zapyta\u0142em, czemu tak by\u0142o. Dowiedzia\u0142em si\u0119, \u017ce dop\u00f3ki Gmina Wyznaniowa \u017bydowska, do kt\u00f3rej nale\u017cy teren gdzie Synagoga sta\u0142a i W\u0142adze Miasta Mielca b\u0119d\u0105 stronami, a nie Polakami, swoje uroczysto\u015bci obchodzi\u0107 b\u0119d\u0105 sami. Marysia chcia\u0142a, \u017ceby\u015bmy znowu byli Jagiellonami, a jeste\u015bmy &#8211;<em> romantykami<\/em>.<\/p>\n\n\n\n<p>Pan premier Mateusz Morawiecki nie jest romantykiem, twardo st\u0105pa po ziemi. Jednak rz\u0105dzenie krajem go przerasta. Je\u017celi Pa\u0144stwo tego nie widzicie &#8211; znaczy, \u017ce z innej perspektywy  patrzycie i troch\u0119 p\u00f3\u017aniej zobaczycie. Ja patrz\u0105c z perspektywy Marysi, w oczach rz\u0105dz\u0105cych &#8211; przedstawicieli administracji, edukacji, s\u0142u\u017cby zdrowia i s\u0142u\u017cb mundurowych &#8211; widz\u0119 strach. Ten strach ch\u0142opaki z razwietpura wywo\u0142ali. Najpierw nas sk\u0142\u00f3cili, a potem Putinem wystraszyli. Na spotkaniu u premiera wszyscy nasi  politycy co do suwerenno\u015bci Bia\u0142orusi si\u0119 zgodzi i &#8220;Plan Marshalla&#8221; wymy\u015bli. Premier ma to unijnym przyw\u00f3dcom przedstawi\u0107. Ma nadziej\u0119, \u017ce Polacy pozwol\u0105 mu si\u0119 jeszcze Polsk\u0105 pobawi\u0107. Mo\u017ce si\u0119 uda &#8211; gdyby\u015bmy z perspektywy Marysi na wszystko patrzyli, ju\u017c dawno \u0142ajzy by\u015bmy pogonili.<\/p>\n\n\n\n<p>O zabawach naszych rz\u0105dz\u0105cych nie ma co pisa\u0107. Przyjaci\u00f3\u0142 zwierz\u0105t futerkowych udawali, a tak naprawd\u0119 &#8211; bezkarno\u015b\u0107 dla &#8220;swoich&#8221; oszust\u00f3w i z\u0142odziei za\u0142atwi\u0107 pr\u00f3bowali. W Sejmie ustawy takie procedowali ale gdyby\u015bcie Pa\u0144stwo tych obrad pos\u0142uchali &#8211; cyrkiem by\u015bcie to nazwali. Ch\u0142opaki z razwietpura znowu wygrali, Pos\u0142owie ustawy o bezkarno\u015bci uchwali\u0107 rady nie dali i dalej b\u0119d\u0105 si\u0119 ba\u0107, \u017ce b\u0119d\u0105 uczciwie pracowa\u0107 albo nawet garowa\u0107.<\/p>\n\n\n\n<p>Wr\u00f3\u0107my do wrze\u015bnia 1939 roku.<\/p>\n\n\n\n<figure class=\"wp-block-image size-large\"><img loading=\"lazy\" decoding=\"async\" width=\"640\" height=\"480\" src=\"https:\/\/htb.com.pl\/wp-content\/uploads\/2020\/09\/Uroczysto\u015b\u0107-Mieleckiej-Policji.jpg\" alt=\"\" class=\"wp-image-30158\" srcset=\"https:\/\/htb.com.pl\/wp-content\/uploads\/2020\/09\/Uroczysto\u015b\u0107-Mieleckiej-Policji.jpg 640w, https:\/\/htb.com.pl\/wp-content\/uploads\/2020\/09\/Uroczysto\u015b\u0107-Mieleckiej-Policji-300x225.jpg 300w, https:\/\/htb.com.pl\/wp-content\/uploads\/2020\/09\/Uroczysto\u015b\u0107-Mieleckiej-Policji-600x450.jpg 600w\" sizes=\"auto, (max-width: 640px) 100vw, 640px\" \/><\/figure>\n\n\n\n<p> <strong>17 wrze\u015bnia <\/strong>to kolejna tragiczna  data w naszej historii. Ucieczka z pola walki wodza naczelnego,  to by\u0142 tylko pocz\u0105tek nieszcz\u0119\u015b\u0107 Narodu Polskiego. W\u0142a\u015bnie 17-stego armia czerwona wesz\u0142a na terytorium Pa\u0144stwa Polskiego. Polacy&nbsp; pozbawieni rz\u0105du stali si\u0119 r\u00f3wni &nbsp;\u017bydom i Romom. To by\u0142a przyczyna Mordu Katy\u0144skiego. Potwornego &#8211; ale ani nie pierwszego, ani nie ostatniego.<\/p>\n\n\n\n<figure class=\"wp-block-image size-large\"><img loading=\"lazy\" decoding=\"async\" width=\"480\" height=\"640\" src=\"https:\/\/htb.com.pl\/wp-content\/uploads\/2020\/09\/tablica.jpg\" alt=\"\" class=\"wp-image-30160\" srcset=\"https:\/\/htb.com.pl\/wp-content\/uploads\/2020\/09\/tablica.jpg 480w, https:\/\/htb.com.pl\/wp-content\/uploads\/2020\/09\/tablica-225x300.jpg 225w\" sizes=\"auto, (max-width: 480px) 100vw, 480px\" \/><\/figure>\n\n\n\n<p>&nbsp;W 81 rocznic\u0119 tamtych wydarze\u0144 na budynku Mieleckiej Policji ods\u0142oni\u0119to tablic\u0119 z nazwiskami tutejszych policjant\u00f3w, pomordowanych na wschodzie. Jestem pe\u0142en uznania dla dyrektora Muzeum Regionalnego w Mielcu Pana Jerzego Skrzypczaka, inicjatora upami\u0119tnienia policjant\u00f3w w tej formie, \u017ce wybra\u0142 w\u0142asnie t\u0105 dat\u0119  &#8211; dat\u0119 ucieczki Edwarda Rydza-\u015amig\u0142ego, &#8220;wodza naczelnego&#8221;. Rozstrzeliwania w Katyniu rozpocz\u0119\u0142y si\u0119 na wiosn\u0119 roku 1940 -stego.<\/p>\n\n\n\n<figure class=\"wp-block-image size-large\"><a href=\"https:\/\/htb.com.pl\/?product=katyn-zbrodnia-i-klamstwo\"><img loading=\"lazy\" decoding=\"async\" width=\"200\" height=\"295\" src=\"https:\/\/htb.com.pl\/wp-content\/uploads\/2020\/02\/Katy\u0144-k\u0142amstwo.jpg\" alt=\"\" class=\"wp-image-17579\"\/><\/a><\/figure>\n\n\n\n<p>Na zako\u0144czenie zwr\u00f3c\u0119 si\u0119 do ch\u0142opak\u00f3w z razwietpura. Odpu\u015b\u0107cie kochani, bo dalej tak ani, ani. Po tym jak nas w 1939 roku \u017ce\u015bcie zaatakowali, wkr\u00f3tce &#8220;Po\u017cegnanie S\u0142owianki \u017ce\u015bcie \u015bpiewali i na \u015bmiertelny b\u00f3j maszerowali. Nie wszyscy wracali.<\/p>\n","protected":false},"excerpt":{"rendered":"<p>Strach to uczucie znane ka\u017cdemu &#8211; tylko g\u0142upi si\u0119 nie boi, m\u00f3wi\u0142a Marysia, (wcze\u015bniejsze wpisy). Wielokrotnie o strachu pisa\u0142em ale powr\u00f3c\u0119 do tego tematu. Jest bowiem okazja. 81 lat temu 8 wrze\u015bnia Niemcy bez walki zaj\u0119li Mielec. Wprawdzie w godzinach porannych napotkali niewielki op\u00f3r w pobliskim Radomy\u015blu Wielkim ale wieczorem byli w Mielcu. Jak to [&hellip;]<\/p>\n","protected":false},"author":1,"featured_media":30194,"comment_status":"open","ping_status":"open","sticky":false,"template":"","format":"standard","meta":{"_jetpack_memberships_contains_paid_content":false,"footnotes":""},"categories":[4],"tags":[658],"class_list":["post-30024","post","type-post","status-publish","format-standard","has-post-thumbnail","hentry","category-daty-i-fakty-blog","tag-17-wrzesnia-1939-rok"],"jetpack_sharing_enabled":true,"jetpack_featured_media_url":"https:\/\/htb.com.pl\/wp-content\/uploads\/2020\/09\/Defilada-we-Lwowie.jpg","_links":{"self":[{"href":"https:\/\/htb.com.pl\/index.php?rest_route=\/wp\/v2\/posts\/30024","targetHints":{"allow":["GET"]}}],"collection":[{"href":"https:\/\/htb.com.pl\/index.php?rest_route=\/wp\/v2\/posts"}],"about":[{"href":"https:\/\/htb.com.pl\/index.php?rest_route=\/wp\/v2\/types\/post"}],"author":[{"embeddable":true,"href":"https:\/\/htb.com.pl\/index.php?rest_route=\/wp\/v2\/users\/1"}],"replies":[{"embeddable":true,"href":"https:\/\/htb.com.pl\/index.php?rest_route=%2Fwp%2Fv2%2Fcomments&post=30024"}],"version-history":[{"count":27,"href":"https:\/\/htb.com.pl\/index.php?rest_route=\/wp\/v2\/posts\/30024\/revisions"}],"predecessor-version":[{"id":43491,"href":"https:\/\/htb.com.pl\/index.php?rest_route=\/wp\/v2\/posts\/30024\/revisions\/43491"}],"wp:featuredmedia":[{"embeddable":true,"href":"https:\/\/htb.com.pl\/index.php?rest_route=\/wp\/v2\/media\/30194"}],"wp:attachment":[{"href":"https:\/\/htb.com.pl\/index.php?rest_route=%2Fwp%2Fv2%2Fmedia&parent=30024"}],"wp:term":[{"taxonomy":"category","embeddable":true,"href":"https:\/\/htb.com.pl\/index.php?rest_route=%2Fwp%2Fv2%2Fcategories&post=30024"},{"taxonomy":"post_tag","embeddable":true,"href":"https:\/\/htb.com.pl\/index.php?rest_route=%2Fwp%2Fv2%2Ftags&post=30024"}],"curies":[{"name":"wp","href":"https:\/\/api.w.org\/{rel}","templated":true}]}}