{"id":3018,"date":"2019-02-02T08:23:43","date_gmt":"2019-02-02T08:23:43","guid":{"rendered":"https:\/\/htb.com.pl\/?p=3018"},"modified":"2019-07-24T07:11:00","modified_gmt":"2019-07-24T07:11:00","slug":"zlo-w-odwrocie","status":"publish","type":"post","link":"https:\/\/htb.com.pl\/?p=3018","title":{"rendered":"Z\u0142o w odwrocie"},"content":{"rendered":"<p><img loading=\"lazy\" decoding=\"async\" class=\"alignnone size-medium wp-image-3023\" src=\"https:\/\/htb.com.pl\/wp-content\/uploads\/2019\/01\/Wie\u017cowce-srebrna-300x212.jpg\" alt=\"\" width=\"300\" height=\"212\" srcset=\"https:\/\/htb.com.pl\/wp-content\/uploads\/2019\/01\/Wie\u017cowce-srebrna-300x212.jpg 300w, https:\/\/htb.com.pl\/wp-content\/uploads\/2019\/01\/Wie\u017cowce-srebrna-600x424.jpg 600w, https:\/\/htb.com.pl\/wp-content\/uploads\/2019\/01\/Wie\u017cowce-srebrna.jpg 705w\" sizes=\"auto, (max-width: 300px) 100vw, 300px\" \/><\/p>\n<p>To by\u0142o ostatnie zdanie mojego poprzedniego wpisu, pisa\u0142em tam o wie\u017cy antysmogowej. Dziwne, bo wydarzenia tego tygodnia, r\u00f3wnie\u017c wymagaj\u0105 aby o wie\u017cach wspomnie\u0107. Pan Jaros\u0142aw Kaczy\u0144ski zamierza takie w\u0142a\u015bnie wie\u017ce, czyli dwa biurowce wybudowa\u0107 w Warszawie. Ma to by\u0107 &#8220;pomnik Kaczy\u0144skich&#8221;, czyli co\u015b co pozostanie po ich dzia\u0142alno\u015bci.<\/p>\n<p>Po Katastrofie Smole\u0144skiej Pan Jaros\u0142aw Kaczy\u0144ski ca\u0142kiem si\u0119 pogubi\u0142. Postanowi\u0142 tak zmieni\u0107 histori\u0119, aby to jego brat Lech Kaczy\u0144ski i on stali si\u0119 zbawcami Narodu Polskiego. <a href=\"https:\/\/htb.com.pl\/?p=2255\">Mnie to przypomina to co zrobiono z J\u00f3zefem Pi\u0142sudskim<\/a>. Fa\u0142szywie przypisano mu stworzenie Legion\u00f3w, udzia\u0142 w\u00a0 Bitwie Warszawskiej a w efekcie kult jednostki &#8211; to sprawi\u0142o, \u017ce zosta\u0142 Ojcem naszej niepodleg\u0142o\u015bci. Takie kombinacje doprowadzi\u0142y do katastrofy &#8211; kl\u0119ska wrze\u015bniowa. Dzi\u015b mamy Uni\u0119 Europejsk\u0105, jej mechanizmy zabezpieczaj\u0105 nas przed takim scenariuszem &#8211; mam nadziej\u0119.<a href=\"https:\/\/htb.com.pl\/?product=porozumienie-przeciw-monowladzy-z-dziejow-pc\"><img loading=\"lazy\" decoding=\"async\" class=\"size-full wp-image-3036 alignright\" src=\"https:\/\/htb.com.pl\/wp-content\/uploads\/2019\/02\/jaros\u0142awk.jpg\" alt=\"\" width=\"200\" height=\"286\" \/><\/a><\/p>\n<p>Jest te\u017c inny, bardziej przyziemny cel budowy wie\u017cowc\u00f3w. Pan Jaros\u0142aw Kaczy\u0144ski strasznie sobie wzi\u0105\u0142 do serca s\u0142owa, \u017ce do polityki nie idzie si\u0119 dla pieni\u0119dzy. No ale pieni\u0105dze s\u0105 potrzebne. Pos\u0142ucha\u0142 rady &#8220;starych komuch\u00f3w&#8221; i postanowi\u0142, \u017ce\u00a0 wybuduje biurowce za pieni\u0105dze ze zrepolonizowanego Banku PKO SA, na gruntach, kt\u00f3re wy\u0142udzono w czasie przemian lat 90-tych i potem wcieli w \u017cycie has\u0142o o polityce i pieni\u0105dzach. Znaczy zabierze dotacje dla partii politycznych. Sprytne &#8211; sam bowiem b\u0119dzie mia\u0142 dochody z wie\u017c.<\/p>\n<p>No ale to tylko w marzeniach mo\u017ce si\u0119 uda\u0107, dlatego te jego wie\u017ce do antysmogowych por\u00f3wna\u0142em.\u00a0 Nie powiedzieli Panu Kaczy\u0144skiemu, \u017ce S\u0105dy i Prokuratura nie s\u0105 jeszcze\u00a0 pisowskie. Tak to jest jak si\u0119 &#8220;re\u017cim\u00f3wki&#8221; s\u0142ucha, tam Polska dla swoich,\u00a0 to kraina mlekiem i miodem p\u0142yn\u0105ca. Wielu teraz pozna \u017cycie wi\u0119zienne &#8211; ostrzega\u0142em. <a href=\"https:\/\/htb.com.pl\/?p=208\">&#8220;Grypsera&#8221;<\/a>. Ostrzega\u0142em te\u017c przed Patrykiem Jakim co mia\u0142 udawa\u0107 Prezydenta Warszawy &#8211; dobrze, \u017ce przer\u017cn\u0105\u0142 te wybory. Prosz\u0119 popatrze\u0107 jak udaje prawnika w Komisji weryfikacyjnej ds. reprywatyzacji. Jego przes\u0142uchanie adwokata Roberta Nowaczyka to by\u0142 cyrk. Ja radz\u0119 sko\u0144czy\u0107 te zabawy, bo po Srebrnej 16 zostan\u0105 tylko wspomnienia pod cel\u0105. Zabawne jest to, \u017ce zamykaj\u0105 ci, kt\u00f3rzy sami powinni siedzie\u0107 po poprzednich rz\u0105dach Pana Kaczy\u0144skiego, a to \u017ce nie siedz\u0105, to tyko dlatego, \u017ce opozycja odpu\u015bci\u0142a i <a href=\"https:\/\/htb.com.pl\/?p=208\">Pan Prezydent\u00a0 Andrzej Duda cz\u0119\u015b\u0107 u\u0142askawi\u0142<\/a>.<\/p>\n<p>Tu nie ma si\u0119 co \u015bmia\u0107 &#8211; wi\u0119kszo\u015b\u0107 przekr\u0119t\u00f3w dokonali ludzie zwi\u0105zani z MON. Ci wzoruj\u0105cy si\u0119 na Ojcu Tadeuszu Rydzyku dzia\u0142aj\u0105 lepiej.\u00a0 Przygotowania do budowy Nycz Tower id\u0105 zgodnie z planem, to 180-cio metrowy wie\u017cowiec w Warszawie. Nikt tam nie robi \u017cadnych afer, po cichutku w my\u015bl ruskiej zasady &#8211;\u00a0<em>&#8220;ciszej budziesz dalsze jedziesz&#8221;. <\/em>Pan Kaczy\u0144ski te\u017c tak pr\u00f3bowa\u0142,\u00a0 \u017ceby sfinansowa\u0107 inwestycj\u0119 przej\u0105\u0142 (zrepolonizowa\u0142) Bank PKO SA (ten z \u017cubrem), kt\u00f3ry na tej operacji straci\u0142 ponad 50 % na swoich akcjach. Musz\u0119 jednak przyzna\u0107, \u017ce nie by\u0142o to takie g\u0142upie. Pan Kaczy\u0144ski sta\u0142 si\u0119 de facto w\u0142a\u015bcicielem banku i mia\u0142 finansowanie dla swojej inwestycji. Jednak pr\u00f3ba wyrolowania wykonawcy przez podstawienie &#8220;s\u0142upa&#8221; jako inwestora nie mog\u0142a si\u0119 uda\u0107. Austriacki przedsi\u0119biorca Gerald Birgfellner, w pewnym stopniu spowinowacony z Panem Kaczy\u0144skim nie da\u0142 si\u0119 rolowa\u0107. Posz\u0142o o prawie 40 milion\u00f3w z\u0142otych. Za\u0142atwi\u0142 Pana Kaczy\u0144skiego ujawniaj\u0105c nagrane rozmowy przy omawianiu przekr\u0119tu, Trzeba by\u0142o Panie Prezesie<a href=\"https:\/\/htb.com.pl\/?p=2359\"> szumid\u0142a\u00a0 z KNF po\u017cyczy\u0107<\/a>.\u00a0 Musi Pan te\u017c wiedzie\u0107, \u017ce oszustwo zawsze wyjdzie w momencie p\u0142atno\u015bci, wtedy wszystko si\u0119 zgadza, pr\u00f3cz kasy. I jeszcze jedna zasada &#8211; z rodzin\u0105 najlepiej wychodzi si\u0119 na zdj\u0119ciach.<\/p>\n<p>Ale ja Pana Kaczy\u0144skiego rozumiem, ka\u017cdy chce mie\u0107 co\u015b co po nim zostanie. \u0179le jest jak dezawu\u0142uje si\u0119 takie pomniki &#8211; a to taka nasza nowa tradycja &#8211; Pan Panie Kaczy\u0144ski j\u0105 stworzy\u0142. W\u0142a\u015bnie obci\u0119to dotacj\u0119 na Europejskie Centrum Solidarno\u015bci w Gda\u0144sku.<\/p>\n<p>Gdy pisz\u0119 te s\u0142owa jest 2 luty 2019 rok. 30 lat temu, 6 lutego\u00a0 rozpocz\u0119\u0142y si\u0119 Obrady Okr\u0105g\u0142ego Sto\u0142u. Wspominam Marysi\u0119, moj\u0105 dziewczyn\u0119, kt\u00f3ra na<a href=\"https:\/\/htb.com.pl\/?p=2793\"> balu sylwestrowym 1986 na 1987 narysowa\u0142a w swoim kalendarzu taki okr\u0105g\u0142y st\u00f3\u0142<\/a>. By\u0142o wiele jej dzia\u0142a\u0144 <a href=\"https:\/\/htb.com.pl\/?p=2699\">(Rada Konsultacyjna)<\/a>, kt\u00f3re doprowadzi\u0142y do przemian w Polsce. Ona nie zabiega\u0142a o pomniki, <a href=\"https:\/\/htb.com.pl\/?p=2194\">gdy nazwano j\u0105 ubekiem zwalczaj\u0105cym Ko\u015bci\u00f3\u0142 Katolicki, nie prostowa\u0142a tego<\/a>. Dzi\u015b jej dzia\u0142ania nazywane s\u0105 zdrad\u0105 Okr\u0105g\u0142ego Sto\u0142u.<\/p>\n<p>Przemawiaj\u0105c nad jej trumn\u0105 powiedzia\u0142em &#8211; <a href=\"https:\/\/htb.com.pl\/?p=246\">&#8220;B\u00f3g tak chcia\u0142&#8221;<\/a>.\u00a0 Do dzi\u015b nie wiem czemu chcia\u0142? Wiem jednak, \u017ce &#8211; nie umiera ten, kto pozostaje w pami\u0119ci innych. To najlepszy pomnik, jego nie da si\u0119 zdezawu\u0142owa\u0107, rozwali\u0107. O ludziach dobrych pami\u0119\u0107 zawsze pozostanie. Ja pomnik Marysi widz\u0119, chocia\u017c nikt go nie zbudowa\u0142 &#8211; widz\u0119, bo patrz\u0119 sercem, jak <a href=\"https:\/\/htb.com.pl\/?p=261\">ma\u0142y ksi\u0105\u017c\u0119 <\/a>.<\/p>\n","protected":false},"excerpt":{"rendered":"<p>To by\u0142o ostatnie zdanie mojego poprzedniego wpisu, pisa\u0142em tam o wie\u017cy antysmogowej. Dziwne, bo wydarzenia tego tygodnia, r\u00f3wnie\u017c wymagaj\u0105 aby o wie\u017cach wspomnie\u0107. Pan Jaros\u0142aw Kaczy\u0144ski zamierza takie w\u0142a\u015bnie wie\u017ce, czyli dwa biurowce wybudowa\u0107 w Warszawie. Ma to by\u0107 &#8220;pomnik Kaczy\u0144skich&#8221;, czyli co\u015b co pozostanie po ich dzia\u0142alno\u015bci. Po Katastrofie Smole\u0144skiej Pan Jaros\u0142aw Kaczy\u0144ski ca\u0142kiem [&hellip;]<\/p>\n","protected":false},"author":1,"featured_media":3023,"comment_status":"open","ping_status":"open","sticky":false,"template":"","format":"standard","meta":{"_jetpack_memberships_contains_paid_content":false,"footnotes":""},"categories":[4],"tags":[363],"class_list":["post-3018","post","type-post","status-publish","format-standard","has-post-thumbnail","hentry","category-daty-i-fakty-blog","tag-wieze-kaczynskiego"],"jetpack_sharing_enabled":true,"jetpack_featured_media_url":"https:\/\/htb.com.pl\/wp-content\/uploads\/2019\/01\/Wie\u017cowce-srebrna.jpg","_links":{"self":[{"href":"https:\/\/htb.com.pl\/index.php?rest_route=\/wp\/v2\/posts\/3018","targetHints":{"allow":["GET"]}}],"collection":[{"href":"https:\/\/htb.com.pl\/index.php?rest_route=\/wp\/v2\/posts"}],"about":[{"href":"https:\/\/htb.com.pl\/index.php?rest_route=\/wp\/v2\/types\/post"}],"author":[{"embeddable":true,"href":"https:\/\/htb.com.pl\/index.php?rest_route=\/wp\/v2\/users\/1"}],"replies":[{"embeddable":true,"href":"https:\/\/htb.com.pl\/index.php?rest_route=%2Fwp%2Fv2%2Fcomments&post=3018"}],"version-history":[{"count":29,"href":"https:\/\/htb.com.pl\/index.php?rest_route=\/wp\/v2\/posts\/3018\/revisions"}],"predecessor-version":[{"id":6339,"href":"https:\/\/htb.com.pl\/index.php?rest_route=\/wp\/v2\/posts\/3018\/revisions\/6339"}],"wp:featuredmedia":[{"embeddable":true,"href":"https:\/\/htb.com.pl\/index.php?rest_route=\/wp\/v2\/media\/3023"}],"wp:attachment":[{"href":"https:\/\/htb.com.pl\/index.php?rest_route=%2Fwp%2Fv2%2Fmedia&parent=3018"}],"wp:term":[{"taxonomy":"category","embeddable":true,"href":"https:\/\/htb.com.pl\/index.php?rest_route=%2Fwp%2Fv2%2Fcategories&post=3018"},{"taxonomy":"post_tag","embeddable":true,"href":"https:\/\/htb.com.pl\/index.php?rest_route=%2Fwp%2Fv2%2Ftags&post=3018"}],"curies":[{"name":"wp","href":"https:\/\/api.w.org\/{rel}","templated":true}]}}