{"id":30407,"date":"2020-09-25T05:47:45","date_gmt":"2020-09-25T05:47:45","guid":{"rendered":"https:\/\/htb.com.pl\/?p=30407"},"modified":"2020-09-25T08:48:04","modified_gmt":"2020-09-25T08:48:04","slug":"no-i-stalo-sie","status":"publish","type":"post","link":"https:\/\/htb.com.pl\/?p=30407","title":{"rendered":"No i sta\u0142o si\u0119"},"content":{"rendered":"\n<p><\/p>\n\n\n\n<figure class=\"wp-block-image size-thumbnail\"><a href=\"https:\/\/htb.com.pl\/wp-content\/uploads\/2020\/09\/Ocali\u0107-pami\u0119\u0107.mp3\"><img loading=\"lazy\" decoding=\"async\" width=\"150\" height=\"150\" src=\"https:\/\/htb.com.pl\/wp-content\/uploads\/2018\/04\/posluchaj-150x150.jpg\" alt=\"\" class=\"wp-image-2020\" srcset=\"https:\/\/htb.com.pl\/wp-content\/uploads\/2018\/04\/posluchaj-150x150.jpg 150w, https:\/\/htb.com.pl\/wp-content\/uploads\/2018\/04\/posluchaj-300x300.jpg 300w, https:\/\/htb.com.pl\/wp-content\/uploads\/2018\/04\/posluchaj-100x100.jpg 100w\" sizes=\"auto, (max-width: 150px) 100vw, 150px\" \/><\/a><\/figure>\n\n\n\n<p>Moje ostatnie wpisy, k\u0142\u00f3ci\u0142y si\u0119 z przekazem TVPiS, czy Polskiego Radia 24. Pisa\u0142em, \u017ce s\u0105 to media, kt\u00f3re w znacznym stopniu odpowiadaj\u0105 za ca\u0142e to z\u0142o, kt\u00f3rego Pa\u0144stwo jeszcze nie widzicie, bo z perspektywy wymienionych medi\u00f3w patrzycie.  Mam nadziej\u0119, \u017ce teraz zobaczyli\u015bcie &#8211; co\u015b co mia\u0142o by\u0107 jedno\u015bci\u0105, zarz\u0105dzane z niezwyk\u0142\u0105 przebieg\u0142o\u015bci\u0105, okaza\u0142o si\u0119 marno\u015bci\u0105.<\/p>\n\n\n\n<p>To bardzo przypomina nasz tragiczny wrzesie\u0144 1939 rok. Po tym jak do Niemc\u00f3w do\u0142\u0105czyli czerwoni, nasi rz\u0105dz\u0105cy dosiedli koni i tylko dudni\u0142o na mo\u015bcie w Zaleszczykach. Warszawa kapitulowa\u0142a.<\/p>\n\n\n\n<figure class=\"wp-block-image size-large\"><img loading=\"lazy\" decoding=\"async\" width=\"512\" height=\"407\" src=\"https:\/\/htb.com.pl\/wp-content\/uploads\/2020\/09\/Po\u017car-zamku.jpg\" alt=\"\" class=\"wp-image-30408\" srcset=\"https:\/\/htb.com.pl\/wp-content\/uploads\/2020\/09\/Po\u017car-zamku.jpg 512w, https:\/\/htb.com.pl\/wp-content\/uploads\/2020\/09\/Po\u017car-zamku-300x238.jpg 300w\" sizes=\"auto, (max-width: 512px) 100vw, 512px\" \/><\/figure>\n\n\n\n<p>Na nic zda\u0142o si\u0119 utworzenie Armii Warszawa, na nic \u017co\u0142nierze Armii Pozna\u0144 i Pomorze, kt\u00f3rzy po walkach nad Bzur\u0105, przez Puszcz\u0119 Kampinowsk\u0105 dostali si\u0119 do Warszawy, na nic wojska w Twierdzy Modlin. Nikt tego nie koordynowa\u0142, a genera\u0142  Juliusz R\u00f3mml, dowodz\u0105cy Armi\u0105 Warszawa, w sk\u0142ad kt\u00f3rej wchodzi\u0142 batalion czo\u0142g\u00f3w, gdzie\u015b si\u0119 ze swoim wojskiem schowa\u0142.<\/p>\n\n\n\n<p>Tak wtedy jak i dzi\u015b Sanacja pokaza\u0142a, \u017ce tylko k\u0142\u00f3ci\u0107 si\u0119 umia\u0142a.<\/p>\n\n\n\n<p>Media ekscytuj\u0105 si\u0119 k\u0142\u00f3tniami w koalicji rz\u0105dz\u0105cej i rosn\u0105c\u0105 liczb\u0105 zaka\u017ce\u0144 COVID-19. 24 sierpnia by\u0142o ich 1136, to dotychczasowy rekord. Ale nie tu moim zdaniem jest problem. Do oko\u0142o setki Polak\u00f3w, jacy<strong> codziennie <\/strong>umieraj\u0105 z powodu zanieczyszczonego powietrza, teraz trzeba doliczy\u0107 setk\u0119 tych, co <strong>codziennie <\/strong>trac\u0105 \u017cycie z powodu potwornego ba\u0142aganu w s\u0142u\u017cbie zdrowia. Zanieczyszczone powietrze, to uwalenie przez premiera Tadeusz Mazowieckiego naszego <a href=\"https:\/\/htb.com.pl\/?p=10152\">programu j\u0105drowego,<\/a>  ba\u0142aganu w resorcie zdrowia, te\u017c dokona\u0142a ekipa solidarno\u015bciowa. Chodzi o t\u0105 Solidarno\u015b\u0107, co du\u017c\u0105 liter\u0105 si\u0119 pisze. Nam potrzebna jest taka, co ma\u0142\u0105 liter\u0105 kto\u015b kiedy\u015b j\u0105 opisze. Ale \u017ceby tak by\u0142o, trzeba \u017ceby dobro teraz si\u0119 wydarzy\u0142o.<\/p>\n\n\n\n<p>R\u00f3\u017caniec Marysi &#8211; ci\u0105gle go odmawiamy, cho\u0107 ju\u017c si\u0119 nie spotykamy. Ostatnio  po takim spotkaniu, byli SB-cy mi opowiadali, jak nad cia\u0142em zabitego tak\u0105 w\u0142a\u015bnie modlitw\u0119 z major Mari odmawiali. Te\u017c Matk\u0119 Jezusa Mari\u0105  nazywali &#8211; cho\u0107 chwil\u0119 wcze\u015bniej do niej strzelali. To oni mnie przekonali, \u017ce b\u0119dzie dobrze, jak taki R\u00f3\u017caniec b\u0119dziemy odmawiali. <\/p>\n\n\n\n<p>Opowiadali jak na Warszawskiej Pradze, pod koniec 1986 roku w rejonie ulicy Stalowej, w jednej z kamienic wa\u017cn\u0105 teczk\u0119 z dokumentami mieli. Nie mo\u017cna by\u0142o jej zniszczy\u0107, ani odda\u0107. A tu w\u0142a\u015bnie po t\u0105 teczk\u0119 przysz\u0142a major Mari i jej przystojniacy. G\u0142o\u015bno zapukali i na zaproszenie nie czekali. SB-ecy z teczk\u0105 na dach zwiali. Jeden si\u0119 po\u015blizgn\u0105\u0142 i spad\u0142. Wszyscy go ratowali, w du..e teczk\u0119 mieli. Jednak rady nie dali i to wtedy, w modlitwie si\u0119 pojednali. Chcia\u0142bym, \u017ceby\u015bmy tak spr\u00f3bowali. Modlitwa Polski nie ocali ale wzajemn\u0105 nienawi\u015b\u0107 oddali.<\/p>\n\n\n\n<p>Chcia\u0142bym, aby podczas takiej modlitwy, \u015bwi\u0119c\u0119 Pa\u0144stwo zapalili i pami\u0119\u0107 o tych co chcieli nas nauczy\u0107 wolno\u015bci i solidarno\u015bci &#8211; ocalili.<\/p>\n\n\n\n<figure class=\"wp-block-image size-large\"><a href=\"https:\/\/htb.com.pl\/?product=swieca-konopna\"><img loading=\"lazy\" decoding=\"async\" width=\"480\" height=\"480\" src=\"https:\/\/htb.com.pl\/wp-content\/uploads\/2020\/09\/\u015bwieca_antydepresyjna-ma\u0142a.png\" alt=\"\" class=\"wp-image-29426\" srcset=\"https:\/\/htb.com.pl\/wp-content\/uploads\/2020\/09\/\u015bwieca_antydepresyjna-ma\u0142a.png 480w, https:\/\/htb.com.pl\/wp-content\/uploads\/2020\/09\/\u015bwieca_antydepresyjna-ma\u0142a-300x300.png 300w, https:\/\/htb.com.pl\/wp-content\/uploads\/2020\/09\/\u015bwieca_antydepresyjna-ma\u0142a-150x150.png 150w, https:\/\/htb.com.pl\/wp-content\/uploads\/2020\/09\/\u015bwieca_antydepresyjna-ma\u0142a-100x100.png 100w\" sizes=\"auto, (max-width: 480px) 100vw, 480px\" \/><\/a><\/figure>\n","protected":false},"excerpt":{"rendered":"<p>Moje ostatnie wpisy, k\u0142\u00f3ci\u0142y si\u0119 z przekazem TVPiS, czy Polskiego Radia 24. Pisa\u0142em, \u017ce s\u0105 to media, kt\u00f3re w znacznym stopniu odpowiadaj\u0105 za ca\u0142e to z\u0142o, kt\u00f3rego Pa\u0144stwo jeszcze nie widzicie, bo z perspektywy wymienionych medi\u00f3w patrzycie. Mam nadziej\u0119, \u017ce teraz zobaczyli\u015bcie &#8211; co\u015b co mia\u0142o by\u0107 jedno\u015bci\u0105, zarz\u0105dzane z niezwyk\u0142\u0105 przebieg\u0142o\u015bci\u0105, okaza\u0142o si\u0119 marno\u015bci\u0105. [&hellip;]<\/p>\n","protected":false},"author":1,"featured_media":30408,"comment_status":"open","ping_status":"open","sticky":false,"template":"","format":"standard","meta":{"_jetpack_memberships_contains_paid_content":false,"footnotes":""},"categories":[4],"tags":[659],"class_list":["post-30407","post","type-post","status-publish","format-standard","has-post-thumbnail","hentry","category-daty-i-fakty-blog","tag-wolnoosc-soidarnosc"],"jetpack_sharing_enabled":true,"jetpack_featured_media_url":"https:\/\/htb.com.pl\/wp-content\/uploads\/2020\/09\/Po\u017car-zamku.jpg","_links":{"self":[{"href":"https:\/\/htb.com.pl\/index.php?rest_route=\/wp\/v2\/posts\/30407","targetHints":{"allow":["GET"]}}],"collection":[{"href":"https:\/\/htb.com.pl\/index.php?rest_route=\/wp\/v2\/posts"}],"about":[{"href":"https:\/\/htb.com.pl\/index.php?rest_route=\/wp\/v2\/types\/post"}],"author":[{"embeddable":true,"href":"https:\/\/htb.com.pl\/index.php?rest_route=\/wp\/v2\/users\/1"}],"replies":[{"embeddable":true,"href":"https:\/\/htb.com.pl\/index.php?rest_route=%2Fwp%2Fv2%2Fcomments&post=30407"}],"version-history":[{"count":13,"href":"https:\/\/htb.com.pl\/index.php?rest_route=\/wp\/v2\/posts\/30407\/revisions"}],"predecessor-version":[{"id":30566,"href":"https:\/\/htb.com.pl\/index.php?rest_route=\/wp\/v2\/posts\/30407\/revisions\/30566"}],"wp:featuredmedia":[{"embeddable":true,"href":"https:\/\/htb.com.pl\/index.php?rest_route=\/wp\/v2\/media\/30408"}],"wp:attachment":[{"href":"https:\/\/htb.com.pl\/index.php?rest_route=%2Fwp%2Fv2%2Fmedia&parent=30407"}],"wp:term":[{"taxonomy":"category","embeddable":true,"href":"https:\/\/htb.com.pl\/index.php?rest_route=%2Fwp%2Fv2%2Fcategories&post=30407"},{"taxonomy":"post_tag","embeddable":true,"href":"https:\/\/htb.com.pl\/index.php?rest_route=%2Fwp%2Fv2%2Ftags&post=30407"}],"curies":[{"name":"wp","href":"https:\/\/api.w.org\/{rel}","templated":true}]}}