{"id":3055,"date":"2019-02-09T07:49:47","date_gmt":"2019-02-09T07:49:47","guid":{"rendered":"https:\/\/htb.com.pl\/?p=3055"},"modified":"2023-10-10T15:21:02","modified_gmt":"2023-10-10T15:21:02","slug":"zamach-stanu-w-odwrocie","status":"publish","type":"post","link":"https:\/\/htb.com.pl\/?p=3055","title":{"rendered":"Zamach stanu w odwrocie"},"content":{"rendered":"<p><img loading=\"lazy\" decoding=\"async\" class=\"alignnone size-medium wp-image-2709\" src=\"https:\/\/htb.com.pl\/wp-content\/uploads\/2018\/12\/st\u00f3l-300x195.jpg\" alt=\"\" width=\"300\" height=\"195\" srcset=\"https:\/\/htb.com.pl\/wp-content\/uploads\/2018\/12\/st\u00f3l-300x195.jpg 300w, https:\/\/htb.com.pl\/wp-content\/uploads\/2018\/12\/st\u00f3l-600x391.jpg 600w, https:\/\/htb.com.pl\/wp-content\/uploads\/2018\/12\/st\u00f3l.jpg 640w\" sizes=\"auto, (max-width: 300px) 100vw, 300px\" \/><\/p>\n<p><a href=\"https:\/\/htb.com.pl\/wp-content\/uploads\/2023\/10\/Zamach-stanu-w-odwrocie.mp3\"><img loading=\"lazy\" decoding=\"async\" class=\"alignnone size-medium wp-image-2020\" src=\"https:\/\/htb.com.pl\/wp-content\/uploads\/2018\/04\/posluchaj-300x280.jpg\" alt=\"\" width=\"300\" height=\"280\" srcset=\"https:\/\/htb.com.pl\/wp-content\/uploads\/2018\/04\/posluchaj-300x280.jpg 300w, https:\/\/htb.com.pl\/wp-content\/uploads\/2018\/04\/posluchaj-768x716.jpg 768w, https:\/\/htb.com.pl\/wp-content\/uploads\/2018\/04\/posluchaj-1024x955.jpg 1024w, https:\/\/htb.com.pl\/wp-content\/uploads\/2018\/04\/posluchaj-600x560.jpg 600w, https:\/\/htb.com.pl\/wp-content\/uploads\/2018\/04\/posluchaj.jpg 1158w\" sizes=\"auto, (max-width: 300px) 100vw, 300px\" \/><\/a><\/p>\n<p>To ju\u017c ponad trzy lata jak w Polsce dokonano zamachu stanu. Przej\u0119to Trybuna\u0142 Konstytucyjny a to spowodowa\u0142o obalenie Konstytucji i wszelkich zasad. Dla dziennikarzy, publicyst\u00f3w to gratka, mog\u0105 pisa\u0107 r\u00f3\u017cne bzdury, prezentowa\u0107 r\u00f3\u017cne g\u0142upoty w telewizji i radiu. Przyci\u0105ga to reklamodawc\u00f3w i interes si\u0119 kr\u0119ci.<\/p>\n<p>Pokazano jak Pan W\u0142adys\u0142aw Frasyniuk &#8211; opozycjonista, m\u00f3wi\u0105c o ataku na Pani\u0105 Magdalen\u0119 Og\u00f3rek, dziennikark\u0119 TVP powiedzia\u0142, \u017ce tak trzeba, bo to wojna jest. Co ty ku..a wiesz o wojnie? Wypluj cz\u0142owieku to s\u0142owo i puknij si\u0119 w czo\u0142o, tylko nie za mocno, bo l ludzie pomy\u015bl\u0105, \u017ce bij\u0105 w tarabany.<\/p>\n<p>Znowu zacytowa\u0142em <a href=\"https:\/\/htb.com.pl\/?p=246\">Marysi\u0119<\/a>, ona cz\u0119sto znajdowa\u0142a si\u0119 w podobnej sytuacji jak Pani Magdalena Og\u00f3rek. Dop\u00f3ki argumenty demonstrant\u00f3w by\u0142y s\u0142owne, odpiera\u0142a je s\u0142ownie, jednak gdy argumentacja jej przeciwnik\u00f3w stawa\u0142a si\u0119 si\u0142owa &#8211;<a href=\"https:\/\/htb.com.pl\/?p=2438\"> Majka odwraca\u0142a sw\u0105 argumentacj\u0119<\/a> o 180 stopni i si\u0142a jej argument\u00f3w stawa\u0142a si\u0119 argumentem si\u0142y. Adwersarz l\u0105dowa\u0142 w szpitalu a Marysia w pierdlu &#8211;<a href=\"https:\/\/htb.com.pl\/?p=1391\"> w najlepszym wypadku wywalano j\u0105 z roboty<\/a>. Wiedzia\u0142a, \u017ce to jest z\u0142e, umieraj\u0105c ostrzega\u0142a przed takim w\u0142asnie scenariuszem. Ostrzega\u0142a przed Sanacj\u0105, lud\u017ami kt\u00f3rzy wzoruj\u0105 si\u0119 na J\u00f3zefie Pi\u0142sudskim, lud\u017ami bez wyobra\u017ani. B\u0142aga\u0142a aby w systemie edukacji uwzgl\u0119dni\u0107 zmian\u0119 pokoleniow\u0105. Pokolenie, kt\u00f3re pami\u0119ta wojn\u0119 odchodzi, trzeba zrobi\u0107 wszystko aby ci, kt\u00f3rzy wojny nie pami\u0119taj\u0105, wiedzieli czym ona jest, m\u00f3wi\u0142a cicho, cichutko, coraz ciszej&#8230;<\/p>\n<p>Kto\u015b powie, dzi\u015b nie ma takich kobiet &#8211; bzdura. Major Magdalena E. oficer kontrwywiadu nazwana &#8220;\u0142owczyni\u0105 szpieg\u00f3w&#8221;, maj\u0105ca za sob\u0105 akcje w Awganistanie. Gdy Antoni Macierewicz likwidowa\u0142 polski kontrwywiad, zdegradowana i wywalona ze s\u0142u\u017cby. Da\u0142a rad\u0119 &#8211; pomimo dekonspiracji prze\u017cy\u0142a, dzi\u015b wygrywa w S\u0105dach kolejne procesy. Gdy s\u0142ucha\u0142em jej historii &#8211; mia\u0142em w oczach \u0142zy.<\/p>\n<p style=\"text-align: center;\"><strong>POWODZENIA PANI MAJOR<\/strong><\/p>\n<p>Chc\u0119 aby ci, kt\u00f3rzy tak pragn\u0105 utopi\u0107 Nasz\u0105 Ojczyzn\u0119 we krwi &#8211; zdali sobie spraw\u0119 z tego, \u017ce dzi\u015b nie ma genera\u0142a Wojciecha Jaruzelskiego. dzi\u015b b\u0119d\u0105 zielone ludziki.<\/p>\n<p>Kto\u015b zapyta, to gdzie ten odwr\u00f3t z tytu\u0142u? S\u0105 pierwsze jask\u00f3\u0142ki. Przedstawiciel PSL Piotr Zgorzelski w programie TVN &#8220;Kawa na \u0142aw\u0119&#8221; zauwa\u017cy\u0142, \u017ce te nasze dzisiejsze problemy, to wypisz wymaluj przedwojenna sanacja. Nie Panie\u00a0 Zgorzelski, to dzisiejsza Sanacja ale ciep\u0142o, ciep\u0142o. Druga jask\u00f3\u0142ka to\u00a0 Pan Robert Biedro\u0144 &#8211; mia\u0142 konwencj\u0119 swojej nowej partii, ta jego partia nazywa si\u0119 &#8220;Wiosna&#8221;. Biedro\u0144 zauwa\u017cy\u0142 to, <a href=\"https:\/\/htb.com.pl\/?p=155\">o czym ja pisz\u0119 od lat<\/a>, zauwa\u017cy\u0142, \u017ce po 2005 roku rz\u0105dz\u0105 nami ludzie bez wyobra\u017ani &#8211; \u017ali politycy &#8211; ja tak ich nazywam. <strong>Najbardziej w jego programie spodoba\u0142 mi si\u0119\u00a0 punkt o stworzeniu komisji sprawiedliwo\u015bci i pojednania.\u00a0<\/strong> Pami\u0119tam<a href=\"https:\/\/htb.com.pl\/?p=2699\"> Rad\u0119 Konsultacyjn\u0105<\/a>, przy kt\u00f3rej tworzeniu Marysia pracowa\u0142a &#8211; tam si\u0119 uda\u0142o.<\/p>\n<p>Mo\u017ce i dobrze Biedro\u0144 chce ale jak on ma to zrobi\u0107, gdy to J\u00f3zef Pi\u0142sudski, kt\u00f3ry przed Bitw\u0105 Warszawsk\u0105 z\u0142o\u017cy\u0142 dymisj\u0119 na r\u0119ce Wincentego Witosa i zwia\u0142 na Kielecczyzn\u0119, jest dzi\u015b dla wielu Polak\u00f3w bohaterem? W\u0142a\u015bnie\u00a0 Pan Prezydent Andrzej Duda, zrobi\u0142 co\u015b podobnego\u00a0 &#8211; niezadowoleni ze swej sytuacji rolnicy chcieli go odwiedzi\u0107 w jego pa\u0142acu, mieli nawet koszulk\u0119 dla Pana Prezydenta. Ten jednak zwia\u0142 &#8211; jak rasowy sanacyjny polityk. Powiedzenie prawdy o Sanacji, to klucz do naszej zgody narodowej. Trzeba by\u0142o o tym m\u00f3wi\u0107 ju\u017c w 1987 roku, gdy wprowadzaj\u0105c demokracj\u0119\u00a0 umo\u017cliwiono Sanacji zasiadanie w Sejmie. Wcze\u015bniej zabrania\u0142a tego Konstytucja PRL-owska &#8211; to by\u0142o z\u0142e ale to teraz te\u017c jest z\u0142e. Nie dzia\u0142aj\u0105 bowiem w Kraju \u017cadne instytucje, nie dzia\u0142a \u017caden system kontroli. Brak w\u0142a\u015bciwej kontroli weterynaryjnej nad ubojniami byd\u0142a sprawi\u0142, \u017ce doskona\u0142a polska wo\u0142owina b\u0119dzie przerabiana na karm\u0119 dla ps\u00f3w i kot\u00f3w. To tylko wierzcho\u0142ek g\u00f3ry lodowej.<\/p>\n<p>Jednak cz\u0119\u015b\u0107 Prokuratury i znaczna cz\u0119\u015b\u0107 S\u0119dzi\u00f3w pozosta\u0142a na posterunku &#8211; Kochani\u00a0 zr\u00f3bcie co\u015b, bo stanie si\u0119 to o czym m\u00f3wi\u0142a Marysia. Ja a\u017c si\u0119 boj\u0119 o tym pisa\u0107 &#8211; szkoda, \u017ce nie \u017cyje, <a href=\"https:\/\/htb.com.pl\/?p=2438\">ona wiedzia\u0142aby co zrobi\u0107<\/a> &#8211; a mo\u017ce wystarczy o niej poczyta\u0107?<\/p>\n<p>Pan Jaros\u0142aw Kaczy\u0144ski ci\u0105gle ma k\u0142opoty ze swoimi wie\u017cami.\u00a0 A m\u00f3wi\u0142em &#8211; <a href=\"https:\/\/htb.com.pl\/?p=852\">&#8220;Wojn\u0119 Peloponesk\u0105&#8221;<\/a> czyta\u0107 a nie &#8220;Lenina dzie\u0142a wszystkie&#8221;. Dzie\u0142o Tuidydesa jest kr\u00f3tsze i m\u0105dre &#8211; pokazuje g\u0142upot\u0119 tych co wierz\u0105 w Lenina. Te rozwa\u017cania o Panu Kaczy\u0144skim podsumuj\u0119 stwierdzeniem Pana Ryszarda Czarneckiego &#8211; powiedzia\u0142; &#8220;Pi\u0142sudski te\u017c niczego nie chcia\u0142 dla siebie&#8221;. Ja wyczu\u0142em nutk\u0119 ironii w tym stwierdzeniu &#8211; gdyby tak by\u0142o, to Pan Czarnecki ma wyobra\u017ani\u0119.<\/p>\n<p><a href=\"https:\/\/htb.com.pl\/?product=debata-hart-fuller-i-jej-znaczenie-dla-filozofii-prawa\"><img loading=\"lazy\" decoding=\"async\" class=\"size-full wp-image-3084 alignleft\" src=\"https:\/\/htb.com.pl\/wp-content\/uploads\/2019\/02\/debatah.jpg\" alt=\"\" width=\"200\" height=\"279\" \/><\/a>6.02.2019. &#8211; 30-sta rocznica rozpocz\u0119cia Obrad Okr\u0105g\u0142ego Sto\u0142u. Cz\u0119sto pisz\u0105c o Marysi wspominam to wydarzenie. Ona sama ju\u017c nie \u017cy\u0142a, ja za\u015b stara\u0142em si\u0119 wr\u00f3ci\u0107 do normalno\u015bci. Wiem, \u017ce wydarzenie to, w jakim\u015b stopniu jest jej zas\u0142ug\u0105.\u00a0 Dlatego cieszy mnie, \u017ce\u00a0 na dzie\u0144 przed t\u0105 rocznic\u0105,\u00a0 Pan Prezydent Andrzej Duda kaza\u0142 ustawi\u0107 ten historyczny okr\u0105g\u0142y st\u00f3\u0142 w\u00a0 Sali Kolumnowej Pa\u0142acu Prezydenckiego. Zainaugurowa\u0142 przy nim obrady <strong>debaty oksfordzkiej<\/strong>, to taka debata, gdzie dyskutuje si\u0119 nad tez\u0105 i nie wolno obra\u017ca\u0107 przeciwnik\u00f3w w dyskusji. Uczestnicy\u00a0 losuj\u0105, czy b\u0119d\u0105 tez\u0119 popiera\u0107 czy nie.\u00a0 Debata dotyczy\u0142a Obrad Okr\u0105g\u0142ego Sto\u0142u. Cieszy mnie, \u017ce Pan Prezydent powstrzyma\u0142 si\u0119 od ocen tamtych wydarze\u0144, martwi za\u015b wyst\u0105pienie Pana prof. Andrzeja Zybertowicza, doradcy Prezydenta RP &#8211; prosi\u0142em ju\u017c \u017ceby tego cz\u0142owieka nie s\u0142ucha\u0107. Przemawiaj\u0105c do\u00a0 uczestnik\u00f3w dyskusji &#8211; Uczni\u00f3w II LO im. Ga\u0142czy\u0144skiego w Olsztynie &#8211; cz\u0142owiek ten powiedzia\u0142;\u00a0<em>\u00a0&#8220;Wtedy nie u\u015bwiadamiali\u015bmy sobie, w jakiej rzeczywistej kondycji jest w\u0142adza. Tak jak do dzi\u015b wielu obserwator\u00f3w nie u\u015bwiadamia sobie, jak g\u0142\u0119boka prawda by\u0142a w komentarzu Andrzeja Gwiazdy, kt\u00f3ry powiedzia\u0142, \u017ce podczas obrad Okr\u0105g\u0142ego Sto\u0142u komuni\u015bci podzielili si\u0119 w\u0142adz\u0105 z w\u0142asnymi agentami&#8221;<\/em>. \u017beby zrozumie\u0107 jak kompletna jest to bzdura, trzeba zna\u0107 Marysi\u0119 i jej dzia\u0142ania w latach 1983 &#8211; 1987. Sytuacja by\u0142aby inna gdyby jej pos\u0142uchano i w programie nauczania m\u00f3wiono prawd\u0119 o Sanacji.<\/p>\n<p>W Czechos\u0142owacji ich komunistyczny Sejm ju\u017c 29 grudnia 1989 roku wybra\u0142 opozycjonist\u0119 Vaclava Havla Prezydentem. Ten wprowadzi\u0142 Czech\u00f3w do NATO i Unii Europejskiej, nie by\u0142o problemu, bo nie by\u0142o Sanacji. <a href=\"https:\/\/htb.com.pl\/?p=1219\">W Polsce te\u017c dokonali tego ludzie nie zwi\u0105zani z Sanacj\u0105<\/a>. Uda\u0142o si\u0119, bo dochodzili oni do w\u0142adzy po katastrofalnych rz\u0105dach polityk\u00f3w uto\u017csamianych\u00a0 z J\u00f3zefem Pi\u0142sudskim &#8211; z Sanacj\u0105. Gdyby nie to&#8230; Dlatego powiedzenie Marysi &#8211; najpierw edukacja a potem demokracja, wci\u0105\u017c jest aktualne.<\/p>\n<p>Upadek elit &#8211; tego Marysia bardzo si\u0119 ba\u0142a. Wtedy w 1987 roku by\u0142y elity &#8211; naukowe, polityczne &#8211; zabawnie dzi\u015b\u00a0 brzmia\u0142oby okre\u015blenie naszych polityk\u00f3w elit\u0105:)<\/p>\n<p>Odci\u0105\u0107 polityk\u00f3w od pieni\u0119dzy &#8211; to te\u017c by\u0142 program Marysi. Wiedzia\u0142a, \u017ce to nie b\u0119dzie proste. Ja wiem, \u017ce wiedzia\u0142a jak to zrobi\u0107. Niestety tylko ona to wiedzia\u0142a.<\/p>\n<p>Z\u0142y polityk w biznesie to tragedia. Mo\u017cna tu poda\u0107 bardzo du\u017co przyk\u0142ad\u00f3w &#8211; podam dwa. <img loading=\"lazy\" decoding=\"async\" class=\"size-full wp-image-3096 alignright\" src=\"https:\/\/htb.com.pl\/wp-content\/uploads\/2019\/02\/grafen.jpg\" alt=\"\" width=\"220\" height=\"176\" \/><strong>Grafen &#8211;<\/strong>\u00a0niezwyk\u0142a struktura z\u0142o\u017cona z atom\u00f3w w\u0119gla. Jej w\u0142a\u015bciwo\u015bci elektryczne i mechaniczne umo\u017cliwiaj\u0105 niezwyk\u0142e zastosowania. M\u00f3wi si\u0119 o grafenie, \u017ce ma tylko dwa wymiary, jego grubo\u015b\u0107 bowiem, to grubo\u015b\u0107 atomu w\u0119gla. \u0179li politycy rozwalili sp\u00f3\u0142k\u0119\u00a0\u00a0Nano Carbon, kt\u00f3ra jako pierwsza na \u015bwiecie mia\u0142a go produkowa\u0107. Pan W\u0142odzimierz Strupi\u0144ski, zwany ojcem polskiego grafenu podda\u0142 si\u0119. To w ramach niszczenia elit by\u0142o.\u00a0 Wykorzystali to Chi\u0144czycy, teraz oni stali si\u0119 liderem w komercyjnym wykorzystaniu tego materia\u0142u przysz\u0142o\u015bci.<\/p>\n<p>Drugi przyk\u0142ad dotyczy niszczenia naszego handlu &#8211; prosz\u0119 popatrze\u0107 co si\u0119 sta\u0142o po wprowadzeniu zakazu handlu w niedziel\u0119. \u0179li politycy chcieli pom\u00f3c rodzinnym handlowcom i &#8220;uwali\u0107&#8221; markety. Ostrzega\u0142em &#8211; <a href=\"https:\/\/htb.com.pl\/?p=193\">zostawcie markety, to nie wasza liga<\/a>. I sta\u0142o si\u0119 &#8211; ma\u0142e rodzinne firmy upadaj\u0105 a markety daj\u0105 rad\u0119. Trzeba jednak przyzna\u0107, \u017ce nie inwestuj\u0105, co w dobie koniunktury nie jest normalne.<\/p>\n<p>Ko\u0144cz\u0105c podam jeszcze jeden przyk\u0142ad, gdzie brak wyobra\u017ani polityk\u00f3w\u00a0 jest wr\u0119cz tragedi\u0105. W Polsce na przej\u015bciach dla pieszych ginie najwi\u0119cej ludzi w Europie. Przyczyna jest prozaiczna &#8211; w wielu krajach europejskich to pieszy ma pierwsze\u0144stwo, gdy zbli\u017cy si\u0119 do kraw\u0119dzi jezdni. Wielu Polak\u00f3w ma do\u015bwiadczenia z jazdy w tamtych krajach i stosuje t\u0105 zasad\u0119 r\u00f3wnie\u017c w Polsce. Ale nie wszyscy, cz\u0119\u015b\u0107 zgodnie z przepisami przepuszcza tylko tych, co ju\u017c na jezdni\u0119 weszli, s\u0105 te\u017c ci co wcale\u00a0 nie hamuj\u0105 przed przej\u015bciem. To wszystko razem tworzy niesamowity galimatias. \u017beby go zako\u0144czy\u0107, potrzebna jest wyobra\u017ania, kt\u00f3rej zabrak\u0142o przy tworzeniu art. 26 Prawa o ruchu drogowym &#8211; trzeba zrobi\u0107 jak w krajach cywilizowanych. Pieszy zbli\u017caj\u0105cy si\u0119 do przej\u015bcia ma pierwsze\u0144stwo i koniec. Niemieckiego patent, gdzie na przej\u015bciach z pasami wzd\u0142u\u017c czeka pieszy, a w poprzek kierowca ale w Polsce wi\u0119kszo\u015b\u0107 tego nie pojmie.<\/p>\n<p>S\u0105 jeszcze ci co w d..ie maj\u0105 wszelkie przepisy, ci co s\u0142uchaj\u0105 sanacyjnych polityk\u00f3w twierdz\u0105cych, \u017ce suweren zawsze ma racj\u0119 a przepisy; Konstytucja, czy Kodeks drogowy s\u0105 s\u0105 po to, \u017ceby je \u0142ama\u0107. To wszystko mo\u017cemy przy wyborczych urnach za\u0142atwi\u0107. Napisa\u0142em mo\u017cemy &#8211; musimy chyba.<\/p>\n","protected":false},"excerpt":{"rendered":"<p>To ju\u017c ponad trzy lata jak w Polsce dokonano zamachu stanu. Przej\u0119to Trybuna\u0142 Konstytucyjny a to spowodowa\u0142o obalenie Konstytucji i wszelkich zasad. Dla dziennikarzy, publicyst\u00f3w to gratka, mog\u0105 pisa\u0107 r\u00f3\u017cne bzdury, prezentowa\u0107 r\u00f3\u017cne g\u0142upoty w telewizji i radiu. Przyci\u0105ga to reklamodawc\u00f3w i interes si\u0119 kr\u0119ci. Pokazano jak Pan W\u0142adys\u0142aw Frasyniuk &#8211; opozycjonista, m\u00f3wi\u0105c o ataku [&hellip;]<\/p>\n","protected":false},"author":1,"featured_media":2709,"comment_status":"open","ping_status":"open","sticky":false,"template":"","format":"standard","meta":{"_jetpack_memberships_contains_paid_content":false,"footnotes":""},"categories":[4],"tags":[366,365],"class_list":["post-3055","post","type-post","status-publish","format-standard","has-post-thumbnail","hentry","category-daty-i-fakty-blog","tag-dwie-wieze-kaczynskiego","tag-jaroslaw-kaczynski"],"jetpack_sharing_enabled":true,"jetpack_featured_media_url":"https:\/\/htb.com.pl\/wp-content\/uploads\/2018\/12\/st\u00f3l.jpg","_links":{"self":[{"href":"https:\/\/htb.com.pl\/index.php?rest_route=\/wp\/v2\/posts\/3055","targetHints":{"allow":["GET"]}}],"collection":[{"href":"https:\/\/htb.com.pl\/index.php?rest_route=\/wp\/v2\/posts"}],"about":[{"href":"https:\/\/htb.com.pl\/index.php?rest_route=\/wp\/v2\/types\/post"}],"author":[{"embeddable":true,"href":"https:\/\/htb.com.pl\/index.php?rest_route=\/wp\/v2\/users\/1"}],"replies":[{"embeddable":true,"href":"https:\/\/htb.com.pl\/index.php?rest_route=%2Fwp%2Fv2%2Fcomments&post=3055"}],"version-history":[{"count":45,"href":"https:\/\/htb.com.pl\/index.php?rest_route=\/wp\/v2\/posts\/3055\/revisions"}],"predecessor-version":[{"id":92888,"href":"https:\/\/htb.com.pl\/index.php?rest_route=\/wp\/v2\/posts\/3055\/revisions\/92888"}],"wp:featuredmedia":[{"embeddable":true,"href":"https:\/\/htb.com.pl\/index.php?rest_route=\/wp\/v2\/media\/2709"}],"wp:attachment":[{"href":"https:\/\/htb.com.pl\/index.php?rest_route=%2Fwp%2Fv2%2Fmedia&parent=3055"}],"wp:term":[{"taxonomy":"category","embeddable":true,"href":"https:\/\/htb.com.pl\/index.php?rest_route=%2Fwp%2Fv2%2Fcategories&post=3055"},{"taxonomy":"post_tag","embeddable":true,"href":"https:\/\/htb.com.pl\/index.php?rest_route=%2Fwp%2Fv2%2Ftags&post=3055"}],"curies":[{"name":"wp","href":"https:\/\/api.w.org\/{rel}","templated":true}]}}