{"id":3114,"date":"2019-02-15T15:02:32","date_gmt":"2019-02-15T15:02:32","guid":{"rendered":"https:\/\/htb.com.pl\/?p=3114"},"modified":"2019-02-19T07:32:26","modified_gmt":"2019-02-19T07:32:26","slug":"sanacja-a-gospodarka-rynkowa","status":"publish","type":"post","link":"https:\/\/htb.com.pl\/?p=3114","title":{"rendered":"Sanacja a gospodarka rynkowa"},"content":{"rendered":"<p><img loading=\"lazy\" decoding=\"async\" class=\"alignnone size-medium wp-image-3163\" src=\"https:\/\/htb.com.pl\/wp-content\/uploads\/2019\/02\/copzdj\u0119cie-300x223.jpg\" alt=\"\" width=\"300\" height=\"223\" \/><\/p>\n<p>Napisa\u0142em kiedy\u015b, \u017ce jak b\u0119dzie gospodarka rynkowa, to rz\u0105dzi\u0107 morze kto chce &#8211; wolny rynek si\u0119 obroni. Dzi\u015b widzimy, \u017ce niekoniecznie. Jest co\u015b takiego jak kult jednostki, kt\u00f3ry niszczy mechanizmy wolnorynkowe. Centralny Okr\u0119g Przemys\u0142owy powsta\u0142 dopiero po \u015bmierci J\u00f3zefa Pi\u0142sudskiego, zmar\u0142 12 maj 1935.\u00a0 A ju\u017c w 1936 roku COP spowodowa\u0142 gwa\u0142towny rozw\u00f3j &#8220;mojego&#8221; Zaklikowa i ca\u0142ego regionu. Kl\u0119ska wrze\u015bniowa 1939 roku przerwa\u0142a ten proces, jednak <a href=\"https:\/\/htb.com.pl\/?p=196\">dzi\u0119ki Ko\u015bciuszkowcom po wojnie Polska nadal by\u0142a<\/a> a COP si\u0119 rozwija\u0142. Wraz z nim Zaklik\u00f3w &#8211; Huta Stalowa Wola, jeden z kombinat\u00f3w COP dawa\u0142 prac\u0119. Potem, gdy zamieszka\u0142em w Chorzelowie a nast\u0119pnie w Mielcu, mog\u0142em obserwowa\u0107 jak pozytywnie na \u017cycie ludzi\u00a0 wp\u0142ywa inny kombinat COP &#8211; Mieleckie WSK.<\/p>\n<p>Dzi\u015b wsp\u00f3\u0142czesna Sanacja\u00a0 pope\u0142nia podobne b\u0142\u0119dy jak jej\u00a0 przedwojenna poprzedniczka &#8211; kult jednostki, to jeden g\u0142\u00f3wnych. Prosz\u0119 popatrze\u0107 co si\u0119 dzieje, gdy Pan Jaros\u0142aw Kaczy\u0144ski &#8211; taki dzisiejszy Pi\u0142sudski ma k\u0142opoty zwi\u0105zane z &#8220;wie\u017cami&#8221;. Ca\u0142y rz\u0105d, wszystkie s\u0142u\u017cby s\u0105 zaanga\u017cowane w obron\u0119 Prezesa. Prosz\u0119 pomy\u015ble\u0107. gdyby z takim zaanga\u017cowaniem walczono z GRU &#8211; rosyjskim wywiadem, kt\u00f3ry nas sk\u0142\u00f3ca, by\u0142by raj. Ruskim by si\u0119 nie chcia\u0142o &#8211; ja ich znam. A tak &#8211; nasi politycy wroga widz\u0105 jedynie w kolegach z innej opcji.<\/p>\n<p>Nie mo\u017cna por\u00f3wna\u0107 rz\u0105d\u00f3w J\u00f3zefa Pi\u0142sudskiego do tego co robi Pan Jaros\u0142aw Kaczy\u0144ski. Dzi\u015b to jest sielanka ale ci\u0105g\u0142e afery, aresztowania nie pomagaj\u0105. Pomimo naszej ci\u0119\u017ckiej pracy, w czasach koniunktury &#8211; mamy deficyt. Z rozbawieniem s\u0142ucham jak Pani Teresa Czerwi\u0144ska, minister finans\u00f3w chwali si\u0119, \u017ce nie wyniesie on 41, 5 mld z\u0142, co by\u0142o zapisane w bud\u017cecie na 2018 rok &#8211; b\u0119dzie zdecydowanie mniejszy. Super &#8211; tylko kiedy my ten d\u0142ug sp\u0142aca\u0107 zaczniemy? No w\u0142a\u015bnie &#8211; tu m\u00f3j u\u015bmiech znika&#8230;<\/p>\n<p>Teraz troch\u0119 o konferencjach; 29 &#8211; 30 wrzesie\u0144 1938 rok &#8211; Niemcy, W\u0142osi, Wielka Brytania i Francja na konferencji w Monachium uzgodnili, \u017ce Niemcy przy\u0142\u0105cz\u0105 do swojego terytorium cze\u015b\u0107 Czechos\u0142owacji. Czesi nie brali udzia\u0142u w tym spotkaniu &#8211; Polacy te\u017c nie. To bardzo &#8220;ubod\u0142o&#8221; ministra spraw zagranicznych II RP J\u00f3zefa Becka. Ten sanacyjny polityk pope\u0142ni\u0142 wtedy jeden z najwi\u0119kszych b\u0142\u0119d\u00f3w w historii naszej dyplomacji. Gdy poczu\u0142 si\u0119 pomini\u0119ty chcia\u0142 pokaza\u0107, \u017ce jest &#8211; i podobnie jak Niemcy za\u017c\u0105da\u0142 od s\u0142abej, upokorzonej Czechos\u0142owacji Zaolzia &#8211; podobno Czesi zgodzili si\u0119. Gdy Niemcy zaj\u0119li czeskie Sudety a Polacy\u00a0 Zaolzie, politycznie zostali\u015bmy powi\u0105zani z Niemcami &#8211; agresorem. Jak mo\u017cna by\u0142o po\u00a0 czym\u015b takim oczekiwa\u0107 pomocy wojskowej od Francji i Anglii &#8211; gdy Niemcy napadli na nas?<\/p>\n<p>W\u0142a\u015bnie rozpoczyna si\u0119 w Warszawie konferencja na temat Bliskiego Wschodu. Polska i Stany Zjednoczone s\u0105 organizatorami tego spotkania. J\u0119zyczkiem uwagi b\u0119dzie Iran &#8211; jego bro\u0144 j\u0105drowa. Z\u0142o&#8230; Marysia na Balu Sylwestrowym 1986-7 m\u00f3wi\u0142a;<a href=\"https:\/\/htb.com.pl\/?p=2793\"> z\u0142o jest i na wschodzie i na zachodzie<\/a> &#8211; \u017ceby pokona\u0107 z\u0142o, do sto\u0142u musz\u0105 usi\u0105\u015b\u0107 wszyscy.<\/p>\n<p>Iran nie zosta\u0142 zaproszony na warszawsk\u0105 konferencj\u0119, to daje pretekst aby inni wielcy gracze, te\u017c nie wzi\u0119li w niej udzia\u0142u. cho\u0107by UE. Chiny czy\u00a0 Rosja. To w\u0142a\u015bnie\u00a0 Rosjanie s\u0142uchali s\u0142\u00f3w Marysi o tym, \u017ce z\u0142o nie ma barw narodowych. Marysia pokaza\u0142a tam czym ko\u0144czy si\u0119 niezrozumienie tego &#8211; za\u015bpiewa\u0142a <a href=\"https:\/\/www.youtube.com\/watch?v=z1Rs7Yw3vUc\">&#8220;Po\u017cegnanie S\u0142owianki&#8221;<\/a> &#8211; pie\u015b\u0144, kt\u00f3ra kojarzy si\u0119 z wojn\u0105. Wszyscy p\u0142akali &#8211; oby\u015bmy dzi\u015b nie musieli p\u0142aka\u0107.<\/p>\n<p>Donald Trump Prezydent USA to przedsi\u0119biorca, naszego Prezydenta Pana Andrzeja Dud\u0119 traktuje jak swojego przedstawiciela handlowego. Teraz maj\u0105 na tapecie ameryka\u0144ski gaz skroplony. Europa\u00a0 gaz chce kupowa\u0107 u Rosjan, tu na tapecie jest gazoci\u0105g\u00a0 Nord Stream 2 &#8211; to ko\u015b\u0107 niezgody Trumpa i UE. Polska staje po stronie Amerykan\u00f3w przeciwko UE i Rosji. To dok\u0142adnie tak, jak po wybuchu II Wojny \u015awiatowej. Koalicja antyhitlerowska Rosjan chcia\u0142a mie\u0107 po swojej stronie &#8211; Polacy widzieli to inaczej, Niemcy i Rosja to wr\u00f3g.<\/p>\n<p>Ja pami\u0119tam jak w 1986 roku radzieccy oficerowie,\u00a0 stawali przed Marysi\u0105 na baczno\u015b\u0107. Pami\u0119tam jak chcieli od niej kupowa\u0107 bimber &#8220;Majdan&#8221; &#8211; nie pytali o cen\u0119 i nie okre\u015blali ilo\u015bci. Pytali tylko ile z\u0142ota maj\u0105 da\u0107 jako zaliczk\u0119. Taki s\u0105siad to dla gospodarki skarb. Szukanie w nim wroga to sanacyjna g\u0142upota. Argument, \u017ce uzale\u017cnimy si\u0119 od dostaw rosyjskiego gazu jest \u015bmieszny. A Rosja jako dostawca si\u0119 nie uzale\u017cni? Zreszt\u0105 sprawdzili si\u0119 jako dostawcy w czasach&#8221;zimnej wojny&#8221;.\u00a0 Unia Europejska, kt\u00f3rej jeste\u015bmy cz\u0119\u015bci\u0105 to pot\u0119ga. Nie musimy mie\u0107 kompleks\u00f3w ani przed Amerykanami ani przed Rosj\u0105. Tak jeszcze nie by\u0142o &#8211; nie psujmy tego.To my, Obywatele Zjednoczonej Europy dyktujemy warunki, to nas trzeba si\u0119 ba\u0107 i nas s\u0142ucha\u0107. Ten polski zamach stanu to incydent &#8211; ju\u017c nied\u0142ugo b\u0119dziemy si\u0119 z niego \u015bmia\u0107. Jednak na razie trzeba uwa\u017ca\u0107 &#8211; \u017ceby do pierdla nie trafi\u0107 i \u017ceby w jakie\u015b chor\u00f3bsko nie popa\u015b\u0107 &#8211; nie ma bowiem czym oddycha\u0107.<\/p>\n<p>13 lury 2019 rok &#8211;\u00a0 \u015broda, to dzi\u015b rozpoczyna si\u0119 na Zamku Kr\u00f3lewskim w Warszawie Konferencja bliskowschodnia. Wcze\u015bniej z wielk\u0105 pomp\u0105 Sekretarz stanu USA Mike Pompeo sprzeda\u0142 nam rakiety HPMARS.\u00a0 Dobrze sprzeda\u0142, bez ofsetu a dostawa dopiero po roku 2023. Podobno Rosjanie maja si\u0119 tych rakiet ba\u0107 a ja wiem, \u017ce ruskie systemy Pantsir S1, czy Buk M2 nie b\u0119d\u0105 mia\u0142y problemu z ewentualnym unieszkodliwieniem takich rakiet, w Syrii to sprawdzili. Wida\u0107, \u017ce Amerykanom kasa potrzebna, szykuj\u0105 si\u0119 do wojny z Chnami. Donald Tusk mia\u0142 racj\u0119, m\u00f3wi\u0105c o <a href=\"https:\/\/htb.com.pl\/?p=2325\">pu\u0142apce Tukidydesa<\/a>. Nasi niczego nie kumaj\u0105, ciesz\u0105 si\u0119 z nowych zabawek jak dzieci. Chiny rzeczywi\u015bcie staj\u0105 si\u0119 pot\u0119g\u0105, nawet nam podebrali <a href=\"https:\/\/htb.com.pl\/?p=3055\">Grafen<\/a>. Chc\u0105 w swojej technologii wprowadzi\u0107 internet 5G. Super szybki internet, umo\u017cliwiaj\u0105cy wykonywanie chirurgowi operacji na odleg\u0142o\u015b\u0107 (przyk\u0142ad). Ale to Amerykanie powinni si\u0119 Chi\u0144czyk\u00f3w ba\u0107, nie Europa. No w\u0142a\u015bnie a my? Spokojnie &#8211; przecie\u017c jeste\u015bmy w Europie.<\/p>\n<p>Pami\u0119tam jak w 1986 roku z Marysi\u0105 odbierali\u015bmy dalekopis.<img loading=\"lazy\" decoding=\"async\" class=\"size-full wp-image-3137 alignleft\" src=\"https:\/\/htb.com.pl\/wp-content\/uploads\/2019\/02\/dalekopis.jpg\" alt=\"\" width=\"259\" height=\"194\" \/> By\u0142 to taki mebel z wbudowan\u0105 maszyn\u0105 do pisania. Kto\u015b m\u00f3g\u0142 pisa\u0107 na takiej maszynie tekst a inna maszyna, nawet w innym mie\u015bcie pisa\u0142a to samo. Majka powiedzia\u0142a, \u017ce takie maszyny to przysz\u0142o\u015b\u0107. Mo\u017cna je udoskonali\u0107 i ksi\u0119gowa w tartaku, gdzie pracuj\u0119, b\u0119dzie mog\u0142a prowadzi\u0107 ksi\u0119gowo\u015b\u0107 dla 10-ciu tartak\u00f3w. Palacz na kot\u0142owni proces spalania b\u0119dzie m\u00f3g\u0142\u00a0 kontrolowa\u0107 i sterowa\u0107\u00a0 nim z domu, podobnie suszarnik, procesem suszenia drewna. Gdy wr\u00f3ci\u0142em do tartaku w Chorzelowie, podzieli\u0142em si\u0119 tymi rewelacjami. Dyrektor\u00a0 Pan Janusz Br\u0105glewicz by\u0142 zachwycony, najbardziej spodoba\u0142o mu si\u0119 to, \u017ce mo\u017cna by obni\u017cy\u0107 koszty administracji. Jednak g\u0142\u00f3wny energetyk i suszarnik nazwali mnie idiot\u0105. Marysia zaproponowa\u0142a, \u017ce ona mo\u017ce im wyja\u015bni\u0107, \u017ce to nieprawda. Ja powiedzia\u0142em, \u017ce Majsak mo\u017ce nie da\u0107 rady. A Majsak to kto, zapyta\u0142a. Chirurg w mieleckim szpitalu &#8211; u\u015bmiechn\u0119\u0142a si\u0119. Ale potem powiedzia\u0142a &#8211; nie mo\u017cesz Jasiu pozwala\u0107 aby kto\u015b ci\u0119 obra\u017ca\u0142. Oni nie powiedzieli tego do mnie, tylko do swoich pracownik\u00f3w a ci mi donie\u015bli. A &#8211; to profesjonali\u015bci, uko\u0144czyli zarz\u0105dzania na WUML (Wieczorowy Uniwersytet Marksizmu-Leninizmu), tam ucz\u0105, \u017ce aby rz\u0105dzi\u0107, najpierw trzeba podzieli\u0107 ale oni nie s\u0105 najgorsi Jasiu &#8211; kler jest gorszy. I tego wtedy nie rozumia\u0142em.<\/p>\n<p>Dzi\u015b ogl\u0105daj\u0105c w telewizji jak Amerykanie sprzedaj\u0105 nam rakiety, zrozumia\u0142em czemu Marysia tak nienawidzi\u0142a kleru. Naprawd\u0119 zrozumia\u0142em to dopiero teraz. To nie tylko pedofilia, to ten fa\u0142szywy tembr g\u0142osu, niby taki dobrotliwy, przekonuj\u0105cy a to tylko wyuczony spos\u00f3b m\u00f3wienia jest. Stosuje go Pan Prezydent Andrzej Duda i Pan Mariusz B\u0142aszczak, minister obrony &#8211; oni m\u00f3wi\u0105 jak niekt\u00f3rzy ksi\u0119\u017ca kazanie. Ja wiem kto ich tego nauczy\u0142, w\u0142a\u015bnie si\u0119 dowiedzia\u0142em, \u017ce szko\u0142a Ojca Tadeusza Rydzyka naszych S\u0119dzi\u00f3w ma uczy\u0107 takiego m\u00f3wienia &#8211; 4 miliony minister sprawiedliwo\u015bci na to ma da\u0107.<\/p>\n<p>Mike Pompeo to, oficer, tu g\u0142os jest przekonuj\u0105cy, konkretny. Gdzie s\u0105 nasi oficerowie, \u017ce sprawy wojskowe za\u0142atwiaj\u0105 ludzie, kt\u00f3rzy o armii nie maj\u0105 poj\u0119cia?<\/p>\n<p><a href=\"https:\/\/htb.com.pl\/?product=polowanie-na-generala-pilsudski-kontra-rozwadowski\"><img loading=\"lazy\" decoding=\"async\" class=\"size-full wp-image-3156 alignright\" src=\"https:\/\/htb.com.pl\/wp-content\/uploads\/2019\/02\/polowania.jpg\" alt=\"\" width=\"200\" height=\"284\" \/><\/a>\u017beby to zrozumie\u0107, trzeba wr\u00f3ci\u0107 do pocz\u0105tk\u00f3w naszej armii, po odzyskaniu niepodleg\u0142o\u015bci. Tw\u00f3rca naszego wojska, by\u0142 genera\u0142 Tadeusz Rozwadowski, g\u0142\u00f3wnodowodz\u0105cy Bitw\u0105 Warszawsk\u0105, broni\u0142 te\u017c Polak\u00f3w przed J\u00f3zefem Pi\u0142sudskim w zamachu majowym. Ten mu &#8220;podzi\u0119kowa\u0142&#8221;, genera\u0142 Rozwadowski zosta\u0142 zamkni\u0119ty w Wile\u0144skim wi\u0119zieniu na Antokolu, gdzie zmar\u0142.<\/p>\n<p>Potem sanacyjni oficerowie zwiali jak wybuch\u0142a II wojna \u015bwiatowa, pok\u0142\u00f3cili si\u0119, W\u0142adys\u0142awa Sikorskiego to nawet ukatrupili i odeszli. Ci co walczyli od Lenino do Berlina, te\u017c w wi\u0119kszo\u015bci nie \u017cyj\u0105 &#8211; dla pewno\u015bci zostali wymazani z naszej historii a ci wsp\u00f3\u0142cze\u015bni, maj\u0105 by\u0107 do ko\u015bcielnych ceremonii i czytania apelu poleg\u0142ych. Jak chc\u0105 dowodzi\u0107, to Obron\u0105 Terytorialn\u0105. Dosz\u0142o do tego, \u017ce Antoni Macierewicz by\u0142 ministrem obrony a jego\u00a0 (&#8230;) Misiewiczowi co teraz w pierdlu siedzi, oddawano honory pododdzia\u0142em!<\/p>\n<p>Po II wojnie \u015bwiatowej pami\u0119tano czym by\u0142a\u00a0 Sanacja, zapisano w Konstytucji, \u017ce nie wolno dopu\u015bci\u0107 ich do w\u0142adzy. Ale ja rozumiem popieraj\u0105cych Lecha Wa\u0142\u0119s\u0119 &#8211; cz\u0119\u015b\u0107 da\u0142a si\u0119 nabra\u0107 a cz\u0119\u015b\u0107\u00a0 chcia\u0142a odzyska\u0107 maj\u0105tki co je utracili jak napadli nas Niemcy. Potem przysz\u0142a nowa w\u0142adza, ta od WUML &#8211; swoje\u00a0 maj\u0105tki niekt\u00f3rzy odzyskali dopiero po roku 1990 a wielu czeka do dzi\u015b.<\/p>\n<p>Ja, za kontynuatora tradycji przedwojennego Wojska Polskiego, tego kt\u00f3re utworzy\u0142 genera\u0142 Tadeusz Rozwadowski, uwa\u017cam genera\u0142a Wojciech Jaruzelskiego &#8211; no ale on nie \u017cyje.<\/p>\n<p>Polska nie rakiet potrzebuje, Polska potrzebuje was PANOWIE OFICEROWI! Tak powiedzia\u0142aby major Mari &#8211; pierdoln\u0119\u0142aby przy tym r\u0119k\u0105 w st\u00f3\u0142, ona by was obudzi\u0142a. Obud\u017acie si\u0119 &#8211; bo kolejny <a href=\"https:\/\/www.youtube.com\/watch?v=rjYZEmfozLo\">capstrzyk<\/a> to mo\u017ce by\u0107 dzwonek w pierdlu a nie tr\u0105bka w koszarach&#8230;<\/p>\n<p>Zako\u0144czy\u0142a si\u0119 Konferencja bliskowschodnia w Warszawie. Nam Polakom nie by\u0142a potrzebna. Unia Europejska ma podpisane porozumienie z Iranem i to tyle w tym temacie. Decyzja o tym aby wsp\u00f3lnie z Amerykanami t\u0105 konferencje zorganizowa\u0107, zapad\u0142a gdy Pan Jaros\u0142aw Kaczy\u0144ski by\u0142 decyzyjny. Dzi\u015b nie ma czasu, ma problemy ze swoimi wie\u017cami i prosz\u0119. Premier Mateusz Morawiecki i Pan Jacek Czaputowicz minister spraw zagranicznych mogli sami decydowa\u0107. Wypadli wspaniale, to dzi\u0119ki nim warszawska konferencja nie sta\u0142a si\u0119 punktem zapalnym na bliskim wschodzie.\u00a0 Gratuluj\u0119 &#8211; tak trzyma\u0107. <a href=\"https:\/\/htb.com.pl\/?p=418\">to ju\u017c drugi raz chwal\u0119 t\u0105 ekip\u0119<\/a>, tamtym razem Pan Jaros\u0142aw Kaczy\u0144ski w szpitalu by\u0142, teraz te\u017c jeszcze przez jaki\u015b czas, nie b\u0119dzie si\u0119 wtr\u0105ca\u0142, to daje nadziej\u0119.<\/p>\n<p>&nbsp;<\/p>\n<p>.<\/p>\n","protected":false},"excerpt":{"rendered":"<p>Napisa\u0142em kiedy\u015b, \u017ce jak b\u0119dzie gospodarka rynkowa, to rz\u0105dzi\u0107 morze kto chce &#8211; wolny rynek si\u0119 obroni. Dzi\u015b widzimy, \u017ce niekoniecznie. Jest co\u015b takiego jak kult jednostki, kt\u00f3ry niszczy mechanizmy wolnorynkowe. Centralny Okr\u0119g Przemys\u0142owy powsta\u0142 dopiero po \u015bmierci J\u00f3zefa Pi\u0142sudskiego, zmar\u0142 12 maj 1935.\u00a0 A ju\u017c w 1936 roku COP spowodowa\u0142 gwa\u0142towny rozw\u00f3j &#8220;mojego&#8221; Zaklikowa [&hellip;]<\/p>\n","protected":false},"author":1,"featured_media":3163,"comment_status":"open","ping_status":"open","sticky":false,"template":"","format":"standard","meta":{"_jetpack_memberships_contains_paid_content":false,"footnotes":""},"categories":[4],"tags":[368],"class_list":["post-3114","post","type-post","status-publish","format-standard","has-post-thumbnail","hentry","category-daty-i-fakty-blog","tag-sanacja-a-gospodarka-rynkowa"],"jetpack_sharing_enabled":true,"jetpack_featured_media_url":"https:\/\/htb.com.pl\/wp-content\/uploads\/2019\/02\/copzdj\u0119cie.jpg","_links":{"self":[{"href":"https:\/\/htb.com.pl\/index.php?rest_route=\/wp\/v2\/posts\/3114","targetHints":{"allow":["GET"]}}],"collection":[{"href":"https:\/\/htb.com.pl\/index.php?rest_route=\/wp\/v2\/posts"}],"about":[{"href":"https:\/\/htb.com.pl\/index.php?rest_route=\/wp\/v2\/types\/post"}],"author":[{"embeddable":true,"href":"https:\/\/htb.com.pl\/index.php?rest_route=\/wp\/v2\/users\/1"}],"replies":[{"embeddable":true,"href":"https:\/\/htb.com.pl\/index.php?rest_route=%2Fwp%2Fv2%2Fcomments&post=3114"}],"version-history":[{"count":44,"href":"https:\/\/htb.com.pl\/index.php?rest_route=\/wp\/v2\/posts\/3114\/revisions"}],"predecessor-version":[{"id":3167,"href":"https:\/\/htb.com.pl\/index.php?rest_route=\/wp\/v2\/posts\/3114\/revisions\/3167"}],"wp:featuredmedia":[{"embeddable":true,"href":"https:\/\/htb.com.pl\/index.php?rest_route=\/wp\/v2\/media\/3163"}],"wp:attachment":[{"href":"https:\/\/htb.com.pl\/index.php?rest_route=%2Fwp%2Fv2%2Fmedia&parent=3114"}],"wp:term":[{"taxonomy":"category","embeddable":true,"href":"https:\/\/htb.com.pl\/index.php?rest_route=%2Fwp%2Fv2%2Fcategories&post=3114"},{"taxonomy":"post_tag","embeddable":true,"href":"https:\/\/htb.com.pl\/index.php?rest_route=%2Fwp%2Fv2%2Ftags&post=3114"}],"curies":[{"name":"wp","href":"https:\/\/api.w.org\/{rel}","templated":true}]}}