{"id":31209,"date":"2020-10-09T06:23:37","date_gmt":"2020-10-09T06:23:37","guid":{"rendered":"https:\/\/htb.com.pl\/?p=31209"},"modified":"2020-10-10T11:35:30","modified_gmt":"2020-10-10T11:35:30","slug":"skad-oni-sie-biora","status":"publish","type":"post","link":"https:\/\/htb.com.pl\/?p=31209","title":{"rendered":"Sk\u0105d oni si\u0119 bior\u0105?"},"content":{"rendered":"\n<p><\/p>\n\n\n\n<figure class=\"wp-block-image size-thumbnail\"><a href=\"https:\/\/htb.com.pl\/wp-content\/uploads\/2020\/10\/Kreska.mp3\"><img loading=\"lazy\" decoding=\"async\" width=\"150\" height=\"150\" src=\"https:\/\/htb.com.pl\/wp-content\/uploads\/2018\/04\/posluchaj-150x150.jpg\" alt=\"\" class=\"wp-image-2020\" srcset=\"https:\/\/htb.com.pl\/wp-content\/uploads\/2018\/04\/posluchaj-150x150.jpg 150w, https:\/\/htb.com.pl\/wp-content\/uploads\/2018\/04\/posluchaj-300x300.jpg 300w, https:\/\/htb.com.pl\/wp-content\/uploads\/2018\/04\/posluchaj-100x100.jpg 100w\" sizes=\"auto, (max-width: 150px) 100vw, 150px\" \/><\/a><\/figure>\n\n\n\n<p>Cz\u0119sto zadajemy sobie pytanie &#8211; sk\u0105d bior\u0105 si\u0119 tak \u017ali politycy. Zwykle pada ono w kontek\u015bcie potwornych b\u0142\u0119d\u00f3w, jakie ci ludzie pope\u0142niaj\u0105. Spr\u00f3bujmy to przeanalizowa\u0107 ale tym razem z mojej perspektywy, a nie Marysi (wcze\u015bniejsze wpisy). B\u0119d\u0119 si\u0119 jedynie podpiera\u0142 tym co mog\u0142em zaobserwowa\u0107 spotykaj\u0105c si\u0119 z ta niezwyk\u0142a dziewczyn\u0105. By\u0142y to czasy, gdy w Polsce premierem by\u0142 Zbigniew Messner. <\/p>\n\n\n\n<figure class=\"wp-block-image size-large\"><img loading=\"lazy\" decoding=\"async\" width=\"1024\" height=\"644\" src=\"https:\/\/htb.com.pl\/wp-content\/uploads\/2018\/04\/Maria-Kos-1024x644.jpg\" alt=\"\" class=\"wp-image-767\" srcset=\"https:\/\/htb.com.pl\/wp-content\/uploads\/2018\/04\/Maria-Kos.jpg 1024w, https:\/\/htb.com.pl\/wp-content\/uploads\/2018\/04\/Maria-Kos-300x189.jpg 300w, https:\/\/htb.com.pl\/wp-content\/uploads\/2018\/04\/Maria-Kos-768x483.jpg 768w, https:\/\/htb.com.pl\/wp-content\/uploads\/2018\/04\/Maria-Kos-600x377.jpg 600w\" sizes=\"auto, (max-width: 1024px) 100vw, 1024px\" \/><\/figure>\n\n\n\n<p>Polska by\u0142a zad\u0142u\u017cona na oko\u0142o 34 mld. dolar\u00f3w. Dzi\u015b jak si\u0119 dobrze policzy i to co \u017ce\u015bmy z systemem emerytalnym zrobili doliczy,  nasz d\u0142ug wynosi  bilion dolar\u00f3w. Wtedy mieli\u015bmy na\u0142o\u017cone embargo przez Stany Zjednoczone i ogromne bezrobocie, kt\u00f3re podobnie jak dzisiejsze zad\u0142u\u017cenie, by\u0142o utajnione. To bezrobocie jest tu jednak kluczowe, chocia\u017c Pa\u0144stwo nigdzie o nim wzmianki nie znajdziecie, to w\u0142a\u015bnie ono sprawi\u0142o, \u017ce dzi\u015b tak liczne grono z\u0142ych polityk\u00f3w si\u0119 pojawi\u0142o. Tamta Konstytucja wszystkim prac\u0119 gwarantowa\u0142a. Ten zapis by\u0142 fikcj\u0105. Tworzono wi\u0119c fikcj\u0119  -bezrobotnych zatrudniano na etatach w urz\u0119dach i zak\u0142adach pracy, tworz\u0105c dla nich fikcyjne stanowiska. Ludzi ci nudzili si\u0119 potwornie. Wymy\u015blano im wi\u0119c r\u00f3\u017cne zaj\u0119cia, jak np. zach\u0119cano do sk\u0142adania wniosk\u00f3w racjonalizatorskich. Tu by\u0142 cyrk, kiedy\u015b o tym napisz\u0119. Najwi\u0119kszym jednak nieszcz\u0119\u015bciem, by\u0142o spo\u0142eczne dzia\u0142anie. Polega\u0142o to na tym, \u017ce si\u0119 dzia\u0142a\u0142o i za nic nie odpowiada\u0142o. Rady pracownicze, zwi\u0105zki zawodowe &#8211; to kolebki dzisiejszych polityk\u00f3w.  Na pocz\u0105tku nie stanowi\u0142o to problemu, gospodarka sobie radzi\u0142a. Wyp\u0142acano na czas wynagrodzenia, ka\u017cdy mia\u0142 zdolno\u015b\u0107 kredytow\u0105, kwit\u0142o wi\u0119c  budownictwo indywidualne, sp\u00f3\u0142dzielcze i pa\u0144stwowe. Wyp\u0142acano rodzinne,  takie dzisiejsze 500+, zach\u0119cano do kszta\u0142cenia. Szko\u0142y medyczne by\u0142y pe\u0142ne przysz\u0142ych piel\u0119gniarek, a  uczelnie medyczne kszta\u0142ci\u0142y mn\u00f3stwo lekarzy. Dzi\u015b ci ludzie s\u0105 w wieku emerytalnym, a nast\u0119pc\u00f3w nie ma. Wida\u0107 to w\u0142a\u015bnie teraz, gdy pandemia koronawirusa zaatakowa\u0142a z ogromna si\u0142\u0105 &#8211; tak \u017ale jeszcze nie by\u0142o. Ale rz\u0105dz\u0105cy inny problem maj\u0105, w\u0142a\u015bnie udaj\u0105, \u017ce si\u0119 pogodzili, cho\u0107 ju\u017c nawet nie pami\u0119taj\u0105 o co si\u0119 pok\u0142\u00f3cili. Pos\u0142owie w Sejmie udaj\u0105, \u017ce nowelizacj\u0119 bud\u017cetu uchwalaj\u0105. Niewiele o tym bud\u017cecie m\u00f3wili, ca\u0142y czas o maseczki si\u0119 k\u0142\u00f3cili. Bo nawet tu Polska si\u0119 podzieli\u0142a  i jaka\u015b cz\u0119\u015b\u0107 Polak\u00f3w wymy\u015bli\u0142a, \u017ce maseczek nie b\u0119dzie nosi\u0142a.<\/p>\n\n\n\n<p>Udawanie &#8211; to w\u0142a\u015bnie jest dzi\u015b politykowanie. Powsta\u0142o przez przyzwyczajanie do nier\u00f3bstwa. <strong>Kto\u015b kto raz za darmo pieni\u0105dze dostanie, ju\u017c na zawsze przy tym zostanie.<\/strong> To powiedzenie Marysi. Naprawd\u0119 warto o niej na blogu <a href=\"https:\/\/htb.com.pl\/?cat=4\">DATY I FAKTY<\/a> poczyta\u0107. Wypowiedzia\u0142a to w kontek\u015bcie \u00f3wczesnych bezrobotnych, kt\u00f3rych ja wtedy od normalnych pracownik\u00f3w nie odr\u00f3\u017cnia\u0142em. Dopiero wiele lat po jej \u015bmierci to zrozumia\u0142em. Gdy zobaczy\u0142em co z tych ludzi wyros\u0142o, bo to oni zwykle s\u0105 z\u0142ymi politykami. Oczywi\u015bcie nie mo\u017cna generalizowa\u0107, niew\u0105tpliwie s\u0105 dobrzy politycy. Marysia nawet ich zdefiniowa\u0142a. To ci, dla kt\u00f3rych J\u00f3zef Pi\u0142sudski jest naszym nieszcz\u0119\u015bciem. Bo dop\u00f3ki Polska na jego &#8220;geniuszu&#8221; b\u0119dzie si\u0119 wzorowa\u0142a i kult jednostki jako wz\u00f3r rz\u0105dzenia b\u0119dzie stosowa\u0142a, zawsze od reszty Europy b\u0119dzie odstawa\u0142a. Bo ca\u0142a Europa o takiej formie rz\u0105dzenia dawno zapomnia\u0142a. Oni widz\u0105 nasz problem i bardzo by chcieli, \u017ceby\u015bmy i my go dojrzeli i czym jest praworz\u0105dno\u015b\u0107 zrozumieli.<\/p>\n\n\n\n<p>Wida\u0107 to w\u0142a\u015bnie teraz. Rz\u0105d i opozycja niczym si\u0119 nie r\u00f3\u017cni\u0105, ich wsp\u00f3lnym mianownikiem jest bowiem to, co opisa\u0142em. Tacy ludzie w tak trudnych czasach sobie nie poradz\u0105. Chyba, \u017ce  Ursula von der Leyen i V\u011bra Jourov\u00e1, kolejny raz ale teraz unijne pieni\u0105dze im dadz\u0105. W\u0142a\u015bnie trwa dyskusja jak to zrobi\u0107, \u017ceby g\u0142upot nie narobi\u0107. Z praworz\u0105dno\u015bci\u0105 powi\u0105za\u0107 \u017ale &#8211; rz\u0105d si\u0119 wy\u017cywi, my nie. Da\u0107 nam pomijaj\u0105c rz\u0105dz\u0105cych, nie ma jak.<\/p>\n\n\n\n<p>Kogo\u015b mo\u017ce oburza\u0107 to co napisa\u0142em &#8211; mam prawo i teraz to wyja\u015bni\u0119. Ja Marysi\u0119 zna\u0142em i bardzo j\u0105 kocha\u0142em, nie mog\u0142em si\u0119 pogodzi\u0107 z jej \u015bmierci\u0105 ale w ko\u0144cu musia\u0142em. Dorotk\u0119 pozna\u0142em i w  przedostatnim dniu 1989 oku \u015blub bra\u0142em. Postanowi\u0142em jednak, \u017ce zanim z\u0142o\u017ce przysi\u0119g\u0119,  co\u015b sprawdz\u0119. W grudniu do Portu Gdynia mia\u0142 przyp\u0142yn\u0105\u0107 statek z elementami do jednego z dw\u00f3ch \u017carnowieckich reaktor\u00f3w. Co\u015b mi m\u00f3wi\u0142o, \u017ce musz\u0119 tam by\u0107. Zrobi\u0142em karty pracy i tradycyjnie wzi\u0105\u0142em kilka dni urlopu. Dyrektor sam zaproponowa\u0142, \u017ce mog\u0119 wzi\u0105\u0107 tydzie\u0144, przecie\u017c w kr\u00f3tce bra\u0142em \u015blub. Orkiestr\u0119 na wesele dogada\u0142em i do Gdyni pojecha\u0142em. Chcia\u0142em ostatni raz popatrze\u0107 na \u015bwiat Marysi i upewni\u0107 si\u0119, \u017ce jej ju\u017c tam nie ma. Te elementy, kt\u00f3re przyp\u0142yn\u0119\u0142y, by\u0142y dla niej bardzo wa\u017cne. To by\u0142 rdze\u0144 reaktora &#8211; na placu budowy, czeka\u0142y ju\u017c dwie obudowy. <img loading=\"lazy\" decoding=\"async\" width=\"150\" height=\"83\" class=\"wp-image-31282\" style=\"width: 150px;\" src=\"https:\/\/htb.com.pl\/wp-content\/uploads\/2020\/10\/Kl\u0119ska.jpg\" alt=\"\" srcset=\"https:\/\/htb.com.pl\/wp-content\/uploads\/2020\/10\/Kl\u0119ska.jpg 800w, https:\/\/htb.com.pl\/wp-content\/uploads\/2020\/10\/Kl\u0119ska-300x167.jpg 300w, https:\/\/htb.com.pl\/wp-content\/uploads\/2020\/10\/Kl\u0119ska-768x427.jpg 768w, https:\/\/htb.com.pl\/wp-content\/uploads\/2020\/10\/Kl\u0119ska-600x334.jpg 600w\" sizes=\"auto, (max-width: 150px) 100vw, 150px\" \/>  W Tr\u00f3jmie\u015bcie by\u0142y ogromne demonstracje przeciwnik\u00f3w budowy EJ\u017b &#8211; nawet g\u0142od\u00f3wka. 14 grudnia transport mia\u0142 wyruszy\u0107 z portu. Ja zauwa\u017cy\u0142em, \u017ce s\u0105 tacy, co broni\u0105 EJ\u017b, chcia\u0142em ich zobaczy\u0107 z bliska, to byli budowla\u0144cy EJ\u017b. Przez chwil\u0119  mia\u0142em dziwne my\u015bli, przysz\u0142o mi do g\u0142owy, \u017ce dowodzi nimi Majka. Podszed\u0142em bli\u017cej i nagle kto\u015b krzykn\u0105\u0142 &#8211; Marysia, Marysia!!! Naprawd\u0119 dziwnie si\u0119 poczu\u0142em, bo to do mnie krzyczeli. Strasznie si\u0119 w\u015bciekli jak si\u0119 dowiedzieli, \u017ce major  Mari nie \u017cyje. W ruch posz\u0142y pi\u0119\u015bci. Kilku demonstrant\u00f3w oberwa\u0142o. Mnie si\u0119 uda\u0142o, nikomu nie za&#8230;a\u0142em, sam prawie nie dosta\u0142em i mnie nie spisali ale na smutno \u017ce\u015bmy si\u0119 po\u017cegnali.<\/p>\n\n\n\n<p>Co\u015b jednak z tego zosta\u0142o. Kilka lat p\u00f3\u017aniej, w internecie odnalaz\u0142 mnie jeden z uczestnik\u00f3w tamtej  bijatyki. Napisa\u0142 co\u015b, co mnie za\u0142ama\u0142o, bo si\u0119 okaza\u0142o, \u017ce rz\u0105d Tadeusza Mazowieckiego, niszcz\u0105c nasz program energetyki j\u0105drowej, zrobi\u0142 cos nieprawdopodobnego. Wzorem psa ogrodnika w obudowach naszych  reaktor\u00f3w powiercono ko\u0142nierze, \u017ceby nikt nie m\u00f3g\u0142 ich uruchomi\u0107. Wiedzia\u0142em, \u017ce jeden W\u0119grzy kupili i s\u0142u\u017cy do cel\u00f3w dydaktycznych, drugi za\u015b kupili Finowie &#8211; zak\u0142ada\u0142em, \u017ce go uruchomili. Tu dodam, \u017ce w cenie z\u0142omu kupili, a Polacy miliard dolar\u00f3w w ten interes wdupili.  <\/p>\n\n\n\n<p>Tak to po grubej kresce Polsk\u0119 \u017ce\u015bmy zaczynali, co\u015b mi si\u0119 jednak zdaje, \u017ce wkr\u00f3tce now\u0105 kresk\u0119 b\u0119dziemy rysowali.<\/p>\n\n\n\n<figure class=\"wp-block-image size-large\"><img loading=\"lazy\" decoding=\"async\" width=\"788\" height=\"444\" src=\"https:\/\/htb.com.pl\/wp-content\/uploads\/2020\/10\/Na-czarno-DOBRY.jpg\" alt=\"\" class=\"wp-image-31278\" srcset=\"https:\/\/htb.com.pl\/wp-content\/uploads\/2020\/10\/Na-czarno-DOBRY.jpg 788w, https:\/\/htb.com.pl\/wp-content\/uploads\/2020\/10\/Na-czarno-DOBRY-300x169.jpg 300w, https:\/\/htb.com.pl\/wp-content\/uploads\/2020\/10\/Na-czarno-DOBRY-768x433.jpg 768w, https:\/\/htb.com.pl\/wp-content\/uploads\/2020\/10\/Na-czarno-DOBRY-600x338.jpg 600w\" sizes=\"auto, (max-width: 788px) 100vw, 788px\" \/><\/figure>\n","protected":false},"excerpt":{"rendered":"<p>Cz\u0119sto zadajemy sobie pytanie &#8211; sk\u0105d bior\u0105 si\u0119 tak \u017ali politycy. Zwykle pada ono w kontek\u015bcie potwornych b\u0142\u0119d\u00f3w, jakie ci ludzie pope\u0142niaj\u0105. Spr\u00f3bujmy to przeanalizowa\u0107 ale tym razem z mojej perspektywy, a nie Marysi (wcze\u015bniejsze wpisy). B\u0119d\u0119 si\u0119 jedynie podpiera\u0142 tym co mog\u0142em zaobserwowa\u0107 spotykaj\u0105c si\u0119 z ta niezwyk\u0142a dziewczyn\u0105. By\u0142y to czasy, gdy w [&hellip;]<\/p>\n","protected":false},"author":1,"featured_media":31282,"comment_status":"open","ping_status":"open","sticky":false,"template":"","format":"standard","meta":{"_jetpack_memberships_contains_paid_content":false,"footnotes":""},"categories":[4],"tags":[666],"class_list":["post-31209","post","type-post","status-publish","format-standard","has-post-thumbnail","hentry","category-daty-i-fakty-blog","tag-politycy-atom"],"jetpack_sharing_enabled":true,"jetpack_featured_media_url":"https:\/\/htb.com.pl\/wp-content\/uploads\/2020\/10\/Kl\u0119ska.jpg","_links":{"self":[{"href":"https:\/\/htb.com.pl\/index.php?rest_route=\/wp\/v2\/posts\/31209","targetHints":{"allow":["GET"]}}],"collection":[{"href":"https:\/\/htb.com.pl\/index.php?rest_route=\/wp\/v2\/posts"}],"about":[{"href":"https:\/\/htb.com.pl\/index.php?rest_route=\/wp\/v2\/types\/post"}],"author":[{"embeddable":true,"href":"https:\/\/htb.com.pl\/index.php?rest_route=\/wp\/v2\/users\/1"}],"replies":[{"embeddable":true,"href":"https:\/\/htb.com.pl\/index.php?rest_route=%2Fwp%2Fv2%2Fcomments&post=31209"}],"version-history":[{"count":24,"href":"https:\/\/htb.com.pl\/index.php?rest_route=\/wp\/v2\/posts\/31209\/revisions"}],"predecessor-version":[{"id":31342,"href":"https:\/\/htb.com.pl\/index.php?rest_route=\/wp\/v2\/posts\/31209\/revisions\/31342"}],"wp:featuredmedia":[{"embeddable":true,"href":"https:\/\/htb.com.pl\/index.php?rest_route=\/wp\/v2\/media\/31282"}],"wp:attachment":[{"href":"https:\/\/htb.com.pl\/index.php?rest_route=%2Fwp%2Fv2%2Fmedia&parent=31209"}],"wp:term":[{"taxonomy":"category","embeddable":true,"href":"https:\/\/htb.com.pl\/index.php?rest_route=%2Fwp%2Fv2%2Fcategories&post=31209"},{"taxonomy":"post_tag","embeddable":true,"href":"https:\/\/htb.com.pl\/index.php?rest_route=%2Fwp%2Fv2%2Ftags&post=31209"}],"curies":[{"name":"wp","href":"https:\/\/api.w.org\/{rel}","templated":true}]}}